{"id":43206,"date":"2012-09-10T12:00:02","date_gmt":"2012-09-10T15:00:02","guid":{"rendered":"http:\/\/www.agrund.com\/?p=43206"},"modified":"2012-09-10T12:00:02","modified_gmt":"2012-09-10T15:00:02","slug":"puma-e-alexander-mcqueen-firmam-parceria","status":"publish","type":"post","link":"https:\/\/agrund.com\/index.php\/puma-e-alexander-mcqueen-firmam-parceria\/","title":{"rendered":"Puma e Alexander McQueen firmam parceria"},"content":{"rendered":"<p>A Puma e o estilista Alexander McQueen v\u00e3o fazer seus p\u00e9s ficarem mais\u00a0do que fashion neste inverno 2012. Eles firmaram parceria para o\u00a0lan\u00e7amento de dois modelos de t\u00eanis: o Joust e o Street Climb Mid. O\u00a0primeiro est\u00e1 dispon\u00edvel em nas vers\u00f5es met\u00e1lica, vermelha e a\u00a0revestida com p\u00ealos de cavalo. J\u00e1 o segundo modelo s\u00f3 tem na vers\u00e3o\u00a0preta. Todos os t\u00eanis t\u00eam acabamento artesanal e s\u00e3o feitos de couro.\u00a0Os pre\u00e7os ficam entre US$ 250 e US$ 395.<\/p>\n<div id=\"attachment_43241\" style=\"width: 568px\" class=\"wp-caption aligncenter\"><a class=\"lightbox\" title=\"Moda Masculina :: Puma e Alexander McQueen firmam parceria\" href=\"https:\/\/i0.wp.com\/www.agrund.com\/wp-content\/uploads\/2012\/09\/tenis-amq4.jpg\"><img aria-describedby=\"caption-attachment-43241\" decoding=\"async\" loading=\"lazy\" class=\" wp-image-43241 \" title=\"Moda Masculina :: Puma e Alexander McQueen firmam parceria\" src=\"https:\/\/i0.wp.com\/www.agrund.com\/wp-content\/uploads\/2012\/09\/tenis-amq4.jpg?resize=558%2C371\" alt=\"Moda Masculina :: Puma e Alexander McQueen firmam parceria\" width=\"558\" height=\"371\" data-recalc-dims=\"1\" \/><\/a><p id=\"caption-attachment-43241\" class=\"wp-caption-text\">Moda Masculina :: Puma e Alexander McQueen firmam parceria<\/p><\/div>\n<div id=\"attachment_43240\" style=\"width: 568px\" class=\"wp-caption aligncenter\"><a class=\"lightbox\" title=\"Moda Masculina :: Puma e Alexander McQueen firmam parceria\" href=\"https:\/\/i0.wp.com\/www.agrund.com\/wp-content\/uploads\/2012\/09\/tenis-amq3.jpg\"><img aria-describedby=\"caption-attachment-43240\" decoding=\"async\" loading=\"lazy\" class=\" wp-image-43240 \" title=\"Moda Masculina :: Puma e Alexander McQueen firmam parceria\" src=\"https:\/\/i0.wp.com\/www.agrund.com\/wp-content\/uploads\/2012\/09\/tenis-amq3.jpg?resize=558%2C371\" alt=\"Moda Masculina :: Puma e Alexander McQueen firmam parceria\" width=\"558\" height=\"371\" data-recalc-dims=\"1\" \/><\/a><p id=\"caption-attachment-43240\" class=\"wp-caption-text\">Moda Masculina :: Puma e Alexander McQueen firmam parceria<\/p><\/div>\n<div id=\"attachment_43239\" style=\"width: 568px\" class=\"wp-caption aligncenter\"><a class=\"lightbox\" title=\"Moda Masculina :: Puma e Alexander McQueen firmam parceria\" href=\"https:\/\/i0.wp.com\/www.agrund.com\/wp-content\/uploads\/2012\/09\/tenis-amq2.jpg\"><img aria-describedby=\"caption-attachment-43239\" decoding=\"async\" loading=\"lazy\" class=\" wp-image-43239 \" title=\"Moda Masculina :: Puma e Alexander McQueen firmam parceria\" src=\"https:\/\/i0.wp.com\/www.agrund.com\/wp-content\/uploads\/2012\/09\/tenis-amq2.jpg?resize=558%2C371\" alt=\"Moda Masculina :: Puma e Alexander McQueen firmam parceria\" width=\"558\" height=\"371\" data-recalc-dims=\"1\" \/><\/a><p id=\"caption-attachment-43239\" class=\"wp-caption-text\">Moda Masculina :: Puma e Alexander McQueen firmam parceria<\/p><\/div>\n<div id=\"attachment_43242\" style=\"width: 568px\" class=\"wp-caption aligncenter\"><a class=\"lightbox\" title=\"Moda Masculina :: Puma e Alexander McQueen firmam parceria\" href=\"https:\/\/i0.wp.com\/www.agrund.com\/wp-content\/uploads\/2012\/09\/tenis-amq6.jpg\"><img aria-describedby=\"caption-attachment-43242\" decoding=\"async\" loading=\"lazy\" class=\" wp-image-43242 \" title=\"Moda Masculina :: Puma e Alexander McQueen firmam parceria\" src=\"https:\/\/i0.wp.com\/www.agrund.com\/wp-content\/uploads\/2012\/09\/tenis-amq6.jpg?resize=558%2C371\" alt=\"Moda Masculina :: Puma e Alexander McQueen firmam parceria\" width=\"558\" height=\"371\" data-recalc-dims=\"1\" \/><\/a><p id=\"caption-attachment-43242\" class=\"wp-caption-text\">Moda Masculina :: Puma e Alexander McQueen firmam parceria<\/p><\/div>\n<p>Imagens por Reprodu\u00e7\u00e3o.<\/p>\n<p>&nbsp;<\/p>\n","protected":false},"excerpt":{"rendered":"<p>A Puma e o estilista Alexander McQueen v\u00e3o fazer seus p\u00e9s ficarem mais\u00a0do que fashion neste inverno 2012. Eles firmaram parceria para o\u00a0lan\u00e7amento de dois modelos de t\u00eanis: o Joust e o Street Climb Mid. O\u00a0primeiro est\u00e1 dispon\u00edvel em nas vers\u00f5es met\u00e1lica, vermelha e a\u00a0revestida com p\u00ealos de cavalo. J\u00e1 o segundo modelo s\u00f3 tem [&hellip;]<\/p>\n","protected":false},"author":8,"featured_media":43238,"comment_status":"open","ping_status":"open","sticky":false,"template":"","format":"standard","meta":{"jetpack_post_was_ever_published":false,"_jetpack_newsletter_access":"","jetpack_publicize_message":"","jetpack_is_tweetstorm":false,"jetpack_publicize_feature_enabled":true,"jetpack_social_post_already_shared":false,"jetpack_social_options":{"image_generator_settings":{"template":"highway","enabled":false}}},"categories":[6],"tags":[],"jetpack_publicize_connections":[],"jetpack_featured_media_url":"","jetpack_sharing_enabled":true,"jetpack_shortlink":"https:\/\/wp.me\/p3Hz0n-beS","jetpack_likes_enabled":true,"_links":{"self":[{"href":"https:\/\/agrund.com\/index.php\/wp-json\/wp\/v2\/posts\/43206"}],"collection":[{"href":"https:\/\/agrund.com\/index.php\/wp-json\/wp\/v2\/posts"}],"about":[{"href":"https:\/\/agrund.com\/index.php\/wp-json\/wp\/v2\/types\/post"}],"author":[{"embeddable":true,"href":"https:\/\/agrund.com\/index.php\/wp-json\/wp\/v2\/users\/8"}],"replies":[{"embeddable":true,"href":"https:\/\/agrund.com\/index.php\/wp-json\/wp\/v2\/comments?post=43206"}],"version-history":[{"count":0,"href":"https:\/\/agrund.com\/index.php\/wp-json\/wp\/v2\/posts\/43206\/revisions"}],"wp:featuredmedia":[{"embeddable":true,"href":"https:\/\/agrund.com\/index.php\/wp-json\/"}],"wp:attachment":[{"href":"https:\/\/agrund.com\/index.php\/wp-json\/wp\/v2\/media?parent=43206"}],"wp:term":[{"taxonomy":"category","embeddable":true,"href":"https:\/\/agrund.com\/index.php\/wp-json\/wp\/v2\/categories?post=43206"},{"taxonomy":"post_tag","embeddable":true,"href":"https:\/\/agrund.com\/index.php\/wp-json\/wp\/v2\/tags?post=43206"}],"curies":[{"name":"wp","href":"https:\/\/api.w.org\/{rel}","templated":true}]}}