{"id":43200,"date":"2012-09-10T11:00:37","date_gmt":"2012-09-10T14:00:37","guid":{"rendered":"http:\/\/www.agrund.com\/?p=43200"},"modified":"2012-09-10T11:00:37","modified_gmt":"2012-09-10T14:00:37","slug":"cassia-tabatiani-e-suas-fotos-de-moda-masculina","status":"publish","type":"post","link":"https:\/\/agrund.com\/index.php\/cassia-tabatiani-e-suas-fotos-de-moda-masculina\/","title":{"rendered":"C\u00e1ssia Tabatini e suas fotos de moda masculina"},"content":{"rendered":"<p>Formada em Comunica\u00e7\u00e3o Visual na Funda\u00e7\u00e3o Armando \u00c1lvares Penteado (FAAP), C\u00e1ssia Tabatini mudou-se para Londres, onde cursou Fotografia na Central St Martins. Especialista em fotografia de moda masculina, j\u00e1 trabalhou em diversos segmentos das artes, moda, m\u00fasica e fez assist\u00eancia para fot\u00f3grafos de moda como Sandra Freij. Hoje seus trabalhos s\u00e3o publicados na Europa e Brasil. No velho continente, j\u00e1 trabalhou com David St John James ( Another magazine e Port), Jean Marc Masala (LOVE magazine), Lara Ferros( Dazed &amp; Confused), entre\u00a0outros.<\/p>\n<p>Radicada em Londres e trabalhando por l\u00e1 durante 13 anos, agora ela\u00a0vive no Brasil, representada tamb\u00e9m pela galeria Lume Photos. Veja um\u00a0pouco do trabalho de C\u00e1ssia!<\/p>\n<div id=\"attachment_43335\" style=\"width: 610px\" class=\"wp-caption aligncenter\"><a class=\"lightbox\" title=\"C\u00e1ssia Tabatiani e suas fotos de moda masculina\" href=\"https:\/\/i0.wp.com\/www.agrund.com\/wp-content\/uploads\/2012\/09\/53.jpg\"><img aria-describedby=\"caption-attachment-43335\" decoding=\"async\" loading=\"lazy\" class=\"size-full wp-image-43335\" title=\"C\u00e1ssia Tabatiani e suas fotos de moda masculina\" src=\"https:\/\/i0.wp.com\/www.agrund.com\/wp-content\/uploads\/2012\/09\/53.jpg?resize=600%2C344\" alt=\"C\u00e1ssia Tabatiani e suas fotos de moda masculina\" width=\"600\" height=\"344\" data-recalc-dims=\"1\" \/><\/a><p id=\"caption-attachment-43335\" class=\"wp-caption-text\">Moda Masculina :: C\u00e1ssia Tabatini e suas fotos de moda masculina<\/p><\/div>\n<div id=\"attachment_43339\" style=\"width: 610px\" class=\"wp-caption aligncenter\"><a class=\"lightbox\" title=\"C\u00e1ssia Tabatiani e suas fotos de moda masculina\" href=\"https:\/\/i0.wp.com\/www.agrund.com\/wp-content\/uploads\/2012\/09\/12.jpg\"><img aria-describedby=\"caption-attachment-43339\" decoding=\"async\" loading=\"lazy\" class=\"size-full wp-image-43339\" title=\"C\u00e1ssia Tabatiani e suas fotos de moda masculina\" src=\"https:\/\/i0.wp.com\/www.agrund.com\/wp-content\/uploads\/2012\/09\/12.jpg?resize=600%2C342\" alt=\"C\u00e1ssia Tabatiani e suas fotos de moda masculina\" width=\"600\" height=\"342\" data-recalc-dims=\"1\" \/><\/a><p id=\"caption-attachment-43339\" class=\"wp-caption-text\">Moda Masculina :: C\u00e1ssia Tabatini e suas fotos de moda masculina<\/p><\/div>\n<div id=\"attachment_43337\" style=\"width: 610px\" class=\"wp-caption aligncenter\"><a class=\"lightbox\" title=\"C\u00e1ssia Tabatiani e suas fotos de moda masculina\" href=\"https:\/\/i0.wp.com\/www.agrund.com\/wp-content\/uploads\/2012\/09\/32.jpg\"><img aria-describedby=\"caption-attachment-43337\" decoding=\"async\" loading=\"lazy\" class=\"size-full wp-image-43337\" title=\"C\u00e1ssia Tabatiani e suas fotos de moda masculina\" src=\"https:\/\/i0.wp.com\/www.agrund.com\/wp-content\/uploads\/2012\/09\/32.jpg?resize=600%2C342\" alt=\"C\u00e1ssia Tabatiani e suas fotos de moda masculina\" width=\"600\" height=\"342\" data-recalc-dims=\"1\" \/><\/a><p id=\"caption-attachment-43337\" class=\"wp-caption-text\">Moda Masculina :: C\u00e1ssia Tabatini e suas fotos de moda masculina<\/p><\/div>\n<div id=\"attachment_43336\" style=\"width: 610px\" class=\"wp-caption aligncenter\"><a class=\"lightbox\" title=\"C\u00e1ssia Tabatiani e suas fotos de moda masculina\" href=\"https:\/\/i0.wp.com\/www.agrund.com\/wp-content\/uploads\/2012\/09\/21.jpg\"><img aria-describedby=\"caption-attachment-43336\" decoding=\"async\" loading=\"lazy\" class=\"size-full wp-image-43336\" title=\"C\u00e1ssia Tabatiani e suas fotos de moda masculina\" src=\"https:\/\/i0.wp.com\/www.agrund.com\/wp-content\/uploads\/2012\/09\/21.jpg?resize=600%2C343\" alt=\"C\u00e1ssia Tabatiani e suas fotos de moda masculina\" width=\"600\" height=\"343\" data-recalc-dims=\"1\" \/><\/a><p id=\"caption-attachment-43336\" class=\"wp-caption-text\">Moda Masculina :: C\u00e1ssia Tabatini e suas fotos de moda masculina<\/p><\/div>\n<div id=\"attachment_43338\" style=\"width: 610px\" class=\"wp-caption aligncenter\"><a class=\"lightbox\" title=\"C\u00e1ssia Tabatiani e suas fotos de moda masculina\" href=\"https:\/\/i0.wp.com\/www.agrund.com\/wp-content\/uploads\/2012\/09\/42.jpg\"><img aria-describedby=\"caption-attachment-43338\" decoding=\"async\" loading=\"lazy\" class=\"size-full wp-image-43338\" title=\"C\u00e1ssia Tabatiani e suas fotos de moda masculina\" src=\"https:\/\/i0.wp.com\/www.agrund.com\/wp-content\/uploads\/2012\/09\/42.jpg?resize=600%2C343\" alt=\"C\u00e1ssia Tabatiani e suas fotos de moda masculina\" width=\"600\" height=\"343\" data-recalc-dims=\"1\" \/><\/a><p id=\"caption-attachment-43338\" class=\"wp-caption-text\">Moda Masculina :: C\u00e1ssia Tabatini e suas fotos de moda masculina<\/p><\/div>\n<p>Imagens por Reprodu\u00e7\u00e3o.<\/p>\n<p>&nbsp;<\/p>\n","protected":false},"excerpt":{"rendered":"<p>Formada em Comunica\u00e7\u00e3o Visual na Funda\u00e7\u00e3o Armando \u00c1lvares Penteado (FAAP), C\u00e1ssia Tabatini mudou-se para Londres, onde cursou Fotografia na Central St Martins. Especialista em fotografia de moda masculina, j\u00e1 trabalhou em diversos segmentos das artes, moda, m\u00fasica e fez assist\u00eancia para fot\u00f3grafos de moda como Sandra Freij. Hoje seus trabalhos s\u00e3o publicados na Europa e [&hellip;]<\/p>\n","protected":false},"author":8,"featured_media":43340,"comment_status":"open","ping_status":"open","sticky":false,"template":"","format":"standard","meta":{"jetpack_post_was_ever_published":false,"_jetpack_newsletter_access":"","jetpack_publicize_message":"","jetpack_is_tweetstorm":false,"jetpack_publicize_feature_enabled":true,"jetpack_social_post_already_shared":false,"jetpack_social_options":{"image_generator_settings":{"template":"highway","enabled":false}}},"categories":[6],"tags":[],"jetpack_publicize_connections":[],"jetpack_featured_media_url":"","jetpack_sharing_enabled":true,"jetpack_shortlink":"https:\/\/wp.me\/p3Hz0n-beM","jetpack_likes_enabled":true,"_links":{"self":[{"href":"https:\/\/agrund.com\/index.php\/wp-json\/wp\/v2\/posts\/43200"}],"collection":[{"href":"https:\/\/agrund.com\/index.php\/wp-json\/wp\/v2\/posts"}],"about":[{"href":"https:\/\/agrund.com\/index.php\/wp-json\/wp\/v2\/types\/post"}],"author":[{"embeddable":true,"href":"https:\/\/agrund.com\/index.php\/wp-json\/wp\/v2\/users\/8"}],"replies":[{"embeddable":true,"href":"https:\/\/agrund.com\/index.php\/wp-json\/wp\/v2\/comments?post=43200"}],"version-history":[{"count":0,"href":"https:\/\/agrund.com\/index.php\/wp-json\/wp\/v2\/posts\/43200\/revisions"}],"wp:featuredmedia":[{"embeddable":true,"href":"https:\/\/agrund.com\/index.php\/wp-json\/"}],"wp:attachment":[{"href":"https:\/\/agrund.com\/index.php\/wp-json\/wp\/v2\/media?parent=43200"}],"wp:term":[{"taxonomy":"category","embeddable":true,"href":"https:\/\/agrund.com\/index.php\/wp-json\/wp\/v2\/categories?post=43200"},{"taxonomy":"post_tag","embeddable":true,"href":"https:\/\/agrund.com\/index.php\/wp-json\/wp\/v2\/tags?post=43200"}],"curies":[{"name":"wp","href":"https:\/\/api.w.org\/{rel}","templated":true}]}}