{"id":42845,"date":"2012-09-06T16:00:31","date_gmt":"2012-09-06T19:00:31","guid":{"rendered":"http:\/\/www.agrund.com\/?p=42845"},"modified":"2012-09-06T16:00:31","modified_gmt":"2012-09-06T19:00:31","slug":"guilhermina-preview-primaveraverao-2013","status":"publish","type":"post","link":"https:\/\/agrund.com\/index.php\/guilhermina-preview-primaveraverao-2013\/","title":{"rendered":"Guilhermina :: Preview Primavera\/Ver\u00e3o 2013"},"content":{"rendered":"<p>Para o seu Ver\u00e3o 2013, a Guilhermina redescobre o Brasil e busca\u00a0inspira\u00e7\u00e3o em suas belezas naturais. A equipe de estilo coordenada por\u00a0Natalia Hubner apostou em uma paleta de cores que abrange desde os\u00a0tons naturais aos mais vibrantes, permeando o verde menta, lima claro,\u00a0branco, rosa ballet, rosa flamingo, vermelho intenso, azul real, tan,\u00a0tabaco e preto.<\/p>\n<p>A mulher Guilhermina poder\u00e1 escolher entre os modelos alt\u00edssimos e a\u00a0meia-pata, \u00edcone da marca, e saltos mais grossos. Rasteiras e<br \/>\nsapatilhas delicadas fazem refer\u00eancia ao mar com adornos em formato de\u00a0estrelas-do-mar, conchas e p\u00e9rolas.<br \/>\nOs materiais utilizados nesta cole\u00e7\u00e3o foram a napa, de qualidade e\u00a0caimento impec\u00e1veis, os suedes macios, o verniz, o l\u00e9zard, a palha, a<br \/>\ncorda e a renda, al\u00e9m de tecidos italianos, vinil e p\u00edton leg\u00edtimo.<\/p>\n<div id=\"attachment_42857\" style=\"width: 510px\" class=\"wp-caption aligncenter\"><a class=\"lightbox\" title=\"Guilhermina :: Preview Primavera\/Ver\u00e3o 2013\" href=\"https:\/\/i0.wp.com\/www.agrund.com\/wp-content\/uploads\/2012\/09\/DSC_4728.jpg\"><img aria-describedby=\"caption-attachment-42857\" decoding=\"async\" loading=\"lazy\" class=\"size-full wp-image-42857\" title=\"Guilhermina :: Preview Primavera\/Ver\u00e3o 2013\" src=\"https:\/\/i0.wp.com\/www.agrund.com\/wp-content\/uploads\/2012\/09\/DSC_4728.jpg?resize=500%2C333\" alt=\"Guilhermina :: Preview Primavera\/Ver\u00e3o 2013\" width=\"500\" height=\"333\" data-recalc-dims=\"1\" \/><\/a><p id=\"caption-attachment-42857\" class=\"wp-caption-text\">Guilhermina :: Preview Primavera\/Ver\u00e3o 2013<\/p><\/div>\n<div id=\"attachment_42856\" style=\"width: 510px\" class=\"wp-caption aligncenter\"><a class=\"lightbox\" title=\"Guilhermina :: Preview Primavera\/Ver\u00e3o 2013\" href=\"https:\/\/i0.wp.com\/www.agrund.com\/wp-content\/uploads\/2012\/09\/DSC_4640.jpg\"><img aria-describedby=\"caption-attachment-42856\" decoding=\"async\" loading=\"lazy\" class=\"size-full wp-image-42856\" title=\"Guilhermina :: Preview Primavera\/Ver\u00e3o 2013\" src=\"https:\/\/i0.wp.com\/www.agrund.com\/wp-content\/uploads\/2012\/09\/DSC_4640.jpg?resize=500%2C333\" alt=\"Guilhermina :: Preview Primavera\/Ver\u00e3o 2013\" width=\"500\" height=\"333\" data-recalc-dims=\"1\" \/><\/a><p id=\"caption-attachment-42856\" class=\"wp-caption-text\">Guilhermina :: Preview Primavera\/Ver\u00e3o 2013<\/p><\/div>\n<div id=\"attachment_42855\" style=\"width: 510px\" class=\"wp-caption aligncenter\"><a class=\"lightbox\" title=\"Guilhermina :: Preview Primavera\/Ver\u00e3o 2013\" href=\"https:\/\/i0.wp.com\/www.agrund.com\/wp-content\/uploads\/2012\/09\/DSC_4635.jpg\"><img aria-describedby=\"caption-attachment-42855\" decoding=\"async\" loading=\"lazy\" class=\"size-full wp-image-42855\" title=\"Guilhermina :: Preview Primavera\/Ver\u00e3o 2013\" src=\"https:\/\/i0.wp.com\/www.agrund.com\/wp-content\/uploads\/2012\/09\/DSC_4635.jpg?resize=500%2C333\" alt=\"Guilhermina :: Preview Primavera\/Ver\u00e3o 2013\" width=\"500\" height=\"333\" data-recalc-dims=\"1\" \/><\/a><p id=\"caption-attachment-42855\" class=\"wp-caption-text\">Guilhermina :: Preview Primavera\/Ver\u00e3o 2013<\/p><\/div>\n<div id=\"attachment_42854\" style=\"width: 510px\" class=\"wp-caption aligncenter\"><a class=\"lightbox\" title=\"Guilhermina :: Preview Primavera\/Ver\u00e3o 2013\" href=\"https:\/\/i0.wp.com\/www.agrund.com\/wp-content\/uploads\/2012\/09\/DSC_4590.jpg\"><img aria-describedby=\"caption-attachment-42854\" decoding=\"async\" loading=\"lazy\" class=\"size-full wp-image-42854\" title=\"Guilhermina :: Preview Primavera\/Ver\u00e3o 2013\" src=\"https:\/\/i0.wp.com\/www.agrund.com\/wp-content\/uploads\/2012\/09\/DSC_4590.jpg?resize=500%2C333\" alt=\"Guilhermina :: Preview Primavera\/Ver\u00e3o 2013\" width=\"500\" height=\"333\" data-recalc-dims=\"1\" \/><\/a><p id=\"caption-attachment-42854\" class=\"wp-caption-text\">Guilhermina :: Preview Primavera\/Ver\u00e3o 2013<\/p><\/div>\n<div id=\"attachment_42853\" style=\"width: 510px\" class=\"wp-caption aligncenter\"><a class=\"lightbox\" title=\"Guilhermina :: Preview Primavera\/Ver\u00e3o 2013\" href=\"https:\/\/i0.wp.com\/www.agrund.com\/wp-content\/uploads\/2012\/09\/DSC_4556.jpg\"><img aria-describedby=\"caption-attachment-42853\" decoding=\"async\" loading=\"lazy\" class=\"size-full wp-image-42853\" title=\"Guilhermina :: Preview Primavera\/Ver\u00e3o 2013\" src=\"https:\/\/i0.wp.com\/www.agrund.com\/wp-content\/uploads\/2012\/09\/DSC_4556.jpg?resize=500%2C333\" alt=\"Guilhermina :: Preview Primavera\/Ver\u00e3o 2013\" width=\"500\" height=\"333\" data-recalc-dims=\"1\" \/><\/a><p id=\"caption-attachment-42853\" class=\"wp-caption-text\">Guilhermina :: Preview Primavera\/Ver\u00e3o 2013<\/p><\/div>\n<div id=\"attachment_42852\" style=\"width: 510px\" class=\"wp-caption aligncenter\"><a class=\"lightbox\" title=\"Guilhermina :: Preview Primavera\/Ver\u00e3o 2013\" href=\"https:\/\/i0.wp.com\/www.agrund.com\/wp-content\/uploads\/2012\/09\/DSC_4531.jpg\"><img aria-describedby=\"caption-attachment-42852\" decoding=\"async\" loading=\"lazy\" class=\"size-full wp-image-42852\" title=\"Guilhermina :: Preview Primavera\/Ver\u00e3o 2013\" src=\"https:\/\/i0.wp.com\/www.agrund.com\/wp-content\/uploads\/2012\/09\/DSC_4531.jpg?resize=500%2C333\" alt=\"Guilhermina :: Preview Primavera\/Ver\u00e3o 2013\" width=\"500\" height=\"333\" data-recalc-dims=\"1\" \/><\/a><p id=\"caption-attachment-42852\" class=\"wp-caption-text\">Guilhermina :: Preview Primavera\/Ver\u00e3o 2013<\/p><\/div>\n<div id=\"attachment_42851\" style=\"width: 510px\" class=\"wp-caption aligncenter\"><a class=\"lightbox\" title=\"Guilhermina :: Preview Primavera\/Ver\u00e3o 2013\" href=\"https:\/\/i0.wp.com\/www.agrund.com\/wp-content\/uploads\/2012\/09\/DSC_4527.jpg\"><img aria-describedby=\"caption-attachment-42851\" decoding=\"async\" loading=\"lazy\" class=\"size-full wp-image-42851\" title=\"Guilhermina :: Preview Primavera\/Ver\u00e3o 2013\" src=\"https:\/\/i0.wp.com\/www.agrund.com\/wp-content\/uploads\/2012\/09\/DSC_4527.jpg?resize=500%2C333\" alt=\"Guilhermina :: Preview Primavera\/Ver\u00e3o 2013\" width=\"500\" height=\"333\" data-recalc-dims=\"1\" \/><\/a><p id=\"caption-attachment-42851\" class=\"wp-caption-text\">Guilhermina :: Preview Primavera\/Ver\u00e3o 2013<\/p><\/div>\n<div id=\"attachment_42850\" style=\"width: 510px\" class=\"wp-caption aligncenter\"><a class=\"lightbox\" title=\"Guilhermina :: Preview Primavera\/Ver\u00e3o 2013\" href=\"https:\/\/i0.wp.com\/www.agrund.com\/wp-content\/uploads\/2012\/09\/DSC_4515.jpg\"><img aria-describedby=\"caption-attachment-42850\" decoding=\"async\" loading=\"lazy\" class=\"size-full wp-image-42850\" title=\"Guilhermina :: Preview Primavera\/Ver\u00e3o 2013\" src=\"https:\/\/i0.wp.com\/www.agrund.com\/wp-content\/uploads\/2012\/09\/DSC_4515.jpg?resize=500%2C333\" alt=\"Guilhermina :: Preview Primavera\/Ver\u00e3o 2013\" width=\"500\" height=\"333\" data-recalc-dims=\"1\" \/><\/a><p id=\"caption-attachment-42850\" class=\"wp-caption-text\">Guilhermina :: Preview Primavera\/Ver\u00e3o 2013<\/p><\/div>\n<div id=\"attachment_42849\" style=\"width: 510px\" class=\"wp-caption aligncenter\"><a class=\"lightbox\" title=\"Guilhermina :: Preview Primavera\/Ver\u00e3o 2013\" href=\"https:\/\/i0.wp.com\/www.agrund.com\/wp-content\/uploads\/2012\/09\/DSC_4501.jpg\"><img aria-describedby=\"caption-attachment-42849\" decoding=\"async\" loading=\"lazy\" class=\"size-full wp-image-42849\" title=\"Guilhermina :: Preview Primavera\/Ver\u00e3o 2013\" src=\"https:\/\/i0.wp.com\/www.agrund.com\/wp-content\/uploads\/2012\/09\/DSC_4501.jpg?resize=500%2C333\" alt=\"Guilhermina :: Preview Primavera\/Ver\u00e3o 2013\" width=\"500\" height=\"333\" data-recalc-dims=\"1\" \/><\/a><p id=\"caption-attachment-42849\" class=\"wp-caption-text\">Guilhermina :: Preview Primavera\/Ver\u00e3o 2013<\/p><\/div>\n<div id=\"attachment_42848\" style=\"width: 510px\" class=\"wp-caption aligncenter\"><a class=\"lightbox\" title=\"Guilhermina :: Preview Primavera\/Ver\u00e3o 2013\" href=\"https:\/\/i0.wp.com\/www.agrund.com\/wp-content\/uploads\/2012\/09\/DSC_4447.jpg\"><img aria-describedby=\"caption-attachment-42848\" decoding=\"async\" loading=\"lazy\" class=\"size-full wp-image-42848\" title=\"Guilhermina :: Preview Primavera\/Ver\u00e3o 2013\" src=\"https:\/\/i0.wp.com\/www.agrund.com\/wp-content\/uploads\/2012\/09\/DSC_4447.jpg?resize=500%2C333\" alt=\"Guilhermina :: Preview Primavera\/Ver\u00e3o 2013\" width=\"500\" height=\"333\" data-recalc-dims=\"1\" \/><\/a><p id=\"caption-attachment-42848\" class=\"wp-caption-text\">Guilhermina :: Preview Primavera\/Ver\u00e3o 2013<\/p><\/div>\n<div id=\"attachment_42847\" style=\"width: 510px\" class=\"wp-caption aligncenter\"><a class=\"lightbox\" title=\"Guilhermina :: Preview Primavera\/Ver\u00e3o 2013\" href=\"https:\/\/i0.wp.com\/www.agrund.com\/wp-content\/uploads\/2012\/09\/DSC_4411.jpg\"><img aria-describedby=\"caption-attachment-42847\" decoding=\"async\" loading=\"lazy\" class=\"size-full wp-image-42847\" title=\"Guilhermina :: Preview Primavera\/Ver\u00e3o 2013\" src=\"https:\/\/i0.wp.com\/www.agrund.com\/wp-content\/uploads\/2012\/09\/DSC_4411.jpg?resize=500%2C333\" alt=\"Guilhermina :: Preview Primavera\/Ver\u00e3o 2013\" width=\"500\" height=\"333\" data-recalc-dims=\"1\" \/><\/a><p id=\"caption-attachment-42847\" class=\"wp-caption-text\">Guilhermina :: Preview Primavera\/Ver\u00e3o 2013<\/p><\/div>\n<div id=\"attachment_42846\" style=\"width: 510px\" class=\"wp-caption aligncenter\"><a class=\"lightbox\" title=\"Guilhermina :: Preview Primavera\/Ver\u00e3o 2013\" href=\"https:\/\/i0.wp.com\/www.agrund.com\/wp-content\/uploads\/2012\/09\/DSC_4408.jpg\"><img aria-describedby=\"caption-attachment-42846\" decoding=\"async\" loading=\"lazy\" class=\"size-full wp-image-42846\" title=\"Guilhermina :: Preview Primavera\/Ver\u00e3o 2013\" src=\"https:\/\/i0.wp.com\/www.agrund.com\/wp-content\/uploads\/2012\/09\/DSC_4408.jpg?resize=500%2C333\" alt=\"Guilhermina :: Preview Primavera\/Ver\u00e3o 2013\" width=\"500\" height=\"333\" data-recalc-dims=\"1\" \/><\/a><p id=\"caption-attachment-42846\" class=\"wp-caption-text\">Guilhermina :: Preview Primavera\/Ver\u00e3o 2013<\/p><\/div>\n<p>&nbsp;<\/p>\n<p>Imagens por Divulga\u00e7\u00e3o.<\/p>\n","protected":false},"excerpt":{"rendered":"<p>Para o seu Ver\u00e3o 2013, a Guilhermina redescobre o Brasil e busca\u00a0inspira\u00e7\u00e3o em suas belezas naturais. A equipe de estilo coordenada por\u00a0Natalia Hubner apostou em uma paleta de cores que abrange desde os\u00a0tons naturais aos mais vibrantes, permeando o verde menta, lima claro,\u00a0branco, rosa ballet, rosa flamingo, vermelho intenso, azul real, tan,\u00a0tabaco e preto. A [&hellip;]<\/p>\n","protected":false},"author":8,"featured_media":42858,"comment_status":"open","ping_status":"open","sticky":false,"template":"","format":"standard","meta":{"jetpack_post_was_ever_published":false,"_jetpack_newsletter_access":"","jetpack_publicize_message":"","jetpack_is_tweetstorm":false,"jetpack_publicize_feature_enabled":true,"jetpack_social_post_already_shared":false,"jetpack_social_options":{"image_generator_settings":{"template":"highway","enabled":false}}},"categories":[2],"tags":[],"jetpack_publicize_connections":[],"jetpack_featured_media_url":"","jetpack_sharing_enabled":true,"jetpack_shortlink":"https:\/\/wp.me\/p3Hz0n-b93","jetpack_likes_enabled":true,"_links":{"self":[{"href":"https:\/\/agrund.com\/index.php\/wp-json\/wp\/v2\/posts\/42845"}],"collection":[{"href":"https:\/\/agrund.com\/index.php\/wp-json\/wp\/v2\/posts"}],"about":[{"href":"https:\/\/agrund.com\/index.php\/wp-json\/wp\/v2\/types\/post"}],"author":[{"embeddable":true,"href":"https:\/\/agrund.com\/index.php\/wp-json\/wp\/v2\/users\/8"}],"replies":[{"embeddable":true,"href":"https:\/\/agrund.com\/index.php\/wp-json\/wp\/v2\/comments?post=42845"}],"version-history":[{"count":0,"href":"https:\/\/agrund.com\/index.php\/wp-json\/wp\/v2\/posts\/42845\/revisions"}],"wp:featuredmedia":[{"embeddable":true,"href":"https:\/\/agrund.com\/index.php\/wp-json\/"}],"wp:attachment":[{"href":"https:\/\/agrund.com\/index.php\/wp-json\/wp\/v2\/media?parent=42845"}],"wp:term":[{"taxonomy":"category","embeddable":true,"href":"https:\/\/agrund.com\/index.php\/wp-json\/wp\/v2\/categories?post=42845"},{"taxonomy":"post_tag","embeddable":true,"href":"https:\/\/agrund.com\/index.php\/wp-json\/wp\/v2\/tags?post=42845"}],"curies":[{"name":"wp","href":"https:\/\/api.w.org\/{rel}","templated":true}]}}