{"id":42763,"date":"2012-09-05T18:00:32","date_gmt":"2012-09-05T21:00:32","guid":{"rendered":"http:\/\/www.agrund.com\/?p=42763"},"modified":"2012-09-05T18:00:32","modified_gmt":"2012-09-05T21:00:32","slug":"capa-emma-watson-e-capa-da-glamour-us","status":"publish","type":"post","link":"https:\/\/agrund.com\/index.php\/capa-emma-watson-e-capa-da-glamour-us\/","title":{"rendered":"Capa :: Emma Watson \u00e9 capa da Glamour US"},"content":{"rendered":"<p><span style=\"font-family: Calibri;font-size: medium\">Emma Watson \u00e9 a garota da capa da revista Glamour US do m\u00eas de Outubro 2012.\u00a0<\/span><span style=\"font-family: Calibri;font-size: medium\">A atriz, que apesar de seus 22 anos ainda tem jeito de menina, mostra que carrega um estilo rom\u00e2ntico e sexy. Os cliques s\u00e3o de Alexei Hay. Confira:<\/span><\/p>\n<div>\n<div id=\"attachment_42767\" style=\"width: 560px\" class=\"wp-caption aligncenter\"><a class=\"lightbox\" title=\"Capa :: Emma Watson \u00e9 capa da Glamour US\" href=\"https:\/\/i0.wp.com\/www.agrund.com\/wp-content\/uploads\/2012\/09\/emmgla-613x840.jpg\"><img aria-describedby=\"caption-attachment-42767\" decoding=\"async\" loading=\"lazy\" class=\"size-full wp-image-42767\" title=\"Capa :: Emma Watson \u00e9 capa da Glamour US\" src=\"https:\/\/i0.wp.com\/www.agrund.com\/wp-content\/uploads\/2012\/09\/emmgla-613x840.jpg?resize=550%2C732\" alt=\"Capa :: Emma Watson \u00e9 capa da Glamour US\" width=\"550\" height=\"732\" data-recalc-dims=\"1\" \/><\/a><p id=\"caption-attachment-42767\" class=\"wp-caption-text\">Capa :: Emma Watson \u00e9 capa da Glamour US<\/p><\/div>\n<div id=\"attachment_42766\" style=\"width: 560px\" class=\"wp-caption aligncenter\"><a class=\"lightbox\" title=\"Capa :: Emma Watson \u00e9 capa da Glamour US\" href=\"https:\/\/i0.wp.com\/www.agrund.com\/wp-content\/uploads\/2012\/09\/emmgla3-605x840.jpg\"><img aria-describedby=\"caption-attachment-42766\" decoding=\"async\" loading=\"lazy\" class=\"size-full wp-image-42766\" title=\"Capa :: Emma Watson \u00e9 capa da Glamour US\" src=\"https:\/\/i0.wp.com\/www.agrund.com\/wp-content\/uploads\/2012\/09\/emmgla3-605x840.jpg?resize=550%2C744\" alt=\"Capa :: Emma Watson \u00e9 capa da Glamour US\" width=\"550\" height=\"744\" data-recalc-dims=\"1\" \/><\/a><p id=\"caption-attachment-42766\" class=\"wp-caption-text\">Capa :: Emma Watson \u00e9 capa da Glamour US<\/p><\/div>\n<div id=\"attachment_42765\" style=\"width: 560px\" class=\"wp-caption aligncenter\"><a class=\"lightbox\" title=\"Capa :: Emma Watson \u00e9 capa da Glamour US\" href=\"https:\/\/i0.wp.com\/www.agrund.com\/wp-content\/uploads\/2012\/09\/emmgla2-606x840.jpg\"><img aria-describedby=\"caption-attachment-42765\" decoding=\"async\" loading=\"lazy\" class=\"size-full wp-image-42765\" title=\"Capa :: Emma Watson \u00e9 capa da Glamour US\" src=\"https:\/\/i0.wp.com\/www.agrund.com\/wp-content\/uploads\/2012\/09\/emmgla2-606x840.jpg?resize=550%2C739\" alt=\"Capa :: Emma Watson \u00e9 capa da Glamour US\" width=\"550\" height=\"739\" data-recalc-dims=\"1\" \/><\/a><p id=\"caption-attachment-42765\" class=\"wp-caption-text\">Capa :: Emma Watson \u00e9 capa da Glamour US<\/p><\/div>\n<div id=\"attachment_42764\" style=\"width: 560px\" class=\"wp-caption aligncenter\"><a class=\"lightbox\" title=\"Capa :: Emma Watson \u00e9 capa da Glamour US\" href=\"https:\/\/i0.wp.com\/www.agrund.com\/wp-content\/uploads\/2012\/09\/emmgla1-620x431.jpg\"><img aria-describedby=\"caption-attachment-42764\" decoding=\"async\" loading=\"lazy\" class=\"size-full wp-image-42764\" title=\"Capa :: Emma Watson \u00e9 capa da Glamour US\" src=\"https:\/\/i0.wp.com\/www.agrund.com\/wp-content\/uploads\/2012\/09\/emmgla1-620x431.jpg?resize=550%2C363\" alt=\"Capa :: Emma Watson \u00e9 capa da Glamour US\" width=\"550\" height=\"363\" data-recalc-dims=\"1\" \/><\/a><p id=\"caption-attachment-42764\" class=\"wp-caption-text\">Capa :: Emma Watson \u00e9 capa da Glamour US<\/p><\/div>\n<\/div>\n<div><span style=\"font-family: Calibri;font-size: medium\">Imagens por Reprodu\u00e7\u00e3o.<\/span><\/div>\n","protected":false},"excerpt":{"rendered":"<p>Emma Watson \u00e9 a garota da capa da revista Glamour US do m\u00eas de Outubro 2012.\u00a0A atriz, que apesar de seus 22 anos ainda tem jeito de menina, mostra que carrega um estilo rom\u00e2ntico e sexy. Os cliques s\u00e3o de Alexei Hay. Confira: Imagens por Reprodu\u00e7\u00e3o.<\/p>\n","protected":false},"author":8,"featured_media":42768,"comment_status":"open","ping_status":"open","sticky":false,"template":"","format":"standard","meta":{"jetpack_post_was_ever_published":false,"_jetpack_newsletter_access":"","jetpack_publicize_message":"","jetpack_is_tweetstorm":false,"jetpack_publicize_feature_enabled":true,"jetpack_social_post_already_shared":false,"jetpack_social_options":{"image_generator_settings":{"template":"highway","enabled":false}}},"categories":[2],"tags":[],"jetpack_publicize_connections":[],"jetpack_featured_media_url":"","jetpack_sharing_enabled":true,"jetpack_shortlink":"https:\/\/wp.me\/p3Hz0n-b7J","jetpack_likes_enabled":true,"_links":{"self":[{"href":"https:\/\/agrund.com\/index.php\/wp-json\/wp\/v2\/posts\/42763"}],"collection":[{"href":"https:\/\/agrund.com\/index.php\/wp-json\/wp\/v2\/posts"}],"about":[{"href":"https:\/\/agrund.com\/index.php\/wp-json\/wp\/v2\/types\/post"}],"author":[{"embeddable":true,"href":"https:\/\/agrund.com\/index.php\/wp-json\/wp\/v2\/users\/8"}],"replies":[{"embeddable":true,"href":"https:\/\/agrund.com\/index.php\/wp-json\/wp\/v2\/comments?post=42763"}],"version-history":[{"count":0,"href":"https:\/\/agrund.com\/index.php\/wp-json\/wp\/v2\/posts\/42763\/revisions"}],"wp:featuredmedia":[{"embeddable":true,"href":"https:\/\/agrund.com\/index.php\/wp-json\/"}],"wp:attachment":[{"href":"https:\/\/agrund.com\/index.php\/wp-json\/wp\/v2\/media?parent=42763"}],"wp:term":[{"taxonomy":"category","embeddable":true,"href":"https:\/\/agrund.com\/index.php\/wp-json\/wp\/v2\/categories?post=42763"},{"taxonomy":"post_tag","embeddable":true,"href":"https:\/\/agrund.com\/index.php\/wp-json\/wp\/v2\/tags?post=42763"}],"curies":[{"name":"wp","href":"https:\/\/api.w.org\/{rel}","templated":true}]}}