{"id":4262,"date":"2011-02-08T09:06:03","date_gmt":"2011-02-08T11:06:03","guid":{"rendered":"http:\/\/www.agrund.com\/blogs\/notas\/?p=4262"},"modified":"2011-02-08T09:06:03","modified_gmt":"2011-02-08T11:06:03","slug":"converse-x-marimekko","status":"publish","type":"post","link":"https:\/\/agrund.com\/index.php\/converse-x-marimekko\/","title":{"rendered":"Converse x Marimekko"},"content":{"rendered":"<p>A Converse fez uma das parcerias mais interessantes de suas \u00faltimas cole\u00e7\u00f5es. Para a sua primavera,  a marca se juntou com a finlandesa Marimekko e suas estampas para criar uma cole\u00e7\u00e3o de causar desejo \u00e0 qualquer designer. Os modelos cl\u00e1ssicos da marca aparecem com as estampas coloridas que quem gosta, reconhece de longe.<\/p>\n<p style=\"text-align: center\"><a href=\"https:\/\/i0.wp.com\/www.agrund.com\/files\/2011\/02\/maricon5.jpg\"><img decoding=\"async\" loading=\"lazy\" class=\"aligncenter size-full wp-image-4263\" src=\"https:\/\/i0.wp.com\/www.agrund.com\/arquivo\/notas\/files\/2011\/02\/maricon5.jpg?resize=446%2C333\" alt=\"\" width=\"446\" height=\"333\" data-recalc-dims=\"1\" \/><\/a><a href=\"https:\/\/i0.wp.com\/www.agrund.com\/files\/2011\/02\/maricon11.jpg\"><img decoding=\"async\" loading=\"lazy\" class=\"aligncenter size-full wp-image-4264\" src=\"https:\/\/i0.wp.com\/www.agrund.com\/arquivo\/notas\/files\/2011\/02\/maricon11.jpg?resize=446%2C221\" alt=\"\" width=\"446\" height=\"221\" data-recalc-dims=\"1\" \/><\/a><a href=\"https:\/\/i0.wp.com\/www.agrund.com\/files\/2011\/02\/maricon12.jpg\"><img decoding=\"async\" loading=\"lazy\" class=\"aligncenter size-full wp-image-4265\" src=\"https:\/\/i0.wp.com\/www.agrund.com\/arquivo\/notas\/files\/2011\/02\/maricon12.jpg?resize=446%2C229\" alt=\"\" width=\"446\" height=\"229\" data-recalc-dims=\"1\" \/><\/a><\/p>\n<p>Para explicar um pouco melhor a cole\u00e7\u00e3o, a Converse produziu um mini document\u00e1rio, vale super a pena ver <a href=\"http:\/\/www.youtube.com\/watch?v=vV9b_288DnU\">aqui<\/a>.<\/p>\n","protected":false},"excerpt":{"rendered":"<p>A Converse fez uma das parcerias mais interessantes de suas \u00faltimas cole\u00e7\u00f5es. Para a sua primavera, a marca se juntou com a finlandesa Marimekko e suas estampas para criar uma cole\u00e7\u00e3o de causar desejo \u00e0 qualquer designer. Os modelos cl\u00e1ssicos da marca aparecem com as estampas coloridas que quem gosta, reconhece de longe. Para explicar [&hellip;]<\/p>\n","protected":false},"author":8,"featured_media":4263,"comment_status":"open","ping_status":"open","sticky":false,"template":"","format":"standard","meta":{"jetpack_post_was_ever_published":false,"_jetpack_newsletter_access":"","jetpack_publicize_message":"","jetpack_is_tweetstorm":false,"jetpack_publicize_feature_enabled":true,"jetpack_social_post_already_shared":false,"jetpack_social_options":{"image_generator_settings":{"template":"highway","enabled":false}}},"categories":[2],"tags":[],"jetpack_publicize_connections":[],"jetpack_featured_media_url":"","jetpack_sharing_enabled":true,"jetpack_shortlink":"https:\/\/wp.me\/p3Hz0n-16K","jetpack_likes_enabled":true,"_links":{"self":[{"href":"https:\/\/agrund.com\/index.php\/wp-json\/wp\/v2\/posts\/4262"}],"collection":[{"href":"https:\/\/agrund.com\/index.php\/wp-json\/wp\/v2\/posts"}],"about":[{"href":"https:\/\/agrund.com\/index.php\/wp-json\/wp\/v2\/types\/post"}],"author":[{"embeddable":true,"href":"https:\/\/agrund.com\/index.php\/wp-json\/wp\/v2\/users\/8"}],"replies":[{"embeddable":true,"href":"https:\/\/agrund.com\/index.php\/wp-json\/wp\/v2\/comments?post=4262"}],"version-history":[{"count":0,"href":"https:\/\/agrund.com\/index.php\/wp-json\/wp\/v2\/posts\/4262\/revisions"}],"wp:featuredmedia":[{"embeddable":true,"href":"https:\/\/agrund.com\/index.php\/wp-json\/"}],"wp:attachment":[{"href":"https:\/\/agrund.com\/index.php\/wp-json\/wp\/v2\/media?parent=4262"}],"wp:term":[{"taxonomy":"category","embeddable":true,"href":"https:\/\/agrund.com\/index.php\/wp-json\/wp\/v2\/categories?post=4262"},{"taxonomy":"post_tag","embeddable":true,"href":"https:\/\/agrund.com\/index.php\/wp-json\/wp\/v2\/tags?post=4262"}],"curies":[{"name":"wp","href":"https:\/\/api.w.org\/{rel}","templated":true}]}}