{"id":42490,"date":"2012-09-03T21:00:17","date_gmt":"2012-09-04T00:00:17","guid":{"rendered":"http:\/\/www.agrund.com\/?p=42490"},"modified":"2012-09-03T21:00:17","modified_gmt":"2012-09-04T00:00:17","slug":"editorial-v-man-decadas","status":"publish","type":"post","link":"https:\/\/agrund.com\/index.php\/editorial-v-man-decadas\/","title":{"rendered":"Editorial V Man &#8211; D\u00e9cadas"},"content":{"rendered":"<div>Selecionei para voc\u00eas um super editorial com \u00f3timas refer\u00eancias de\u00a0d\u00e9cadas. A publica\u00e7\u00e3o V Man fez na edi\u00e7\u00e3o n\u00famero 24, no ano passado,\u00a0em homenagem aos seus 10 anos, um editorial onde mostra produ\u00e7\u00f5es\u00a0datadas, mas com releituras super atuais.<\/p>\n<p>Com fotos que transitam do classicismo dos anos 30 ao vanguardismo de\u00a0hoje, curta os cliques de Benjamin Lennox com styling de Tom Van\u00a0Dorpe.<\/p><\/div>\n<div><\/div>\n<div>\n<div id=\"attachment_42494\" style=\"width: 510px\" class=\"wp-caption aligncenter\"><a class=\"lightbox\" title=\"Editorial V Man - D\u00e9cadas\" href=\"https:\/\/i0.wp.com\/www.agrund.com\/wp-content\/uploads\/2012\/09\/7.jpg\"><img aria-describedby=\"caption-attachment-42494\" decoding=\"async\" loading=\"lazy\" class=\"size-full wp-image-42494\" title=\"Editorial V Man - D\u00e9cadas\" src=\"https:\/\/i0.wp.com\/www.agrund.com\/wp-content\/uploads\/2012\/09\/7.jpg?resize=500%2C667\" alt=\"Editorial V Man - D\u00e9cadas\" width=\"500\" height=\"667\" data-recalc-dims=\"1\" \/><\/a><p id=\"caption-attachment-42494\" class=\"wp-caption-text\">Editorial V Man &#8211; D\u00e9cadas<\/p><\/div>\n<div id=\"attachment_42493\" style=\"width: 510px\" class=\"wp-caption aligncenter\"><a class=\"lightbox\" title=\"Editorial V Man - D\u00e9cadas\" href=\"https:\/\/i0.wp.com\/www.agrund.com\/wp-content\/uploads\/2012\/09\/6.jpg\"><img aria-describedby=\"caption-attachment-42493\" decoding=\"async\" loading=\"lazy\" class=\"size-full wp-image-42493\" title=\"Editorial V Man - D\u00e9cadas\" src=\"https:\/\/i0.wp.com\/www.agrund.com\/wp-content\/uploads\/2012\/09\/6.jpg?resize=500%2C667\" alt=\"Editorial V Man - D\u00e9cadas\" width=\"500\" height=\"667\" data-recalc-dims=\"1\" \/><\/a><p id=\"caption-attachment-42493\" class=\"wp-caption-text\">Editorial V Man &#8211; D\u00e9cadas<\/p><\/div>\n<div id=\"attachment_42492\" style=\"width: 510px\" class=\"wp-caption aligncenter\"><a class=\"lightbox\" title=\"Editorial V Man - D\u00e9cadas\" href=\"https:\/\/i0.wp.com\/www.agrund.com\/wp-content\/uploads\/2012\/09\/5.jpg\"><img aria-describedby=\"caption-attachment-42492\" decoding=\"async\" loading=\"lazy\" class=\"size-full wp-image-42492\" title=\"Editorial V Man - D\u00e9cadas\" src=\"https:\/\/i0.wp.com\/www.agrund.com\/wp-content\/uploads\/2012\/09\/5.jpg?resize=500%2C667\" alt=\"Editorial V Man - D\u00e9cadas\" width=\"500\" height=\"667\" data-recalc-dims=\"1\" \/><\/a><p id=\"caption-attachment-42492\" class=\"wp-caption-text\">Editorial V Man &#8211; D\u00e9cadas<\/p><\/div>\n<div id=\"attachment_42491\" style=\"width: 510px\" class=\"wp-caption aligncenter\"><a class=\"lightbox\" title=\"Editorial V Man - D\u00e9cadas\" href=\"https:\/\/i0.wp.com\/www.agrund.com\/wp-content\/uploads\/2012\/09\/4.jpg\"><img aria-describedby=\"caption-attachment-42491\" decoding=\"async\" loading=\"lazy\" class=\"size-full wp-image-42491\" title=\"Editorial V Man - D\u00e9cadas\" src=\"https:\/\/i0.wp.com\/www.agrund.com\/wp-content\/uploads\/2012\/09\/4.jpg?resize=500%2C667\" alt=\"Editorial V Man - D\u00e9cadas\" width=\"500\" height=\"667\" data-recalc-dims=\"1\" \/><\/a><p id=\"caption-attachment-42491\" class=\"wp-caption-text\">Editorial V Man &#8211; D\u00e9cadas<\/p><\/div>\n<\/div>\n<div><\/div>\n<div>Imagens por Reprodu\u00e7\u00e3o.<\/div>\n<div><img decoding=\"async\" src=\"https:\/\/i0.wp.com\/www.agrund.com\/wp-content\/themes\/FashionPlus\/images\/topo_moda_masculina.jpg\" alt=\"Moda Masculina\" data-recalc-dims=\"1\" \/><\/div>\n","protected":false},"excerpt":{"rendered":"<p>Selecionei para voc\u00eas um super editorial com \u00f3timas refer\u00eancias de\u00a0d\u00e9cadas. A publica\u00e7\u00e3o V Man fez na edi\u00e7\u00e3o n\u00famero 24, no ano passado,\u00a0em homenagem aos seus 10 anos, um editorial onde mostra produ\u00e7\u00f5es\u00a0datadas, mas com releituras super atuais. Com fotos que transitam do classicismo dos anos 30 ao vanguardismo de\u00a0hoje, curta os cliques de Benjamin Lennox [&hellip;]<\/p>\n","protected":false},"author":8,"featured_media":42495,"comment_status":"open","ping_status":"open","sticky":false,"template":"","format":"standard","meta":{"jetpack_post_was_ever_published":false,"_jetpack_newsletter_access":"","jetpack_publicize_message":"","jetpack_is_tweetstorm":false,"jetpack_publicize_feature_enabled":true,"jetpack_social_post_already_shared":false,"jetpack_social_options":{"image_generator_settings":{"template":"highway","enabled":false}}},"categories":[6],"tags":[],"jetpack_publicize_connections":[],"jetpack_featured_media_url":"","jetpack_sharing_enabled":true,"jetpack_shortlink":"https:\/\/wp.me\/p3Hz0n-b3k","jetpack_likes_enabled":true,"_links":{"self":[{"href":"https:\/\/agrund.com\/index.php\/wp-json\/wp\/v2\/posts\/42490"}],"collection":[{"href":"https:\/\/agrund.com\/index.php\/wp-json\/wp\/v2\/posts"}],"about":[{"href":"https:\/\/agrund.com\/index.php\/wp-json\/wp\/v2\/types\/post"}],"author":[{"embeddable":true,"href":"https:\/\/agrund.com\/index.php\/wp-json\/wp\/v2\/users\/8"}],"replies":[{"embeddable":true,"href":"https:\/\/agrund.com\/index.php\/wp-json\/wp\/v2\/comments?post=42490"}],"version-history":[{"count":0,"href":"https:\/\/agrund.com\/index.php\/wp-json\/wp\/v2\/posts\/42490\/revisions"}],"wp:featuredmedia":[{"embeddable":true,"href":"https:\/\/agrund.com\/index.php\/wp-json\/"}],"wp:attachment":[{"href":"https:\/\/agrund.com\/index.php\/wp-json\/wp\/v2\/media?parent=42490"}],"wp:term":[{"taxonomy":"category","embeddable":true,"href":"https:\/\/agrund.com\/index.php\/wp-json\/wp\/v2\/categories?post=42490"},{"taxonomy":"post_tag","embeddable":true,"href":"https:\/\/agrund.com\/index.php\/wp-json\/wp\/v2\/tags?post=42490"}],"curies":[{"name":"wp","href":"https:\/\/api.w.org\/{rel}","templated":true}]}}