{"id":42484,"date":"2012-09-03T20:00:49","date_gmt":"2012-09-03T23:00:49","guid":{"rendered":"http:\/\/www.agrund.com\/?p=42484"},"modified":"2012-09-03T20:00:49","modified_gmt":"2012-09-03T23:00:49","slug":"dolce-gabbana-divulga-comercial-do-perfume-pour-homme","status":"publish","type":"post","link":"https:\/\/agrund.com\/index.php\/dolce-gabbana-divulga-comercial-do-perfume-pour-homme\/","title":{"rendered":"Dolce &amp; Gabbana divulga comercial do perfume Pour Homme"},"content":{"rendered":"<div>O agrund mostrou <a href=\"http:\/\/www.agrund.com\/campanha-dolce-gabbana-esbanja-sensualidade\/\">AQUI<\/a> a primeira imagem da campanha do perfume\u00a0Dolce&amp;Gabbana Pour Homme e Pour Femme. E agora mostra o comercial\u00a0divulgado pela grife. Assim como nas fotos, Laetitia Casta e Noah\u00a0Mills estrelam o comercial cheio de romance e sensualidade. As cenas\u00a0foram filmadas em dois cen\u00e1rios, a praia La Riserva Naturale dello\u00a0Zingaro, na Sic\u00edlia e a aldeia barroca de Erice. Assistam!<\/div>\n<div><\/div>\n<p><span class=\"embed-youtube\" style=\"text-align:center; display: block;\"><iframe loading=\"lazy\" class=\"youtube-player\" width=\"640\" height=\"360\" src=\"https:\/\/www.youtube.com\/embed\/N_UzD-NFEj0?version=3&#038;rel=1&#038;showsearch=0&#038;showinfo=1&#038;iv_load_policy=1&#038;fs=1&#038;hl=pt-BR&#038;autohide=2&#038;wmode=transparent\" allowfullscreen=\"true\" style=\"border:0;\" sandbox=\"allow-scripts allow-same-origin allow-popups allow-presentation\"><\/iframe><\/span><\/p>\n<p>&nbsp;<\/p>\n<div id=\"attachment_42485\" style=\"width: 500px\" class=\"wp-caption alignleft\"><a class=\"lightbox\" title=\"Dolce &amp; Gabbana divulga comercial do perfume Pour Homme\" href=\"https:\/\/i0.wp.com\/www.agrund.com\/wp-content\/uploads\/2012\/09\/noah-mills-laetitia-casta-dolce-gabbana-pour-homme-fragrance-01.jpg\"><img aria-describedby=\"caption-attachment-42485\" decoding=\"async\" loading=\"lazy\" class=\" wp-image-42485 \" title=\"Dolce &amp; Gabbana divulga comercial do perfume Pour Homme\" src=\"https:\/\/i0.wp.com\/www.agrund.com\/wp-content\/uploads\/2012\/09\/noah-mills-laetitia-casta-dolce-gabbana-pour-homme-fragrance-01.jpg?resize=490%2C317\" alt=\"Dolce &amp; Gabbana divulga comercial do perfume Pour Homme\" width=\"490\" height=\"317\" data-recalc-dims=\"1\" \/><\/a><p id=\"caption-attachment-42485\" class=\"wp-caption-text\">Dolce &amp; Gabbana divulga comercial do perfume Pour Homme<\/p><\/div>\n<div><\/div>\n<div><\/div>\n<div><\/div>\n<div><\/div>\n<div><\/div>\n<div><\/div>\n<div><\/div>\n<div><\/div>\n<div><\/div>\n<div><\/div>\n<div><\/div>\n<div><\/div>\n<div><\/div>\n<div><\/div>\n<div><\/div>\n<div><\/div>\n<div><\/div>\n<div><\/div>\n<div><\/div>\n<div><\/div>\n<div>Imagem e V\u00eddeo por Reprodu\u00e7\u00e3o.<\/div>\n","protected":false},"excerpt":{"rendered":"<p>O agrund mostrou AQUI a primeira imagem da campanha do perfume\u00a0Dolce&amp;Gabbana Pour Homme e Pour Femme. E agora mostra o comercial\u00a0divulgado pela grife. Assim como nas fotos, Laetitia Casta e Noah\u00a0Mills estrelam o comercial cheio de romance e sensualidade. As cenas\u00a0foram filmadas em dois cen\u00e1rios, a praia La Riserva Naturale dello\u00a0Zingaro, na Sic\u00edlia e a [&hellip;]<\/p>\n","protected":false},"author":8,"featured_media":42486,"comment_status":"open","ping_status":"open","sticky":false,"template":"","format":"standard","meta":{"jetpack_post_was_ever_published":false,"_jetpack_newsletter_access":"","jetpack_publicize_message":"","jetpack_is_tweetstorm":false,"jetpack_publicize_feature_enabled":true,"jetpack_social_post_already_shared":false,"jetpack_social_options":{"image_generator_settings":{"template":"highway","enabled":false}}},"categories":[6],"tags":[],"jetpack_publicize_connections":[],"jetpack_featured_media_url":"","jetpack_sharing_enabled":true,"jetpack_shortlink":"https:\/\/wp.me\/p3Hz0n-b3e","jetpack_likes_enabled":true,"_links":{"self":[{"href":"https:\/\/agrund.com\/index.php\/wp-json\/wp\/v2\/posts\/42484"}],"collection":[{"href":"https:\/\/agrund.com\/index.php\/wp-json\/wp\/v2\/posts"}],"about":[{"href":"https:\/\/agrund.com\/index.php\/wp-json\/wp\/v2\/types\/post"}],"author":[{"embeddable":true,"href":"https:\/\/agrund.com\/index.php\/wp-json\/wp\/v2\/users\/8"}],"replies":[{"embeddable":true,"href":"https:\/\/agrund.com\/index.php\/wp-json\/wp\/v2\/comments?post=42484"}],"version-history":[{"count":0,"href":"https:\/\/agrund.com\/index.php\/wp-json\/wp\/v2\/posts\/42484\/revisions"}],"wp:featuredmedia":[{"embeddable":true,"href":"https:\/\/agrund.com\/index.php\/wp-json\/"}],"wp:attachment":[{"href":"https:\/\/agrund.com\/index.php\/wp-json\/wp\/v2\/media?parent=42484"}],"wp:term":[{"taxonomy":"category","embeddable":true,"href":"https:\/\/agrund.com\/index.php\/wp-json\/wp\/v2\/categories?post=42484"},{"taxonomy":"post_tag","embeddable":true,"href":"https:\/\/agrund.com\/index.php\/wp-json\/wp\/v2\/tags?post=42484"}],"curies":[{"name":"wp","href":"https:\/\/api.w.org\/{rel}","templated":true}]}}