{"id":42462,"date":"2012-09-03T19:00:12","date_gmt":"2012-09-03T22:00:12","guid":{"rendered":"http:\/\/www.agrund.com\/?p=42462"},"modified":"2012-09-03T19:00:12","modified_gmt":"2012-09-03T22:00:12","slug":"corneliani-fotografa-campanha-dentro-de-sua-fabrica","status":"publish","type":"post","link":"https:\/\/agrund.com\/index.php\/corneliani-fotografa-campanha-dentro-de-sua-fabrica\/","title":{"rendered":"Corneliani fotografa campanha dentro de sua f\u00e1brica"},"content":{"rendered":"<div>A casa italiana Corneliani, que se tornou famosa e respeitada por ter\u00a0toda sua alfaiataria feita \u00e0 m\u00e3o, acaba de lan\u00e7ar sua campanha\u00a0Outono\/Inverno 2013.\u00a0As fotos tiveram com cen\u00e1rio a pr\u00f3pria f\u00e1brica da marca. As\u00a0costureiras e suas m\u00e1quinas, os alfaiates e todos os tecidos, que t\u00eam\u00a0grande import\u00e2ncia na hist\u00f3ria da Corneliani, tamb\u00e9m se tornaram\u00a0personagens da campanha.\u00a0Fotografada por Giampaolo Sgura, o casting teve o modelo brasileiro\u00a0Alexandre Cunha, e os modelos Andrea Preti, Sam Webb e Lars\u00a0Burmeister.<\/div>\n<div><\/div>\n<div>\n<div id=\"attachment_42477\" style=\"width: 510px\" class=\"wp-caption aligncenter\"><a class=\"lightbox\" title=\"Corneliani fotografa campanha dentro de sua fabrica (10)\" href=\"https:\/\/i0.wp.com\/www.agrund.com\/wp-content\/uploads\/2012\/09\/Corneliani-fotografa-campanha-dentro-de-sua-fabrica-10.jpg\"><img aria-describedby=\"caption-attachment-42477\" decoding=\"async\" loading=\"lazy\" class=\"size-full wp-image-42477\" title=\"Corneliani fotografa campanha dentro de sua fabrica (10)\" src=\"https:\/\/i0.wp.com\/www.agrund.com\/wp-content\/uploads\/2012\/09\/Corneliani-fotografa-campanha-dentro-de-sua-fabrica-10.jpg?resize=500%2C369\" alt=\" Corneliani fotografa campanha dentro de sua f\u00e1brica\" width=\"500\" height=\"369\" data-recalc-dims=\"1\" \/><\/a><p id=\"caption-attachment-42477\" class=\"wp-caption-text\">Corneliani fotografa campanha dentro de sua f\u00e1brica<\/p><\/div>\n<div id=\"attachment_42476\" style=\"width: 510px\" class=\"wp-caption aligncenter\"><a class=\"lightbox\" title=\"Corneliani fotografa campanha dentro de sua fabrica (9)\" href=\"https:\/\/i0.wp.com\/www.agrund.com\/wp-content\/uploads\/2012\/09\/Corneliani-fotografa-campanha-dentro-de-sua-fabrica-9.jpg\"><img aria-describedby=\"caption-attachment-42476\" decoding=\"async\" loading=\"lazy\" class=\"size-full wp-image-42476\" title=\"Corneliani fotografa campanha dentro de sua fabrica (9)\" src=\"https:\/\/i0.wp.com\/www.agrund.com\/wp-content\/uploads\/2012\/09\/Corneliani-fotografa-campanha-dentro-de-sua-fabrica-9.jpg?resize=500%2C369\" alt=\" Corneliani fotografa campanha dentro de sua f\u00e1brica\" width=\"500\" height=\"369\" data-recalc-dims=\"1\" \/><\/a><p id=\"caption-attachment-42476\" class=\"wp-caption-text\">Corneliani fotografa campanha dentro de sua f\u00e1brica<\/p><\/div>\n<div id=\"attachment_42475\" style=\"width: 510px\" class=\"wp-caption aligncenter\"><a class=\"lightbox\" title=\"Corneliani fotografa campanha dentro de sua fabrica (8)\" href=\"https:\/\/i0.wp.com\/www.agrund.com\/wp-content\/uploads\/2012\/09\/Corneliani-fotografa-campanha-dentro-de-sua-fabrica-8.jpg\"><img aria-describedby=\"caption-attachment-42475\" decoding=\"async\" loading=\"lazy\" class=\"size-full wp-image-42475\" title=\"Corneliani fotografa campanha dentro de sua fabrica (8)\" src=\"https:\/\/i0.wp.com\/www.agrund.com\/wp-content\/uploads\/2012\/09\/Corneliani-fotografa-campanha-dentro-de-sua-fabrica-8.jpg?resize=500%2C369\" alt=\" Corneliani fotografa campanha dentro de sua f\u00e1brica\" width=\"500\" height=\"369\" data-recalc-dims=\"1\" \/><\/a><p id=\"caption-attachment-42475\" class=\"wp-caption-text\">Corneliani fotografa campanha dentro de sua f\u00e1brica<\/p><\/div>\n<div id=\"attachment_42474\" style=\"width: 510px\" class=\"wp-caption aligncenter\"><a class=\"lightbox\" title=\"Corneliani fotografa campanha dentro de sua fabrica (7)\" href=\"https:\/\/i0.wp.com\/www.agrund.com\/wp-content\/uploads\/2012\/09\/Corneliani-fotografa-campanha-dentro-de-sua-fabrica-7.jpg\"><img aria-describedby=\"caption-attachment-42474\" decoding=\"async\" loading=\"lazy\" class=\"size-full wp-image-42474\" title=\"Corneliani fotografa campanha dentro de sua fabrica (7)\" src=\"https:\/\/i0.wp.com\/www.agrund.com\/wp-content\/uploads\/2012\/09\/Corneliani-fotografa-campanha-dentro-de-sua-fabrica-7.jpg?resize=500%2C369\" alt=\" Corneliani fotografa campanha dentro de sua f\u00e1brica\" width=\"500\" height=\"369\" data-recalc-dims=\"1\" \/><\/a><p id=\"caption-attachment-42474\" class=\"wp-caption-text\">Corneliani fotografa campanha dentro de sua f\u00e1brica<\/p><\/div>\n<div id=\"attachment_42472\" style=\"width: 510px\" class=\"wp-caption aligncenter\"><a class=\"lightbox\" title=\"Corneliani fotografa campanha dentro de sua fabrica (5)\" href=\"https:\/\/i0.wp.com\/www.agrund.com\/wp-content\/uploads\/2012\/09\/Corneliani-fotografa-campanha-dentro-de-sua-fabrica-5.jpg\"><img aria-describedby=\"caption-attachment-42472\" decoding=\"async\" loading=\"lazy\" class=\"size-full wp-image-42472\" title=\"Corneliani fotografa campanha dentro de sua fabrica (5)\" src=\"https:\/\/i0.wp.com\/www.agrund.com\/wp-content\/uploads\/2012\/09\/Corneliani-fotografa-campanha-dentro-de-sua-fabrica-5.jpg?resize=500%2C369\" alt=\" Corneliani fotografa campanha dentro de sua f\u00e1brica\" width=\"500\" height=\"369\" data-recalc-dims=\"1\" \/><\/a><p id=\"caption-attachment-42472\" class=\"wp-caption-text\">Corneliani fotografa campanha dentro de sua f\u00e1brica<\/p><\/div>\n<div id=\"attachment_42471\" style=\"width: 510px\" class=\"wp-caption aligncenter\"><a class=\"lightbox\" title=\"Corneliani fotografa campanha dentro de sua fabrica (4)\" href=\"https:\/\/i0.wp.com\/www.agrund.com\/wp-content\/uploads\/2012\/09\/Corneliani-fotografa-campanha-dentro-de-sua-fabrica-4.jpg\"><img aria-describedby=\"caption-attachment-42471\" decoding=\"async\" loading=\"lazy\" class=\"size-full wp-image-42471\" title=\"Corneliani fotografa campanha dentro de sua fabrica (4)\" src=\"https:\/\/i0.wp.com\/www.agrund.com\/wp-content\/uploads\/2012\/09\/Corneliani-fotografa-campanha-dentro-de-sua-fabrica-4.jpg?resize=500%2C369\" alt=\" Corneliani fotografa campanha dentro de sua f\u00e1brica\" width=\"500\" height=\"369\" data-recalc-dims=\"1\" \/><\/a><p id=\"caption-attachment-42471\" class=\"wp-caption-text\">Corneliani fotografa campanha dentro de sua f\u00e1brica<\/p><\/div>\n<div id=\"attachment_42473\" style=\"width: 510px\" class=\"wp-caption aligncenter\"><a class=\"lightbox\" title=\"Corneliani fotografa campanha dentro de sua fabrica (6)\" href=\"https:\/\/i0.wp.com\/www.agrund.com\/wp-content\/uploads\/2012\/09\/Corneliani-fotografa-campanha-dentro-de-sua-fabrica-6.jpg\"><img aria-describedby=\"caption-attachment-42473\" decoding=\"async\" loading=\"lazy\" class=\"size-full wp-image-42473\" title=\"Corneliani fotografa campanha dentro de sua fabrica (6)\" src=\"https:\/\/i0.wp.com\/www.agrund.com\/wp-content\/uploads\/2012\/09\/Corneliani-fotografa-campanha-dentro-de-sua-fabrica-6.jpg?resize=500%2C369\" alt=\" Corneliani fotografa campanha dentro de sua f\u00e1brica\" width=\"500\" height=\"369\" data-recalc-dims=\"1\" \/><\/a><p id=\"caption-attachment-42473\" class=\"wp-caption-text\">Corneliani fotografa campanha dentro de sua f\u00e1brica<\/p><\/div>\n<div id=\"attachment_42470\" style=\"width: 510px\" class=\"wp-caption aligncenter\"><a class=\"lightbox\" title=\"Corneliani fotografa campanha dentro de sua fabrica (3)\" href=\"https:\/\/i0.wp.com\/www.agrund.com\/wp-content\/uploads\/2012\/09\/Corneliani-fotografa-campanha-dentro-de-sua-fabrica-3.jpg\"><img aria-describedby=\"caption-attachment-42470\" decoding=\"async\" loading=\"lazy\" class=\"size-full wp-image-42470\" title=\"Corneliani fotografa campanha dentro de sua fabrica (3)\" src=\"https:\/\/i0.wp.com\/www.agrund.com\/wp-content\/uploads\/2012\/09\/Corneliani-fotografa-campanha-dentro-de-sua-fabrica-3.jpg?resize=500%2C369\" alt=\" Corneliani fotografa campanha dentro de sua f\u00e1brica\" width=\"500\" height=\"369\" data-recalc-dims=\"1\" \/><\/a><p id=\"caption-attachment-42470\" class=\"wp-caption-text\">Corneliani fotografa campanha dentro de sua f\u00e1brica<\/p><\/div>\n<div id=\"attachment_42469\" style=\"width: 510px\" class=\"wp-caption aligncenter\"><a class=\"lightbox\" title=\"Corneliani fotografa campanha dentro de sua fabrica (2)\" href=\"https:\/\/i0.wp.com\/www.agrund.com\/wp-content\/uploads\/2012\/09\/Corneliani-fotografa-campanha-dentro-de-sua-fabrica-2.jpg\"><img aria-describedby=\"caption-attachment-42469\" decoding=\"async\" loading=\"lazy\" class=\"size-full wp-image-42469\" title=\"Corneliani fotografa campanha dentro de sua fabrica (2)\" src=\"https:\/\/i0.wp.com\/www.agrund.com\/wp-content\/uploads\/2012\/09\/Corneliani-fotografa-campanha-dentro-de-sua-fabrica-2.jpg?resize=500%2C369\" alt=\" Corneliani fotografa campanha dentro de sua f\u00e1brica\" width=\"500\" height=\"369\" data-recalc-dims=\"1\" \/><\/a><p id=\"caption-attachment-42469\" class=\"wp-caption-text\">Corneliani fotografa campanha dentro de sua f\u00e1brica<\/p><\/div>\n<div id=\"attachment_42468\" style=\"width: 510px\" class=\"wp-caption aligncenter\"><a class=\"lightbox\" title=\"Corneliani fotografa campanha dentro de sua fabrica (1)\" href=\"https:\/\/i0.wp.com\/www.agrund.com\/wp-content\/uploads\/2012\/09\/Corneliani-fotografa-campanha-dentro-de-sua-fabrica-1.jpg\"><img aria-describedby=\"caption-attachment-42468\" decoding=\"async\" loading=\"lazy\" class=\"size-full wp-image-42468\" title=\"Corneliani fotografa campanha dentro de sua fabrica (1)\" src=\"https:\/\/i0.wp.com\/www.agrund.com\/wp-content\/uploads\/2012\/09\/Corneliani-fotografa-campanha-dentro-de-sua-fabrica-1.jpg?resize=500%2C369\" alt=\" Corneliani fotografa campanha dentro de sua f\u00e1brica\" width=\"500\" height=\"369\" data-recalc-dims=\"1\" \/><\/a><p id=\"caption-attachment-42468\" class=\"wp-caption-text\">Corneliani fotografa campanha dentro de sua f\u00e1brica<\/p><\/div>\n<\/div>\n<div>Imagens por Reprodu\u00e7\u00e3o.<\/div>\n<div><img decoding=\"async\" src=\"https:\/\/i0.wp.com\/www.agrund.com\/wp-content\/themes\/FashionPlus\/images\/topo_moda_masculina.jpg\" alt=\"Moda Masculina\" data-recalc-dims=\"1\" \/><\/div>\n","protected":false},"excerpt":{"rendered":"<p>A casa italiana Corneliani, que se tornou famosa e respeitada por ter\u00a0toda sua alfaiataria feita \u00e0 m\u00e3o, acaba de lan\u00e7ar sua campanha\u00a0Outono\/Inverno 2013.\u00a0As fotos tiveram com cen\u00e1rio a pr\u00f3pria f\u00e1brica da marca. As\u00a0costureiras e suas m\u00e1quinas, os alfaiates e todos os tecidos, que t\u00eam\u00a0grande import\u00e2ncia na hist\u00f3ria da Corneliani, tamb\u00e9m se tornaram\u00a0personagens da campanha.\u00a0Fotografada por [&hellip;]<\/p>\n","protected":false},"author":8,"featured_media":42478,"comment_status":"open","ping_status":"open","sticky":false,"template":"","format":"standard","meta":{"jetpack_post_was_ever_published":false,"_jetpack_newsletter_access":"","jetpack_publicize_message":"","jetpack_is_tweetstorm":false,"jetpack_publicize_feature_enabled":true,"jetpack_social_post_already_shared":false,"jetpack_social_options":{"image_generator_settings":{"template":"highway","enabled":false}}},"categories":[6],"tags":[],"jetpack_publicize_connections":[],"jetpack_featured_media_url":"","jetpack_sharing_enabled":true,"jetpack_shortlink":"https:\/\/wp.me\/p3Hz0n-b2S","jetpack_likes_enabled":true,"_links":{"self":[{"href":"https:\/\/agrund.com\/index.php\/wp-json\/wp\/v2\/posts\/42462"}],"collection":[{"href":"https:\/\/agrund.com\/index.php\/wp-json\/wp\/v2\/posts"}],"about":[{"href":"https:\/\/agrund.com\/index.php\/wp-json\/wp\/v2\/types\/post"}],"author":[{"embeddable":true,"href":"https:\/\/agrund.com\/index.php\/wp-json\/wp\/v2\/users\/8"}],"replies":[{"embeddable":true,"href":"https:\/\/agrund.com\/index.php\/wp-json\/wp\/v2\/comments?post=42462"}],"version-history":[{"count":0,"href":"https:\/\/agrund.com\/index.php\/wp-json\/wp\/v2\/posts\/42462\/revisions"}],"wp:featuredmedia":[{"embeddable":true,"href":"https:\/\/agrund.com\/index.php\/wp-json\/"}],"wp:attachment":[{"href":"https:\/\/agrund.com\/index.php\/wp-json\/wp\/v2\/media?parent=42462"}],"wp:term":[{"taxonomy":"category","embeddable":true,"href":"https:\/\/agrund.com\/index.php\/wp-json\/wp\/v2\/categories?post=42462"},{"taxonomy":"post_tag","embeddable":true,"href":"https:\/\/agrund.com\/index.php\/wp-json\/wp\/v2\/tags?post=42462"}],"curies":[{"name":"wp","href":"https:\/\/api.w.org\/{rel}","templated":true}]}}