{"id":42440,"date":"2012-09-03T17:00:48","date_gmt":"2012-09-03T20:00:48","guid":{"rendered":"http:\/\/www.agrund.com\/?p=42440"},"modified":"2012-09-03T17:00:48","modified_gmt":"2012-09-03T20:00:48","slug":"vivara-lanca-colecao-inspirada-na-tavola-redonda","status":"publish","type":"post","link":"https:\/\/agrund.com\/index.php\/vivara-lanca-colecao-inspirada-na-tavola-redonda\/","title":{"rendered":"Vivara lan\u00e7a cole\u00e7\u00e3o inspirada na T\u00e1vola Redonda"},"content":{"rendered":"<div id=\":ak\">\n<div>A Vivara acaba de desenvolver linhas especiais de j\u00f3ias masculinas.\u00a0Inspiradas nos c\u00f3digos de honra da lenda dos Cavaleiros da T\u00e1vola\u00a0Redonda, as cole\u00e7\u00f5es s\u00e3o chamadas de C\u00f3digos, Elo e Dual.\u00a0A primeira, C\u00f3digos, \u00e9 composta por colar e anel de prata com\u00a0acabamento polido e tem palavras dos c\u00f3digos gravadas nas pe\u00e7as.\u00a0A Elo foi projetada com o conceito de que todos os membros da T\u00e1vola\u00a0eram iguais e tinham um elo de liga\u00e7\u00e3o. Nesta cole\u00e7\u00e3o voc\u00ea pode\u00a0encontrar an\u00e9is, berloque e pulseiras.\u00a0A \u00faltima chamada Dual \u00e9 inspirada na devo\u00e7\u00e3o dos Cavaleiros e \u00e9\u00a0composta por escapul\u00e1rios feitos em prata, diamantes brancos, negros e\u00a0acabamento rodinado de negro. Confiram:<\/div>\n<div><\/div>\n<div>\n<div id=\"attachment_42444\" style=\"width: 490px\" class=\"wp-caption aligncenter\"><a class=\"lightbox\" title=\"Moda Masculina :: Vivara lan\u00e7a cole\u00e7\u00e3o inspirada na T\u00e1vola Redonda\" href=\"https:\/\/i0.wp.com\/www.agrund.com\/wp-content\/uploads\/2012\/09\/PulseiraElo_5490.jpg\"><img aria-describedby=\"caption-attachment-42444\" decoding=\"async\" loading=\"lazy\" class=\"size-full wp-image-42444\" title=\"Moda Masculina :: Vivara lan\u00e7a cole\u00e7\u00e3o inspirada na T\u00e1vola Redonda\" src=\"https:\/\/i0.wp.com\/www.agrund.com\/wp-content\/uploads\/2012\/09\/PulseiraElo_5490.jpg?resize=480%2C312\" alt=\"Moda Masculina :: Vivara lan\u00e7a cole\u00e7\u00e3o inspirada na T\u00e1vola Redonda\" width=\"480\" height=\"312\" data-recalc-dims=\"1\" \/><\/a><p id=\"caption-attachment-42444\" class=\"wp-caption-text\">Moda Masculina :: Vivara lan\u00e7a cole\u00e7\u00e3o inspirada na T\u00e1vola Redonda<\/p><\/div>\n<div id=\"attachment_42443\" style=\"width: 490px\" class=\"wp-caption aligncenter\"><a class=\"lightbox\" title=\"Moda Masculina :: Vivara lan\u00e7a cole\u00e7\u00e3o inspirada na T\u00e1vola Redonda\" href=\"https:\/\/i0.wp.com\/www.agrund.com\/wp-content\/uploads\/2012\/09\/berloques_vivara.jpg\"><img aria-describedby=\"caption-attachment-42443\" decoding=\"async\" loading=\"lazy\" class=\"size-full wp-image-42443\" title=\"Moda Masculina :: Vivara lan\u00e7a cole\u00e7\u00e3o inspirada na T\u00e1vola Redonda\" src=\"https:\/\/i0.wp.com\/www.agrund.com\/wp-content\/uploads\/2012\/09\/berloques_vivara.jpg?resize=480%2C328\" alt=\"Moda Masculina :: Vivara lan\u00e7a cole\u00e7\u00e3o inspirada na T\u00e1vola Redonda\" width=\"480\" height=\"328\" data-recalc-dims=\"1\" \/><\/a><p id=\"caption-attachment-42443\" class=\"wp-caption-text\">Moda Masculina :: Vivara lan\u00e7a cole\u00e7\u00e3o inspirada na T\u00e1vola Redonda<\/p><\/div>\n<div id=\"attachment_42442\" style=\"width: 490px\" class=\"wp-caption aligncenter\"><a class=\"lightbox\" title=\"Moda Masculina :: Vivara lan\u00e7a cole\u00e7\u00e3o inspirada na T\u00e1vola Redonda\" href=\"https:\/\/i0.wp.com\/www.agrund.com\/wp-content\/uploads\/2012\/09\/berloques_cruzes_vivar.jpg\"><img aria-describedby=\"caption-attachment-42442\" decoding=\"async\" loading=\"lazy\" class=\"size-full wp-image-42442\" title=\"Moda Masculina :: Vivara lan\u00e7a cole\u00e7\u00e3o inspirada na T\u00e1vola Redonda\" src=\"https:\/\/i0.wp.com\/www.agrund.com\/wp-content\/uploads\/2012\/09\/berloques_cruzes_vivar.jpg?resize=480%2C328\" alt=\"Moda Masculina :: Vivara lan\u00e7a cole\u00e7\u00e3o inspirada na T\u00e1vola Redonda\" width=\"480\" height=\"328\" data-recalc-dims=\"1\" \/><\/a><p id=\"caption-attachment-42442\" class=\"wp-caption-text\">Moda Masculina :: Vivara lan\u00e7a cole\u00e7\u00e3o inspirada na T\u00e1vola Redonda<\/p><\/div>\n<div id=\"attachment_42441\" style=\"width: 490px\" class=\"wp-caption aligncenter\"><a class=\"lightbox\" title=\"Moda Masculina :: Vivara lan\u00e7a cole\u00e7\u00e3o inspirada na T\u00e1vola Redonda\" href=\"https:\/\/i0.wp.com\/www.agrund.com\/wp-content\/uploads\/2012\/09\/aneis_vivara.jpg\"><img aria-describedby=\"caption-attachment-42441\" decoding=\"async\" loading=\"lazy\" class=\"size-full wp-image-42441\" title=\"Moda Masculina :: Vivara lan\u00e7a cole\u00e7\u00e3o inspirada na T\u00e1vola Redonda\" src=\"https:\/\/i0.wp.com\/www.agrund.com\/wp-content\/uploads\/2012\/09\/aneis_vivara.jpg?resize=480%2C328\" alt=\"Moda Masculina :: Vivara lan\u00e7a cole\u00e7\u00e3o inspirada na T\u00e1vola Redonda\" width=\"480\" height=\"328\" data-recalc-dims=\"1\" \/><\/a><p id=\"caption-attachment-42441\" class=\"wp-caption-text\">Moda Masculina :: Vivara lan\u00e7a cole\u00e7\u00e3o inspirada na T\u00e1vola Redonda<\/p><\/div>\n<\/div>\n<div>Imagens por Reprodu\u00e7\u00e3o.<\/div>\n<div><img decoding=\"async\" src=\"https:\/\/i0.wp.com\/www.agrund.com\/wp-content\/themes\/FashionPlus\/images\/topo_moda_masculina.jpg\" alt=\"Moda Masculina\" data-recalc-dims=\"1\" \/><\/div>\n<div><\/div>\n<\/div>\n<div id=\":d6\"><\/div>\n","protected":false},"excerpt":{"rendered":"<p>A Vivara acaba de desenvolver linhas especiais de j\u00f3ias masculinas.\u00a0Inspiradas nos c\u00f3digos de honra da lenda dos Cavaleiros da T\u00e1vola\u00a0Redonda, as cole\u00e7\u00f5es s\u00e3o chamadas de C\u00f3digos, Elo e Dual.\u00a0A primeira, C\u00f3digos, \u00e9 composta por colar e anel de prata com\u00a0acabamento polido e tem palavras dos c\u00f3digos gravadas nas pe\u00e7as.\u00a0A Elo foi projetada com o conceito [&hellip;]<\/p>\n","protected":false},"author":8,"featured_media":42445,"comment_status":"open","ping_status":"open","sticky":false,"template":"","format":"standard","meta":{"jetpack_post_was_ever_published":false,"_jetpack_newsletter_access":"","jetpack_publicize_message":"","jetpack_is_tweetstorm":false,"jetpack_publicize_feature_enabled":true,"jetpack_social_post_already_shared":false,"jetpack_social_options":{"image_generator_settings":{"template":"highway","enabled":false}}},"categories":[6],"tags":[],"jetpack_publicize_connections":[],"jetpack_featured_media_url":"","jetpack_sharing_enabled":true,"jetpack_shortlink":"https:\/\/wp.me\/p3Hz0n-b2w","jetpack_likes_enabled":true,"_links":{"self":[{"href":"https:\/\/agrund.com\/index.php\/wp-json\/wp\/v2\/posts\/42440"}],"collection":[{"href":"https:\/\/agrund.com\/index.php\/wp-json\/wp\/v2\/posts"}],"about":[{"href":"https:\/\/agrund.com\/index.php\/wp-json\/wp\/v2\/types\/post"}],"author":[{"embeddable":true,"href":"https:\/\/agrund.com\/index.php\/wp-json\/wp\/v2\/users\/8"}],"replies":[{"embeddable":true,"href":"https:\/\/agrund.com\/index.php\/wp-json\/wp\/v2\/comments?post=42440"}],"version-history":[{"count":0,"href":"https:\/\/agrund.com\/index.php\/wp-json\/wp\/v2\/posts\/42440\/revisions"}],"wp:featuredmedia":[{"embeddable":true,"href":"https:\/\/agrund.com\/index.php\/wp-json\/"}],"wp:attachment":[{"href":"https:\/\/agrund.com\/index.php\/wp-json\/wp\/v2\/media?parent=42440"}],"wp:term":[{"taxonomy":"category","embeddable":true,"href":"https:\/\/agrund.com\/index.php\/wp-json\/wp\/v2\/categories?post=42440"},{"taxonomy":"post_tag","embeddable":true,"href":"https:\/\/agrund.com\/index.php\/wp-json\/wp\/v2\/tags?post=42440"}],"curies":[{"name":"wp","href":"https:\/\/api.w.org\/{rel}","templated":true}]}}