{"id":42395,"date":"2012-09-03T13:00:55","date_gmt":"2012-09-03T16:00:55","guid":{"rendered":"http:\/\/www.agrund.com\/?p=42395"},"modified":"2012-09-03T13:00:55","modified_gmt":"2012-09-03T16:00:55","slug":"band-of-outsiders-lanca-lookbook-com-josh-brolin","status":"publish","type":"post","link":"https:\/\/agrund.com\/index.php\/band-of-outsiders-lanca-lookbook-com-josh-brolin\/","title":{"rendered":"Band Of Outsiders lan\u00e7a lookbook com Josh Brolin"},"content":{"rendered":"<div>A Band Of Outsiders lan\u00e7ou o lookbook da cole\u00e7\u00e3o &#8220;The Good, the Bad,\u00a0and the Ugly&#8221;, com o ator Josh Brolin. \u00a0Estilo vintage e western \u00e9 o\u00a0que podemos ver nas imagens feitas pelo pr\u00f3prio estilista, Scott\u00a0Sternberg. Ele usou uma c\u00e2mera polaroid gerando aquele efeito\u00a0granulado e antigo nas fotos. E para entrar ainda nesse clima\u00a0nost\u00e1lgico, o cen\u00e1rio foi uma fazenda em Los Angeles.<\/div>\n<div><\/div>\n<div>\n<div id=\"attachment_42404\" style=\"width: 410px\" class=\"wp-caption aligncenter\"><a class=\"lightbox\" title=\"Band Of Outsiders lan\u00e7a lookbook com Josh Brolin\" href=\"https:\/\/i0.wp.com\/www.agrund.com\/wp-content\/uploads\/2012\/09\/bands-of-outsiders-chamada.jpg\"><img aria-describedby=\"caption-attachment-42404\" decoding=\"async\" loading=\"lazy\" class=\" wp-image-42404 \" title=\"Band Of Outsiders lan\u00e7a lookbook com Josh Brolin\" src=\"https:\/\/i0.wp.com\/www.agrund.com\/wp-content\/uploads\/2012\/09\/bands-of-outsiders-chamada.jpg?resize=400%2C479\" alt=\"Band Of Outsiders lan\u00e7a lookbook com Josh Brolin\" width=\"400\" height=\"479\" data-recalc-dims=\"1\" \/><\/a><p id=\"caption-attachment-42404\" class=\"wp-caption-text\">Band Of Outsiders lan\u00e7a lookbook com Josh Brolin<\/p><\/div>\n<div id=\"attachment_42403\" style=\"width: 410px\" class=\"wp-caption aligncenter\"><a class=\"lightbox\" title=\"Band Of Outsiders lan\u00e7a lookbook com Josh Brolin\" href=\"https:\/\/i0.wp.com\/www.agrund.com\/wp-content\/uploads\/2012\/09\/band-of-outsiders-1.jpg\"><img aria-describedby=\"caption-attachment-42403\" decoding=\"async\" loading=\"lazy\" class=\" wp-image-42403 \" title=\"Band Of Outsiders lan\u00e7a lookbook com Josh Brolin\" src=\"https:\/\/i0.wp.com\/www.agrund.com\/wp-content\/uploads\/2012\/09\/band-of-outsiders-1.jpg?resize=400%2C479\" alt=\"Band Of Outsiders lan\u00e7a lookbook com Josh Brolin\" width=\"400\" height=\"479\" data-recalc-dims=\"1\" \/><\/a><p id=\"caption-attachment-42403\" class=\"wp-caption-text\">Band Of Outsiders lan\u00e7a lookbook com Josh Brolin<\/p><\/div>\n<div id=\"attachment_42402\" style=\"width: 410px\" class=\"wp-caption aligncenter\"><a class=\"lightbox\" title=\"Band Of Outsiders lan\u00e7a lookbook com Josh Brolin\" href=\"https:\/\/i0.wp.com\/www.agrund.com\/wp-content\/uploads\/2012\/09\/band-of-outsider-12.jpg\"><img aria-describedby=\"caption-attachment-42402\" decoding=\"async\" loading=\"lazy\" class=\" wp-image-42402 \" title=\"Band Of Outsiders lan\u00e7a lookbook com Josh Brolin\" src=\"https:\/\/i0.wp.com\/www.agrund.com\/wp-content\/uploads\/2012\/09\/band-of-outsider-12.jpg?resize=400%2C479\" alt=\"Band Of Outsiders lan\u00e7a lookbook com Josh Brolin\" width=\"400\" height=\"479\" data-recalc-dims=\"1\" \/><\/a><p id=\"caption-attachment-42402\" class=\"wp-caption-text\">Band Of Outsiders lan\u00e7a lookbook com Josh Brolin<\/p><\/div>\n<div id=\"attachment_42401\" style=\"width: 410px\" class=\"wp-caption aligncenter\"><a class=\"lightbox\" title=\"Band Of Outsiders lan\u00e7a lookbook com Josh Brolin\" href=\"https:\/\/i0.wp.com\/www.agrund.com\/wp-content\/uploads\/2012\/09\/band-of-outsider-11.jpg\"><img aria-describedby=\"caption-attachment-42401\" decoding=\"async\" loading=\"lazy\" class=\" wp-image-42401 \" title=\"Band Of Outsiders lan\u00e7a lookbook com Josh Brolin\" src=\"https:\/\/i0.wp.com\/www.agrund.com\/wp-content\/uploads\/2012\/09\/band-of-outsider-11.jpg?resize=400%2C479\" alt=\"Band Of Outsiders lan\u00e7a lookbook com Josh Brolin\" width=\"400\" height=\"479\" data-recalc-dims=\"1\" \/><\/a><p id=\"caption-attachment-42401\" class=\"wp-caption-text\">Band Of Outsiders lan\u00e7a lookbook com Josh Brolin<\/p><\/div>\n<div id=\"attachment_42400\" style=\"width: 410px\" class=\"wp-caption aligncenter\"><a class=\"lightbox\" title=\"Band Of Outsiders lan\u00e7a lookbook com Josh Brolin\" href=\"https:\/\/i0.wp.com\/www.agrund.com\/wp-content\/uploads\/2012\/09\/band-of-outsider-9.jpg\"><img aria-describedby=\"caption-attachment-42400\" decoding=\"async\" loading=\"lazy\" class=\" wp-image-42400 \" title=\"Band Of Outsiders lan\u00e7a lookbook com Josh Brolin\" src=\"https:\/\/i0.wp.com\/www.agrund.com\/wp-content\/uploads\/2012\/09\/band-of-outsider-9.jpg?resize=400%2C479\" alt=\"Band Of Outsiders lan\u00e7a lookbook com Josh Brolin\" width=\"400\" height=\"479\" data-recalc-dims=\"1\" \/><\/a><p id=\"caption-attachment-42400\" class=\"wp-caption-text\">Band Of Outsiders lan\u00e7a lookbook com Josh Brolin<\/p><\/div>\n<div id=\"attachment_42399\" style=\"width: 410px\" class=\"wp-caption aligncenter\"><a class=\"lightbox\" title=\"Band Of Outsiders lan\u00e7a lookbook com Josh Brolin\" href=\"https:\/\/i0.wp.com\/www.agrund.com\/wp-content\/uploads\/2012\/09\/band-of-outsider-6.jpg\"><img aria-describedby=\"caption-attachment-42399\" decoding=\"async\" loading=\"lazy\" class=\" wp-image-42399 \" title=\"Band Of Outsiders lan\u00e7a lookbook com Josh Brolin\" src=\"https:\/\/i0.wp.com\/www.agrund.com\/wp-content\/uploads\/2012\/09\/band-of-outsider-6.jpg?resize=400%2C479\" alt=\"Band Of Outsiders lan\u00e7a lookbook com Josh Brolin\" width=\"400\" height=\"479\" data-recalc-dims=\"1\" \/><\/a><p id=\"caption-attachment-42399\" class=\"wp-caption-text\">Band Of Outsiders lan\u00e7a lookbook com Josh Brolin<\/p><\/div>\n<div id=\"attachment_42398\" style=\"width: 410px\" class=\"wp-caption aligncenter\"><a class=\"lightbox\" title=\"Band Of Outsiders lan\u00e7a lookbook com Josh Brolin\" href=\"https:\/\/i0.wp.com\/www.agrund.com\/wp-content\/uploads\/2012\/09\/band-of-outsider-5.jpg\"><img aria-describedby=\"caption-attachment-42398\" decoding=\"async\" loading=\"lazy\" class=\" wp-image-42398 \" title=\"Band Of Outsiders lan\u00e7a lookbook com Josh Brolin\" src=\"https:\/\/i0.wp.com\/www.agrund.com\/wp-content\/uploads\/2012\/09\/band-of-outsider-5.jpg?resize=400%2C479\" alt=\"Band Of Outsiders lan\u00e7a lookbook com Josh Brolin\" width=\"400\" height=\"479\" data-recalc-dims=\"1\" \/><\/a><p id=\"caption-attachment-42398\" class=\"wp-caption-text\">Band Of Outsiders lan\u00e7a lookbook com Josh Brolin<\/p><\/div>\n<div id=\"attachment_42397\" style=\"width: 410px\" class=\"wp-caption aligncenter\"><a class=\"lightbox\" title=\"Band Of Outsiders lan\u00e7a lookbook com Josh Brolin\" href=\"https:\/\/i0.wp.com\/www.agrund.com\/wp-content\/uploads\/2012\/09\/band-of-outsider-3.jpg\"><img aria-describedby=\"caption-attachment-42397\" decoding=\"async\" loading=\"lazy\" class=\" wp-image-42397 \" title=\"Band Of Outsiders lan\u00e7a lookbook com Josh Brolin\" src=\"https:\/\/i0.wp.com\/www.agrund.com\/wp-content\/uploads\/2012\/09\/band-of-outsider-3.jpg?resize=400%2C479\" alt=\"Band Of Outsiders lan\u00e7a lookbook com Josh Brolin\" width=\"400\" height=\"479\" data-recalc-dims=\"1\" \/><\/a><p id=\"caption-attachment-42397\" class=\"wp-caption-text\">Band Of Outsiders lan\u00e7a lookbook com Josh Brolin<\/p><\/div>\n<div id=\"attachment_42396\" style=\"width: 410px\" class=\"wp-caption aligncenter\"><a class=\"lightbox\" title=\"Band Of Outsiders lan\u00e7a lookbook com Josh Brolin\" href=\"https:\/\/i0.wp.com\/www.agrund.com\/wp-content\/uploads\/2012\/09\/band-of-outsider-2.jpg\"><img aria-describedby=\"caption-attachment-42396\" decoding=\"async\" loading=\"lazy\" class=\" wp-image-42396 \" title=\"Band Of Outsiders lan\u00e7a lookbook com Josh Brolin\" src=\"https:\/\/i0.wp.com\/www.agrund.com\/wp-content\/uploads\/2012\/09\/band-of-outsider-2.jpg?resize=400%2C479\" alt=\"Band Of Outsiders lan\u00e7a lookbook com Josh Brolin\" width=\"400\" height=\"479\" data-recalc-dims=\"1\" \/><\/a><p id=\"caption-attachment-42396\" class=\"wp-caption-text\">Band Of Outsiders lan\u00e7a lookbook com Josh Brolin<\/p><\/div>\n<\/div>\n<div><\/div>\n<div>Imagens por Reprodu\u00e7\u00e3o.<\/div>\n<div><\/div>\n<div><img decoding=\"async\" src=\"https:\/\/i0.wp.com\/www.agrund.com\/wp-content\/themes\/FashionPlus\/images\/topo_moda_masculina.jpg\" alt=\"Moda Masculina\" data-recalc-dims=\"1\" \/><\/div>\n<div><\/div>\n","protected":false},"excerpt":{"rendered":"<p>A Band Of Outsiders lan\u00e7ou o lookbook da cole\u00e7\u00e3o &#8220;The Good, the Bad,\u00a0and the Ugly&#8221;, com o ator Josh Brolin. \u00a0Estilo vintage e western \u00e9 o\u00a0que podemos ver nas imagens feitas pelo pr\u00f3prio estilista, Scott\u00a0Sternberg. Ele usou uma c\u00e2mera polaroid gerando aquele efeito\u00a0granulado e antigo nas fotos. E para entrar ainda nesse clima\u00a0nost\u00e1lgico, o cen\u00e1rio [&hellip;]<\/p>\n","protected":false},"author":8,"featured_media":42405,"comment_status":"open","ping_status":"open","sticky":false,"template":"","format":"standard","meta":{"jetpack_post_was_ever_published":false,"_jetpack_newsletter_access":"","jetpack_publicize_message":"","jetpack_is_tweetstorm":false,"jetpack_publicize_feature_enabled":true,"jetpack_social_post_already_shared":false,"jetpack_social_options":{"image_generator_settings":{"template":"highway","enabled":false}}},"categories":[6],"tags":[],"jetpack_publicize_connections":[],"jetpack_featured_media_url":"","jetpack_sharing_enabled":true,"jetpack_shortlink":"https:\/\/wp.me\/p3Hz0n-b1N","jetpack_likes_enabled":true,"_links":{"self":[{"href":"https:\/\/agrund.com\/index.php\/wp-json\/wp\/v2\/posts\/42395"}],"collection":[{"href":"https:\/\/agrund.com\/index.php\/wp-json\/wp\/v2\/posts"}],"about":[{"href":"https:\/\/agrund.com\/index.php\/wp-json\/wp\/v2\/types\/post"}],"author":[{"embeddable":true,"href":"https:\/\/agrund.com\/index.php\/wp-json\/wp\/v2\/users\/8"}],"replies":[{"embeddable":true,"href":"https:\/\/agrund.com\/index.php\/wp-json\/wp\/v2\/comments?post=42395"}],"version-history":[{"count":0,"href":"https:\/\/agrund.com\/index.php\/wp-json\/wp\/v2\/posts\/42395\/revisions"}],"wp:featuredmedia":[{"embeddable":true,"href":"https:\/\/agrund.com\/index.php\/wp-json\/"}],"wp:attachment":[{"href":"https:\/\/agrund.com\/index.php\/wp-json\/wp\/v2\/media?parent=42395"}],"wp:term":[{"taxonomy":"category","embeddable":true,"href":"https:\/\/agrund.com\/index.php\/wp-json\/wp\/v2\/categories?post=42395"},{"taxonomy":"post_tag","embeddable":true,"href":"https:\/\/agrund.com\/index.php\/wp-json\/wp\/v2\/tags?post=42395"}],"curies":[{"name":"wp","href":"https:\/\/api.w.org\/{rel}","templated":true}]}}