{"id":42215,"date":"2012-08-30T23:00:47","date_gmt":"2012-08-31T02:00:47","guid":{"rendered":"http:\/\/www.agrund.com\/?p=42215"},"modified":"2012-08-30T23:00:47","modified_gmt":"2012-08-31T02:00:47","slug":"oscar-de-la-renta-se-aventura-com-sua-linha-de-esmaltes","status":"publish","type":"post","link":"https:\/\/agrund.com\/index.php\/oscar-de-la-renta-se-aventura-com-sua-linha-de-esmaltes\/","title":{"rendered":"Oscar de la Renta se aventura com sua linha de esmaltes"},"content":{"rendered":"<div>Depois de anunciar que vai lan\u00e7ar uma linha para casa como mostramos\u00a0<a href=\"http:\/\/www.agrund.com\/oscar-de-la-renta-assina-nova-linha-para-casa\/\">AQUI<\/a>, Oscar de la Renta agora entra para o mercado da beleza. O\u00a0estilista acaba de lan\u00e7ar sua primeira cole\u00e7\u00e3o de esmaltes em parceria\u00a0com o site Who What Wear. \u00a0A The Runaway Collection ter\u00e1 edi\u00e7\u00e3o limitada\u00a0e possui tr\u00eas cores: Aubergine, Red carnation e Larima, que foram\u00a0usadas no desfile Inverno 2013 da grife. \u00a0Os pre\u00e7os ser\u00e3o em m\u00e9dia de\u00a0R$ 45 cada e voc\u00ea pode adquiri-los no site\u00a0<a href=\"http:\/\/whowhatwhear.com\/\" target=\"_blank\">whowhatwhear.com<\/a>\u00a0!<\/div>\n<p>&nbsp;<\/p>\n<div id=\"attachment_42218\" style=\"width: 310px\" class=\"wp-caption aligncenter\"><a class=\"lightbox\" title=\"Oscar de la Renta se aventura com sua linha de esmaltes\" href=\"https:\/\/i0.wp.com\/www.agrund.com\/wp-content\/uploads\/2012\/08\/oscar-de-la-renta-esmalte-vermelho.jpg\"><img aria-describedby=\"caption-attachment-42218\" decoding=\"async\" loading=\"lazy\" class=\"size-full wp-image-42218\" title=\"Oscar de la Renta se aventura com sua linha de esmaltes\" src=\"https:\/\/i0.wp.com\/www.agrund.com\/wp-content\/uploads\/2012\/08\/oscar-de-la-renta-esmalte-vermelho.jpg?resize=300%2C437\" alt=\"Oscar de la Renta se aventura com sua linha de esmaltes\" width=\"300\" height=\"437\" data-recalc-dims=\"1\" \/><\/a><p id=\"caption-attachment-42218\" class=\"wp-caption-text\">Oscar de la Renta se aventura com sua linha de esmaltes<\/p><\/div>\n<div id=\"attachment_42217\" style=\"width: 310px\" class=\"wp-caption aligncenter\"><a class=\"lightbox\" title=\"Oscar de la Renta se aventura com sua linha de esmaltes\" href=\"https:\/\/i0.wp.com\/www.agrund.com\/wp-content\/uploads\/2012\/08\/oscar-de-la-renta-esmalte-preto.jpg\"><img aria-describedby=\"caption-attachment-42217\" decoding=\"async\" loading=\"lazy\" class=\"size-full wp-image-42217\" title=\"Oscar de la Renta se aventura com sua linha de esmaltes\" src=\"https:\/\/i0.wp.com\/www.agrund.com\/wp-content\/uploads\/2012\/08\/oscar-de-la-renta-esmalte-preto.jpg?resize=300%2C427\" alt=\"Oscar de la Renta se aventura com sua linha de esmaltes\" width=\"300\" height=\"427\" data-recalc-dims=\"1\" \/><\/a><p id=\"caption-attachment-42217\" class=\"wp-caption-text\">Oscar de la Renta se aventura com sua linha de esmaltes<\/p><\/div>\n<div id=\"attachment_42216\" style=\"width: 310px\" class=\"wp-caption aligncenter\"><a class=\"lightbox\" title=\"Oscar de la Renta se aventura com sua linha de esmaltes\" href=\"https:\/\/i0.wp.com\/www.agrund.com\/wp-content\/uploads\/2012\/08\/oscar-de-la-renta-esmalte-azul.jpg\"><img aria-describedby=\"caption-attachment-42216\" decoding=\"async\" loading=\"lazy\" class=\"size-full wp-image-42216\" title=\"Oscar de la Renta se aventura com sua linha de esmaltes\" src=\"https:\/\/i0.wp.com\/www.agrund.com\/wp-content\/uploads\/2012\/08\/oscar-de-la-renta-esmalte-azul.jpg?resize=300%2C432\" alt=\"Oscar de la Renta se aventura com sua linha de esmaltes\" width=\"300\" height=\"432\" data-recalc-dims=\"1\" \/><\/a><p id=\"caption-attachment-42216\" class=\"wp-caption-text\">Oscar de la Renta se aventura com sua linha de esmaltes<\/p><\/div>\n<div>Imagens por Reprodu\u00e7\u00e3o.<\/div>\n","protected":false},"excerpt":{"rendered":"<p>Depois de anunciar que vai lan\u00e7ar uma linha para casa como mostramos\u00a0AQUI, Oscar de la Renta agora entra para o mercado da beleza. O\u00a0estilista acaba de lan\u00e7ar sua primeira cole\u00e7\u00e3o de esmaltes em parceria\u00a0com o site Who What Wear. \u00a0A The Runaway Collection ter\u00e1 edi\u00e7\u00e3o limitada\u00a0e possui tr\u00eas cores: Aubergine, Red carnation e Larima, que [&hellip;]<\/p>\n","protected":false},"author":8,"featured_media":42219,"comment_status":"open","ping_status":"open","sticky":false,"template":"","format":"standard","meta":{"jetpack_post_was_ever_published":false,"_jetpack_newsletter_access":"","jetpack_publicize_message":"","jetpack_is_tweetstorm":false,"jetpack_publicize_feature_enabled":true,"jetpack_social_post_already_shared":false,"jetpack_social_options":{"image_generator_settings":{"template":"highway","enabled":false}}},"categories":[2],"tags":[],"jetpack_publicize_connections":[],"jetpack_featured_media_url":"","jetpack_sharing_enabled":true,"jetpack_shortlink":"https:\/\/wp.me\/p3Hz0n-aYT","jetpack_likes_enabled":true,"_links":{"self":[{"href":"https:\/\/agrund.com\/index.php\/wp-json\/wp\/v2\/posts\/42215"}],"collection":[{"href":"https:\/\/agrund.com\/index.php\/wp-json\/wp\/v2\/posts"}],"about":[{"href":"https:\/\/agrund.com\/index.php\/wp-json\/wp\/v2\/types\/post"}],"author":[{"embeddable":true,"href":"https:\/\/agrund.com\/index.php\/wp-json\/wp\/v2\/users\/8"}],"replies":[{"embeddable":true,"href":"https:\/\/agrund.com\/index.php\/wp-json\/wp\/v2\/comments?post=42215"}],"version-history":[{"count":0,"href":"https:\/\/agrund.com\/index.php\/wp-json\/wp\/v2\/posts\/42215\/revisions"}],"wp:featuredmedia":[{"embeddable":true,"href":"https:\/\/agrund.com\/index.php\/wp-json\/"}],"wp:attachment":[{"href":"https:\/\/agrund.com\/index.php\/wp-json\/wp\/v2\/media?parent=42215"}],"wp:term":[{"taxonomy":"category","embeddable":true,"href":"https:\/\/agrund.com\/index.php\/wp-json\/wp\/v2\/categories?post=42215"},{"taxonomy":"post_tag","embeddable":true,"href":"https:\/\/agrund.com\/index.php\/wp-json\/wp\/v2\/tags?post=42215"}],"curies":[{"name":"wp","href":"https:\/\/api.w.org\/{rel}","templated":true}]}}