{"id":41850,"date":"2012-08-28T11:00:41","date_gmt":"2012-08-28T14:00:41","guid":{"rendered":"http:\/\/www.agrund.com\/?p=41850"},"modified":"2012-08-28T11:00:41","modified_gmt":"2012-08-28T14:00:41","slug":"grifes-anunciam-desfiles-online-na-semana-de-moda-de-ny","status":"publish","type":"post","link":"https:\/\/agrund.com\/index.php\/grifes-anunciam-desfiles-online-na-semana-de-moda-de-ny\/","title":{"rendered":"Grifes anunciam desfiles online na Semana de Moda de NY"},"content":{"rendered":"<div>A Semana de Moda de NY j\u00e1 est\u00e1 pr\u00f3xima e tr\u00eas grifes acabam de\u00a0confirmar \u00a0suas apresenta\u00e7\u00f5es \u00a0online. A ICB, a See by Chlo\u00e9 e a\u00a0Pierre Balmain ter\u00e3o desfiles no formato digital, o qual vem fazendo\u00a0sucesso nas \u00faltimas temporadas. A apresenta\u00e7\u00e3o oficial ser\u00e1 na Big\u00a0Apple, \u00a0por\u00e9m cada marca produziu seu v\u00eddeo em um lugar, a Pierre\u00a0Balmain em Pequim; ICB no Brooklyn; e o da See by Chlo\u00e9 em Paris.Vamos \u00a0aguardar!<\/div>\n<div id=\"attachment_41851\" style=\"width: 510px\" class=\"wp-caption aligncenter\"><a class=\"lightbox\" title=\"Grifes anunciam desfiles online na Semana de Moda de NY\" href=\"https:\/\/i0.wp.com\/www.agrund.com\/wp-content\/uploads\/2012\/08\/48810_balmain.jpg\"><img aria-describedby=\"caption-attachment-41851\" decoding=\"async\" loading=\"lazy\" class=\"size-full wp-image-41851\" title=\"Grifes anunciam desfiles online na Semana de Moda de NY\" src=\"https:\/\/i0.wp.com\/www.agrund.com\/wp-content\/uploads\/2012\/08\/48810_balmain.jpg?resize=500%2C355\" alt=\"Grifes anunciam desfiles online na Semana de Moda de NY\" width=\"500\" height=\"355\" data-recalc-dims=\"1\" \/><\/a><p id=\"caption-attachment-41851\" class=\"wp-caption-text\">Grifes anunciam desfiles online na Semana de Moda de NY<\/p><\/div>\n<div>Imagens por Reprodu\u00e7\u00e3o.<\/div>\n","protected":false},"excerpt":{"rendered":"<p>A Semana de Moda de NY j\u00e1 est\u00e1 pr\u00f3xima e tr\u00eas grifes acabam de\u00a0confirmar \u00a0suas apresenta\u00e7\u00f5es \u00a0online. A ICB, a See by Chlo\u00e9 e a\u00a0Pierre Balmain ter\u00e3o desfiles no formato digital, o qual vem fazendo\u00a0sucesso nas \u00faltimas temporadas. A apresenta\u00e7\u00e3o oficial ser\u00e1 na Big\u00a0Apple, \u00a0por\u00e9m cada marca produziu seu v\u00eddeo em um lugar, a Pierre\u00a0Balmain [&hellip;]<\/p>\n","protected":false},"author":8,"featured_media":41852,"comment_status":"open","ping_status":"open","sticky":false,"template":"","format":"standard","meta":{"jetpack_post_was_ever_published":false,"_jetpack_newsletter_access":"","jetpack_publicize_message":"","jetpack_is_tweetstorm":false,"jetpack_publicize_feature_enabled":true,"jetpack_social_post_already_shared":false,"jetpack_social_options":{"image_generator_settings":{"template":"highway","enabled":false}}},"categories":[2],"tags":[],"jetpack_publicize_connections":[],"jetpack_featured_media_url":"","jetpack_sharing_enabled":true,"jetpack_shortlink":"https:\/\/wp.me\/p3Hz0n-aT0","jetpack_likes_enabled":true,"_links":{"self":[{"href":"https:\/\/agrund.com\/index.php\/wp-json\/wp\/v2\/posts\/41850"}],"collection":[{"href":"https:\/\/agrund.com\/index.php\/wp-json\/wp\/v2\/posts"}],"about":[{"href":"https:\/\/agrund.com\/index.php\/wp-json\/wp\/v2\/types\/post"}],"author":[{"embeddable":true,"href":"https:\/\/agrund.com\/index.php\/wp-json\/wp\/v2\/users\/8"}],"replies":[{"embeddable":true,"href":"https:\/\/agrund.com\/index.php\/wp-json\/wp\/v2\/comments?post=41850"}],"version-history":[{"count":0,"href":"https:\/\/agrund.com\/index.php\/wp-json\/wp\/v2\/posts\/41850\/revisions"}],"wp:featuredmedia":[{"embeddable":true,"href":"https:\/\/agrund.com\/index.php\/wp-json\/"}],"wp:attachment":[{"href":"https:\/\/agrund.com\/index.php\/wp-json\/wp\/v2\/media?parent=41850"}],"wp:term":[{"taxonomy":"category","embeddable":true,"href":"https:\/\/agrund.com\/index.php\/wp-json\/wp\/v2\/categories?post=41850"},{"taxonomy":"post_tag","embeddable":true,"href":"https:\/\/agrund.com\/index.php\/wp-json\/wp\/v2\/tags?post=41850"}],"curies":[{"name":"wp","href":"https:\/\/api.w.org\/{rel}","templated":true}]}}