{"id":41736,"date":"2012-08-27T16:00:01","date_gmt":"2012-08-27T19:00:01","guid":{"rendered":"http:\/\/www.agrund.com\/?p=41736"},"modified":"2012-08-27T16:00:01","modified_gmt":"2012-08-27T19:00:01","slug":"editorial-a-vida-em-tons-de-cinza-fotografado-andre-schiliro","status":"publish","type":"post","link":"https:\/\/agrund.com\/index.php\/editorial-a-vida-em-tons-de-cinza-fotografado-andre-schiliro\/","title":{"rendered":"Editorial &#8211; A vida em tons de cinza fotografado Andr\u00e9 Schilir\u00f3."},"content":{"rendered":"<p>Acho lindo esse editorial que fiz com meu querido Andr\u00e9 Schilir\u00f3, companheiro de longa data. Aqui mostro v\u00e1rias maneiras de como usar o tradicional \u201cterninho\u201d cinza sem ficar careta. Mas para quebrar algumas regras b\u00e1sicas da alfaiataria cl\u00e1ssica \u00e9 preciso ter personalidade. Inspire-se!<\/p>\n<p>&nbsp;<\/p>\n<div id=\"attachment_41737\" style=\"width: 560px\" class=\"wp-caption aligncenter\"><a class=\"lightbox\" title=\"Editorial - A vida em tons de cinza fotografado Andr\u00e9 Schilir\u00f3.\" href=\"https:\/\/i0.wp.com\/www.agrund.com\/wp-content\/uploads\/2012\/08\/122.jpg\"><img aria-describedby=\"caption-attachment-41737\" decoding=\"async\" loading=\"lazy\" class=\"size-full wp-image-41737\" title=\"Editorial - A vida em tons de cinza fotografado Andr\u00e9 Schilir\u00f3.\" src=\"https:\/\/i0.wp.com\/www.agrund.com\/wp-content\/uploads\/2012\/08\/122.jpg?resize=550%2C773\" alt=\"Editorial - A vida em tons de cinza fotografado Andr\u00e9 Schilir\u00f3.\" width=\"550\" height=\"773\" data-recalc-dims=\"1\" \/><\/a><p id=\"caption-attachment-41737\" class=\"wp-caption-text\">Editorial &#8211; A vida em tons de cinza fotografado Andr\u00e9 Schilir\u00f3.<\/p><\/div>\n<div id=\"attachment_41738\" style=\"width: 560px\" class=\"wp-caption aligncenter\"><a class=\"lightbox\" title=\"Editorial - A vida em tons de cinza fotografado Andr\u00e9 Schilir\u00f3.\" href=\"https:\/\/i0.wp.com\/www.agrund.com\/wp-content\/uploads\/2012\/08\/210.jpg\"><img aria-describedby=\"caption-attachment-41738\" decoding=\"async\" loading=\"lazy\" class=\"size-full wp-image-41738\" title=\"Editorial - A vida em tons de cinza fotografado Andr\u00e9 Schilir\u00f3.\" src=\"https:\/\/i0.wp.com\/www.agrund.com\/wp-content\/uploads\/2012\/08\/210.jpg?resize=550%2C768\" alt=\"Editorial - A vida em tons de cinza fotografado Andr\u00e9 Schilir\u00f3.\" width=\"550\" height=\"768\" data-recalc-dims=\"1\" \/><\/a><p id=\"caption-attachment-41738\" class=\"wp-caption-text\">Editorial &#8211; A vida em tons de cinza fotografado Andr\u00e9 Schilir\u00f3.<\/p><\/div>\n<div id=\"attachment_41739\" style=\"width: 560px\" class=\"wp-caption aligncenter\"><a class=\"lightbox\" title=\"Editorial - A vida em tons de cinza fotografado Andr\u00e9 Schilir\u00f3.\" href=\"https:\/\/i0.wp.com\/www.agrund.com\/wp-content\/uploads\/2012\/08\/37.jpg\"><img aria-describedby=\"caption-attachment-41739\" decoding=\"async\" loading=\"lazy\" class=\"size-full wp-image-41739\" title=\"Editorial - A vida em tons de cinza fotografado Andr\u00e9 Schilir\u00f3.\" src=\"https:\/\/i0.wp.com\/www.agrund.com\/wp-content\/uploads\/2012\/08\/37.jpg?resize=550%2C769\" alt=\"Editorial - A vida em tons de cinza fotografado Andr\u00e9 Schilir\u00f3.\" width=\"550\" height=\"769\" data-recalc-dims=\"1\" \/><\/a><p id=\"caption-attachment-41739\" class=\"wp-caption-text\">Editorial &#8211; A vida em tons de cinza fotografado Andr\u00e9 Schilir\u00f3.<\/p><\/div>\n<div id=\"attachment_41740\" style=\"width: 560px\" class=\"wp-caption aligncenter\"><a class=\"lightbox\" title=\"Editorial - A vida em tons de cinza fotografado Andr\u00e9 Schilir\u00f3.\" href=\"https:\/\/i0.wp.com\/www.agrund.com\/wp-content\/uploads\/2012\/08\/45.jpg\"><img aria-describedby=\"caption-attachment-41740\" decoding=\"async\" loading=\"lazy\" class=\"size-full wp-image-41740\" title=\"Editorial - A vida em tons de cinza fotografado Andr\u00e9 Schilir\u00f3.\" src=\"https:\/\/i0.wp.com\/www.agrund.com\/wp-content\/uploads\/2012\/08\/45.jpg?resize=550%2C771\" alt=\"Editorial - A vida em tons de cinza fotografado Andr\u00e9 Schilir\u00f3.\" width=\"550\" height=\"771\" data-recalc-dims=\"1\" \/><\/a><p id=\"caption-attachment-41740\" class=\"wp-caption-text\">Editorial &#8211; A vida em tons de cinza fotografado Andr\u00e9 Schilir\u00f3.<\/p><\/div>\n<div id=\"attachment_41741\" style=\"width: 560px\" class=\"wp-caption aligncenter\"><a class=\"lightbox\" title=\"Editorial - A vida em tons de cinza fotografado Andr\u00e9 Schilir\u00f3.\" href=\"https:\/\/i0.wp.com\/www.agrund.com\/wp-content\/uploads\/2012\/08\/53.jpg\"><img aria-describedby=\"caption-attachment-41741\" decoding=\"async\" loading=\"lazy\" class=\"size-full wp-image-41741\" title=\"Editorial - A vida em tons de cinza fotografado Andr\u00e9 Schilir\u00f3.\" src=\"https:\/\/i0.wp.com\/www.agrund.com\/wp-content\/uploads\/2012\/08\/53.jpg?resize=550%2C758\" alt=\"Editorial - A vida em tons de cinza fotografado Andr\u00e9 Schilir\u00f3.\" width=\"550\" height=\"758\" data-recalc-dims=\"1\" \/><\/a><p id=\"caption-attachment-41741\" class=\"wp-caption-text\">Editorial &#8211; A vida em tons de cinza fotografado Andr\u00e9 Schilir\u00f3.<\/p><\/div>\n<p>Imagens por Reprodu\u00e7\u00e3o.<\/p>\n<p><img decoding=\"async\" src=\"https:\/\/i0.wp.com\/www.agrund.com\/wp-content\/themes\/FashionPlus\/images\/topo_moda_masculina.jpg\" alt=\"Moda Masculina\" data-recalc-dims=\"1\" \/><\/p>\n","protected":false},"excerpt":{"rendered":"<p>Acho lindo esse editorial que fiz com meu querido Andr\u00e9 Schilir\u00f3, companheiro de longa data. Aqui mostro v\u00e1rias maneiras de como usar o tradicional \u201cterninho\u201d cinza sem ficar careta. Mas para quebrar algumas regras b\u00e1sicas da alfaiataria cl\u00e1ssica \u00e9 preciso ter personalidade. Inspire-se! &nbsp; Imagens por Reprodu\u00e7\u00e3o.<\/p>\n","protected":false},"author":8,"featured_media":41742,"comment_status":"open","ping_status":"open","sticky":false,"template":"","format":"standard","meta":{"jetpack_post_was_ever_published":false,"_jetpack_newsletter_access":"","jetpack_publicize_message":"","jetpack_is_tweetstorm":false,"jetpack_publicize_feature_enabled":true,"jetpack_social_post_already_shared":false,"jetpack_social_options":{"image_generator_settings":{"template":"highway","enabled":false}}},"categories":[6],"tags":[],"jetpack_publicize_connections":[],"jetpack_featured_media_url":"","jetpack_sharing_enabled":true,"jetpack_shortlink":"https:\/\/wp.me\/p3Hz0n-aRa","jetpack_likes_enabled":true,"_links":{"self":[{"href":"https:\/\/agrund.com\/index.php\/wp-json\/wp\/v2\/posts\/41736"}],"collection":[{"href":"https:\/\/agrund.com\/index.php\/wp-json\/wp\/v2\/posts"}],"about":[{"href":"https:\/\/agrund.com\/index.php\/wp-json\/wp\/v2\/types\/post"}],"author":[{"embeddable":true,"href":"https:\/\/agrund.com\/index.php\/wp-json\/wp\/v2\/users\/8"}],"replies":[{"embeddable":true,"href":"https:\/\/agrund.com\/index.php\/wp-json\/wp\/v2\/comments?post=41736"}],"version-history":[{"count":0,"href":"https:\/\/agrund.com\/index.php\/wp-json\/wp\/v2\/posts\/41736\/revisions"}],"wp:featuredmedia":[{"embeddable":true,"href":"https:\/\/agrund.com\/index.php\/wp-json\/"}],"wp:attachment":[{"href":"https:\/\/agrund.com\/index.php\/wp-json\/wp\/v2\/media?parent=41736"}],"wp:term":[{"taxonomy":"category","embeddable":true,"href":"https:\/\/agrund.com\/index.php\/wp-json\/wp\/v2\/categories?post=41736"},{"taxonomy":"post_tag","embeddable":true,"href":"https:\/\/agrund.com\/index.php\/wp-json\/wp\/v2\/tags?post=41736"}],"curies":[{"name":"wp","href":"https:\/\/api.w.org\/{rel}","templated":true}]}}