{"id":41048,"date":"2012-08-21T19:00:25","date_gmt":"2012-08-21T22:00:25","guid":{"rendered":"http:\/\/www.agrund.com\/?p=41048"},"modified":"2012-08-21T19:00:25","modified_gmt":"2012-08-21T22:00:25","slug":"lwren-scott-passa-a-desfilar-na-semana-de-moda-de-paris","status":"publish","type":"post","link":"https:\/\/agrund.com\/index.php\/lwren-scott-passa-a-desfilar-na-semana-de-moda-de-paris\/","title":{"rendered":"L&#8217;Wren Scott passa a desfilar na Semana de Moda de Paris"},"content":{"rendered":"<div>\n<p><span style=\"font-family: arial, helvetica, sans-serif\">L&#8217;Wren Scott n\u00e3o integra mais o line-up da Semana de Moda de nova York. A designer \u00a0decidiu \u00a0trocar de passarelas e apresentar a cole\u00e7\u00e3o Ver\u00e3o 2013\/14 de sua marca hom\u00f4nima na Semana de Moda de Paris. Segundo a modelo a mudan\u00e7a aconteceu para produzir sua cole\u00e7\u00e3o com um maior espa\u00e7o de tempo, j\u00e1 que a Semana de Moda de Paris acontece um m\u00eas ap\u00f3s a de Nova York.<\/span><\/p>\n<div id=\"attachment_41050\" style=\"width: 510px\" class=\"wp-caption aligncenter\"><a class=\"lightbox\" title=\"L'Wren Scott passa a desfilar na Semana de Moda de Paris\" href=\"https:\/\/i0.wp.com\/www.agrund.com\/wp-content\/uploads\/2012\/08\/LWren-Scott-rtw-fw2012-08_192920972465.jpg_carousel_parties.jpg\"><img aria-describedby=\"caption-attachment-41050\" decoding=\"async\" loading=\"lazy\" class=\"size-full wp-image-41050\" title=\"L'Wren Scott passa a desfilar na Semana de Moda de Paris\" src=\"https:\/\/i0.wp.com\/www.agrund.com\/wp-content\/uploads\/2012\/08\/LWren-Scott-rtw-fw2012-08_192920972465.jpg_carousel_parties.jpg?resize=500%2C374\" alt=\"L'Wren Scott passa a desfilar na Semana de Moda de Paris\" width=\"500\" height=\"374\" data-recalc-dims=\"1\" \/><\/a><p id=\"caption-attachment-41050\" class=\"wp-caption-text\">L&#8217;Wren Scott passa a desfilar na Semana de Moda de Paris<\/p><\/div>\n<div id=\"attachment_41049\" style=\"width: 510px\" class=\"wp-caption aligncenter\"><a class=\"lightbox\" title=\"L'Wren Scott passa a desfilar na Semana de Moda de Paris\" href=\"https:\/\/i0.wp.com\/www.agrund.com\/wp-content\/uploads\/2012\/08\/LWREN-FALL2012-34.jpg\"><img aria-describedby=\"caption-attachment-41049\" decoding=\"async\" loading=\"lazy\" class=\"size-full wp-image-41049\" title=\"L'Wren Scott passa a desfilar na Semana de Moda de Paris\" src=\"https:\/\/i0.wp.com\/www.agrund.com\/wp-content\/uploads\/2012\/08\/LWREN-FALL2012-34.jpg?resize=500%2C750\" alt=\"L'Wren Scott passa a desfilar na Semana de Moda de Paris\" width=\"500\" height=\"750\" data-recalc-dims=\"1\" \/><\/a><p id=\"caption-attachment-41049\" class=\"wp-caption-text\">L&#8217;Wren Scott passa a desfilar na Semana de Moda de Paris<\/p><\/div>\n<\/div>\n<p>Imagens por Reprodu\u00e7\u00e3o.<\/p>\n","protected":false},"excerpt":{"rendered":"<p>L&#8217;Wren Scott n\u00e3o integra mais o line-up da Semana de Moda de nova York. A designer \u00a0decidiu \u00a0trocar de passarelas e apresentar a cole\u00e7\u00e3o Ver\u00e3o 2013\/14 de sua marca hom\u00f4nima na Semana de Moda de Paris. Segundo a modelo a mudan\u00e7a aconteceu para produzir sua cole\u00e7\u00e3o com um maior espa\u00e7o de tempo, j\u00e1 que a [&hellip;]<\/p>\n","protected":false},"author":8,"featured_media":41051,"comment_status":"open","ping_status":"open","sticky":false,"template":"","format":"standard","meta":{"jetpack_post_was_ever_published":false,"_jetpack_newsletter_access":"","jetpack_publicize_message":"","jetpack_is_tweetstorm":false,"jetpack_publicize_feature_enabled":true,"jetpack_social_post_already_shared":false,"jetpack_social_options":{"image_generator_settings":{"template":"highway","enabled":false}}},"categories":[2],"tags":[],"jetpack_publicize_connections":[],"jetpack_featured_media_url":"","jetpack_sharing_enabled":true,"jetpack_shortlink":"https:\/\/wp.me\/p3Hz0n-aG4","jetpack_likes_enabled":true,"_links":{"self":[{"href":"https:\/\/agrund.com\/index.php\/wp-json\/wp\/v2\/posts\/41048"}],"collection":[{"href":"https:\/\/agrund.com\/index.php\/wp-json\/wp\/v2\/posts"}],"about":[{"href":"https:\/\/agrund.com\/index.php\/wp-json\/wp\/v2\/types\/post"}],"author":[{"embeddable":true,"href":"https:\/\/agrund.com\/index.php\/wp-json\/wp\/v2\/users\/8"}],"replies":[{"embeddable":true,"href":"https:\/\/agrund.com\/index.php\/wp-json\/wp\/v2\/comments?post=41048"}],"version-history":[{"count":0,"href":"https:\/\/agrund.com\/index.php\/wp-json\/wp\/v2\/posts\/41048\/revisions"}],"wp:featuredmedia":[{"embeddable":true,"href":"https:\/\/agrund.com\/index.php\/wp-json\/"}],"wp:attachment":[{"href":"https:\/\/agrund.com\/index.php\/wp-json\/wp\/v2\/media?parent=41048"}],"wp:term":[{"taxonomy":"category","embeddable":true,"href":"https:\/\/agrund.com\/index.php\/wp-json\/wp\/v2\/categories?post=41048"},{"taxonomy":"post_tag","embeddable":true,"href":"https:\/\/agrund.com\/index.php\/wp-json\/wp\/v2\/tags?post=41048"}],"curies":[{"name":"wp","href":"https:\/\/api.w.org\/{rel}","templated":true}]}}