{"id":40856,"date":"2012-08-20T17:00:51","date_gmt":"2012-08-20T20:00:51","guid":{"rendered":"http:\/\/www.agrund.com\/?p=40856"},"modified":"2012-08-20T17:00:51","modified_gmt":"2012-08-20T20:00:51","slug":"louis-vuitton-divulga-imagens-da-pre-colecao-verao-2013","status":"publish","type":"post","link":"https:\/\/agrund.com\/index.php\/louis-vuitton-divulga-imagens-da-pre-colecao-verao-2013\/","title":{"rendered":"Louis Vuitton divulga imagens da Pr\u00e9-Cole\u00e7\u00e3o Ver\u00e3o 2013"},"content":{"rendered":"<div>\n<p>\u00a0A Louis Vuitton divulgou as primeiras imagens da sua Pr\u00e9-Cole\u00e7\u00e3o Ver\u00e3o 2013 masculina. Para essa temporada, o designer Kim Jones, respons\u00e1vel pelo ala voltada para os homens da casa francesa, abusa das padronagens e texturas. Preparem-se para ver muito xadrez, estampas e cores como azul, roxo e laranja.<\/p>\n<div id=\"attachment_40864\" style=\"width: 560px\" class=\"wp-caption aligncenter\"><a class=\"lightbox\" title=\"Louis Vuitton divulga imagens da Pr\u00e9-Cole\u00e7\u00e3o Ver\u00e3o 2013\" href=\"https:\/\/i0.wp.com\/www.agrund.com\/wp-content\/uploads\/2012\/08\/louis-vuitton-pre-ss2013-7.jpg\"><img aria-describedby=\"caption-attachment-40864\" decoding=\"async\" loading=\"lazy\" class=\"size-full wp-image-40864\" title=\"Louis Vuitton divulga imagens da Pr\u00e9-Cole\u00e7\u00e3o Ver\u00e3o 2013\" src=\"https:\/\/i0.wp.com\/www.agrund.com\/wp-content\/uploads\/2012\/08\/louis-vuitton-pre-ss2013-7.jpg?resize=550%2C584\" alt=\"Louis Vuitton divulga imagens da Pr\u00e9-Cole\u00e7\u00e3o Ver\u00e3o 2013\" width=\"550\" height=\"584\" data-recalc-dims=\"1\" \/><\/a><p id=\"caption-attachment-40864\" class=\"wp-caption-text\">Louis Vuitton divulga imagens da Pr\u00e9-Cole\u00e7\u00e3o Ver\u00e3o 2013<\/p><\/div>\n<div id=\"attachment_40863\" style=\"width: 560px\" class=\"wp-caption aligncenter\"><a class=\"lightbox\" title=\"Louis Vuitton divulga imagens da Pr\u00e9-Cole\u00e7\u00e3o Ver\u00e3o 2013\" href=\"https:\/\/i0.wp.com\/www.agrund.com\/wp-content\/uploads\/2012\/08\/louis-vuitton-pre-ss2013-6.jpg\"><img aria-describedby=\"caption-attachment-40863\" decoding=\"async\" loading=\"lazy\" class=\"size-full wp-image-40863\" title=\"Louis Vuitton divulga imagens da Pr\u00e9-Cole\u00e7\u00e3o Ver\u00e3o 2013\" src=\"https:\/\/i0.wp.com\/www.agrund.com\/wp-content\/uploads\/2012\/08\/louis-vuitton-pre-ss2013-6.jpg?resize=550%2C577\" alt=\"Louis Vuitton divulga imagens da Pr\u00e9-Cole\u00e7\u00e3o Ver\u00e3o 2013\" width=\"550\" height=\"577\" data-recalc-dims=\"1\" \/><\/a><p id=\"caption-attachment-40863\" class=\"wp-caption-text\">Louis Vuitton divulga imagens da Pr\u00e9-Cole\u00e7\u00e3o Ver\u00e3o 2013<\/p><\/div>\n<div id=\"attachment_40862\" style=\"width: 560px\" class=\"wp-caption aligncenter\"><a class=\"lightbox\" title=\"Louis Vuitton divulga imagens da Pr\u00e9-Cole\u00e7\u00e3o Ver\u00e3o 2013\" href=\"https:\/\/i0.wp.com\/www.agrund.com\/wp-content\/uploads\/2012\/08\/louis-vuitton-pre-ss2013-5.jpg\"><img aria-describedby=\"caption-attachment-40862\" decoding=\"async\" loading=\"lazy\" class=\"size-full wp-image-40862\" title=\"Louis Vuitton divulga imagens da Pr\u00e9-Cole\u00e7\u00e3o Ver\u00e3o 2013\" src=\"https:\/\/i0.wp.com\/www.agrund.com\/wp-content\/uploads\/2012\/08\/louis-vuitton-pre-ss2013-5.jpg?resize=550%2C584\" alt=\"Louis Vuitton divulga imagens da Pr\u00e9-Cole\u00e7\u00e3o Ver\u00e3o 2013\" width=\"550\" height=\"584\" data-recalc-dims=\"1\" \/><\/a><p id=\"caption-attachment-40862\" class=\"wp-caption-text\">Louis Vuitton divulga imagens da Pr\u00e9-Cole\u00e7\u00e3o Ver\u00e3o 2013<\/p><\/div>\n<div id=\"attachment_40861\" style=\"width: 560px\" class=\"wp-caption aligncenter\"><a class=\"lightbox\" title=\"Louis Vuitton divulga imagens da Pr\u00e9-Cole\u00e7\u00e3o Ver\u00e3o 2013\" href=\"https:\/\/i0.wp.com\/www.agrund.com\/wp-content\/uploads\/2012\/08\/louis-vuitton-pre-ss2013-4.jpg\"><img aria-describedby=\"caption-attachment-40861\" decoding=\"async\" loading=\"lazy\" class=\"size-full wp-image-40861\" title=\"Louis Vuitton divulga imagens da Pr\u00e9-Cole\u00e7\u00e3o Ver\u00e3o 2013\" src=\"https:\/\/i0.wp.com\/www.agrund.com\/wp-content\/uploads\/2012\/08\/louis-vuitton-pre-ss2013-4.jpg?resize=550%2C578\" alt=\"Louis Vuitton divulga imagens da Pr\u00e9-Cole\u00e7\u00e3o Ver\u00e3o 2013\" width=\"550\" height=\"578\" data-recalc-dims=\"1\" \/><\/a><p id=\"caption-attachment-40861\" class=\"wp-caption-text\">Louis Vuitton divulga imagens da Pr\u00e9-Cole\u00e7\u00e3o Ver\u00e3o 2013<\/p><\/div>\n<div id=\"attachment_40860\" style=\"width: 560px\" class=\"wp-caption aligncenter\"><a class=\"lightbox\" title=\"Louis Vuitton divulga imagens da Pr\u00e9-Cole\u00e7\u00e3o Ver\u00e3o 2013\" href=\"https:\/\/i0.wp.com\/www.agrund.com\/wp-content\/uploads\/2012\/08\/louis-vuitton-pre-ss2013-3.jpg\"><img aria-describedby=\"caption-attachment-40860\" decoding=\"async\" loading=\"lazy\" class=\"size-full wp-image-40860\" title=\"Louis Vuitton divulga imagens da Pr\u00e9-Cole\u00e7\u00e3o Ver\u00e3o 2013\" src=\"https:\/\/i0.wp.com\/www.agrund.com\/wp-content\/uploads\/2012\/08\/louis-vuitton-pre-ss2013-3.jpg?resize=550%2C582\" alt=\"Louis Vuitton divulga imagens da Pr\u00e9-Cole\u00e7\u00e3o Ver\u00e3o 2013\" width=\"550\" height=\"582\" data-recalc-dims=\"1\" \/><\/a><p id=\"caption-attachment-40860\" class=\"wp-caption-text\">Louis Vuitton divulga imagens da Pr\u00e9-Cole\u00e7\u00e3o Ver\u00e3o 2013<\/p><\/div>\n<div id=\"attachment_40859\" style=\"width: 560px\" class=\"wp-caption aligncenter\"><a class=\"lightbox\" title=\"Louis Vuitton divulga imagens da Pr\u00e9-Cole\u00e7\u00e3o Ver\u00e3o 2013\" href=\"https:\/\/i0.wp.com\/www.agrund.com\/wp-content\/uploads\/2012\/08\/louis-vuitton-pre-ss2013-2.jpg\"><img aria-describedby=\"caption-attachment-40859\" decoding=\"async\" loading=\"lazy\" class=\"size-full wp-image-40859\" title=\"Louis Vuitton divulga imagens da Pr\u00e9-Cole\u00e7\u00e3o Ver\u00e3o 2013\" src=\"https:\/\/i0.wp.com\/www.agrund.com\/wp-content\/uploads\/2012\/08\/louis-vuitton-pre-ss2013-2.jpg?resize=550%2C584\" alt=\"Louis Vuitton divulga imagens da Pr\u00e9-Cole\u00e7\u00e3o Ver\u00e3o 2013\" width=\"550\" height=\"584\" data-recalc-dims=\"1\" \/><\/a><p id=\"caption-attachment-40859\" class=\"wp-caption-text\">Louis Vuitton divulga imagens da Pr\u00e9-Cole\u00e7\u00e3o Ver\u00e3o 2013<\/p><\/div>\n<div id=\"attachment_40858\" style=\"width: 560px\" class=\"wp-caption aligncenter\"><a class=\"lightbox\" title=\"Louis Vuitton divulga imagens da Pr\u00e9-Cole\u00e7\u00e3o Ver\u00e3o 2013\" href=\"https:\/\/i0.wp.com\/www.agrund.com\/wp-content\/uploads\/2012\/08\/louis-vuitton-pre-ss2013-1.jpg\"><img aria-describedby=\"caption-attachment-40858\" decoding=\"async\" loading=\"lazy\" class=\"size-full wp-image-40858\" title=\"Louis Vuitton divulga imagens da Pr\u00e9-Cole\u00e7\u00e3o Ver\u00e3o 2013\" src=\"https:\/\/i0.wp.com\/www.agrund.com\/wp-content\/uploads\/2012\/08\/louis-vuitton-pre-ss2013-1.jpg?resize=550%2C581\" alt=\"Louis Vuitton divulga imagens da Pr\u00e9-Cole\u00e7\u00e3o Ver\u00e3o 2013\" width=\"550\" height=\"581\" data-recalc-dims=\"1\" \/><\/a><p id=\"caption-attachment-40858\" class=\"wp-caption-text\">Louis Vuitton divulga imagens da Pr\u00e9-Cole\u00e7\u00e3o Ver\u00e3o 2013<\/p><\/div>\n<div id=\"attachment_40857\" style=\"width: 560px\" class=\"wp-caption aligncenter\"><a class=\"lightbox\" title=\"Louis Vuitton divulga imagens da Pr\u00e9-Cole\u00e7\u00e3o Ver\u00e3o 2013\" href=\"https:\/\/i0.wp.com\/www.agrund.com\/wp-content\/uploads\/2012\/08\/louis-vuitton-pre-ss2013-.jpg\"><img aria-describedby=\"caption-attachment-40857\" decoding=\"async\" loading=\"lazy\" class=\"size-full wp-image-40857\" title=\"Louis Vuitton divulga imagens da Pr\u00e9-Cole\u00e7\u00e3o Ver\u00e3o 2013\" src=\"https:\/\/i0.wp.com\/www.agrund.com\/wp-content\/uploads\/2012\/08\/louis-vuitton-pre-ss2013-.jpg?resize=550%2C584\" alt=\"Louis Vuitton divulga imagens da Pr\u00e9-Cole\u00e7\u00e3o Ver\u00e3o 2013\" width=\"550\" height=\"584\" data-recalc-dims=\"1\" \/><\/a><p id=\"caption-attachment-40857\" class=\"wp-caption-text\">Louis Vuitton divulga imagens da Pr\u00e9-Cole\u00e7\u00e3o Ver\u00e3o 2013<\/p><\/div>\n<\/div>\n<p>Fotos por Reprodu\u00e7\u00e3o.<\/p>\n<p><img decoding=\"async\" src=\"https:\/\/i0.wp.com\/www.agrund.com\/wp-content\/themes\/FashionPlus\/images\/topo_moda_masculina.jpg\" alt=\"Moda Masculina\" data-recalc-dims=\"1\" \/><\/p>\n","protected":false},"excerpt":{"rendered":"<p>\u00a0A Louis Vuitton divulgou as primeiras imagens da sua Pr\u00e9-Cole\u00e7\u00e3o Ver\u00e3o 2013 masculina. Para essa temporada, o designer Kim Jones, respons\u00e1vel pelo ala voltada para os homens da casa francesa, abusa das padronagens e texturas. Preparem-se para ver muito xadrez, estampas e cores como azul, roxo e laranja. Fotos por Reprodu\u00e7\u00e3o.<\/p>\n","protected":false},"author":8,"featured_media":40865,"comment_status":"open","ping_status":"open","sticky":false,"template":"","format":"standard","meta":{"jetpack_post_was_ever_published":false,"_jetpack_newsletter_access":"","jetpack_publicize_message":"","jetpack_is_tweetstorm":false,"jetpack_publicize_feature_enabled":true,"jetpack_social_post_already_shared":false,"jetpack_social_options":{"image_generator_settings":{"template":"highway","enabled":false}}},"categories":[6],"tags":[],"jetpack_publicize_connections":[],"jetpack_featured_media_url":"","jetpack_sharing_enabled":true,"jetpack_shortlink":"https:\/\/wp.me\/p3Hz0n-aCY","jetpack_likes_enabled":true,"_links":{"self":[{"href":"https:\/\/agrund.com\/index.php\/wp-json\/wp\/v2\/posts\/40856"}],"collection":[{"href":"https:\/\/agrund.com\/index.php\/wp-json\/wp\/v2\/posts"}],"about":[{"href":"https:\/\/agrund.com\/index.php\/wp-json\/wp\/v2\/types\/post"}],"author":[{"embeddable":true,"href":"https:\/\/agrund.com\/index.php\/wp-json\/wp\/v2\/users\/8"}],"replies":[{"embeddable":true,"href":"https:\/\/agrund.com\/index.php\/wp-json\/wp\/v2\/comments?post=40856"}],"version-history":[{"count":0,"href":"https:\/\/agrund.com\/index.php\/wp-json\/wp\/v2\/posts\/40856\/revisions"}],"wp:featuredmedia":[{"embeddable":true,"href":"https:\/\/agrund.com\/index.php\/wp-json\/"}],"wp:attachment":[{"href":"https:\/\/agrund.com\/index.php\/wp-json\/wp\/v2\/media?parent=40856"}],"wp:term":[{"taxonomy":"category","embeddable":true,"href":"https:\/\/agrund.com\/index.php\/wp-json\/wp\/v2\/categories?post=40856"},{"taxonomy":"post_tag","embeddable":true,"href":"https:\/\/agrund.com\/index.php\/wp-json\/wp\/v2\/tags?post=40856"}],"curies":[{"name":"wp","href":"https:\/\/api.w.org\/{rel}","templated":true}]}}