{"id":40823,"date":"2012-08-20T13:00:37","date_gmt":"2012-08-20T16:00:37","guid":{"rendered":"http:\/\/www.agrund.com\/?p=40823"},"modified":"2012-08-20T13:00:37","modified_gmt":"2012-08-20T16:00:37","slug":"tom-brady-na-capa-da-v-man-inverno-2013","status":"publish","type":"post","link":"https:\/\/agrund.com\/index.php\/tom-brady-na-capa-da-v-man-inverno-2013\/","title":{"rendered":"Tom Brady na capa da V Man Inverno 2013"},"content":{"rendered":"<p>Tom Brady, jogador de futebol americano e marido de\u00a0Gisele B\u00fcndchen,\u00a0\u00e9 capa da edi\u00e7\u00e3o de inverno 2013 da revista\u00a0V Man. Tom Brady foi entrevistado pelo estilista Tom Ford onde declarou como \u00e9 sua rela\u00e7\u00e3o com os filhos e Gisele.\u00a0\u201cEu cresci em um ambiente onde as pessoas n\u00e3o sentiam medo de mostrar como elas realmente se sentiam. Sou muito aben\u00e7oado por conseguir expressar meus sentimentos para meus dois filhos \u2013 \u00a0os beijo milhares de vezes por dia. Eu e minha mulher somos muito amorosos, faz parte da nossa natureza\u201d.<\/p>\n<div id=\"attachment_40825\" style=\"width: 510px\" class=\"wp-caption aligncenter\"><a class=\"lightbox\" title=\"Tom Brady na capa da V Man Inverno 2013\" href=\"https:\/\/i0.wp.com\/www.agrund.com\/wp-content\/uploads\/2012\/08\/tombrady.jpg\"><img aria-describedby=\"caption-attachment-40825\" decoding=\"async\" loading=\"lazy\" class=\"size-full wp-image-40825\" title=\"Tom Brady na capa da V Man Inverno 2013\" src=\"https:\/\/i0.wp.com\/www.agrund.com\/wp-content\/uploads\/2012\/08\/tombrady.jpg?resize=500%2C637\" alt=\"Tom Brady na capa da V Man Inverno 2013\" width=\"500\" height=\"637\" data-recalc-dims=\"1\" \/><\/a><p id=\"caption-attachment-40825\" class=\"wp-caption-text\">Tom Brady na capa da V Man Inverno 2013<\/p><\/div>\n<div id=\"attachment_40826\" style=\"width: 510px\" class=\"wp-caption aligncenter\"><a class=\"lightbox\" title=\"Tom Brady na capa da V Man Inverno 2013\" href=\"https:\/\/i0.wp.com\/www.agrund.com\/wp-content\/uploads\/2012\/08\/tom-brady2.jpg\"><img aria-describedby=\"caption-attachment-40826\" decoding=\"async\" loading=\"lazy\" class=\"size-full wp-image-40826\" title=\"Tom Brady na capa da V Man Inverno 2013\" src=\"https:\/\/i0.wp.com\/www.agrund.com\/wp-content\/uploads\/2012\/08\/tom-brady2.jpg?resize=500%2C319\" alt=\"Tom Brady na capa da V Man Inverno 2013\" width=\"500\" height=\"319\" data-recalc-dims=\"1\" \/><\/a><p id=\"caption-attachment-40826\" class=\"wp-caption-text\">Tom Brady na capa da V Man Inverno 2013<\/p><\/div>\n<div id=\"attachment_40827\" style=\"width: 510px\" class=\"wp-caption aligncenter\"><a class=\"lightbox\" title=\"Tom Brady na capa da V Man Inverno 2013\" href=\"https:\/\/i0.wp.com\/www.agrund.com\/wp-content\/uploads\/2012\/08\/tom-brady3.jpg\"><img aria-describedby=\"caption-attachment-40827\" decoding=\"async\" loading=\"lazy\" class=\"size-full wp-image-40827\" title=\"Tom Brady na capa da V Man Inverno 2013\" src=\"https:\/\/i0.wp.com\/www.agrund.com\/wp-content\/uploads\/2012\/08\/tom-brady3.jpg?resize=500%2C319\" alt=\"Tom Brady na capa da V Man Inverno 2013\" width=\"500\" height=\"319\" data-recalc-dims=\"1\" \/><\/a><p id=\"caption-attachment-40827\" class=\"wp-caption-text\">Tom Brady na capa da V Man Inverno 2013<\/p><\/div>\n<div id=\"attachment_40828\" style=\"width: 510px\" class=\"wp-caption aligncenter\"><a class=\"lightbox\" title=\"Tom Brady na capa da V Man Inverno 2013\" href=\"https:\/\/i0.wp.com\/www.agrund.com\/wp-content\/uploads\/2012\/08\/tom-brady4.jpg\"><img aria-describedby=\"caption-attachment-40828\" decoding=\"async\" loading=\"lazy\" class=\"size-full wp-image-40828\" title=\"Tom Brady na capa da V Man Inverno 2013\" src=\"https:\/\/i0.wp.com\/www.agrund.com\/wp-content\/uploads\/2012\/08\/tom-brady4.jpg?resize=500%2C319\" alt=\"Tom Brady na capa da V Man Inverno 2013\" width=\"500\" height=\"319\" data-recalc-dims=\"1\" \/><\/a><p id=\"caption-attachment-40828\" class=\"wp-caption-text\">Tom Brady na capa da V Man Inverno 2013<\/p><\/div>\n<div id=\"attachment_40829\" style=\"width: 510px\" class=\"wp-caption aligncenter\"><a class=\"lightbox\" title=\"Tom Brady na capa da V Man Inverno 2013\" href=\"https:\/\/i0.wp.com\/www.agrund.com\/wp-content\/uploads\/2012\/08\/tom-brady5.jpg\"><img aria-describedby=\"caption-attachment-40829\" decoding=\"async\" loading=\"lazy\" class=\"size-full wp-image-40829\" title=\"Tom Brady na capa da V Man Inverno 2013\" src=\"https:\/\/i0.wp.com\/www.agrund.com\/wp-content\/uploads\/2012\/08\/tom-brady5.jpg?resize=500%2C319\" alt=\"Tom Brady na capa da V Man Inverno 2013\" width=\"500\" height=\"319\" data-recalc-dims=\"1\" \/><\/a><p id=\"caption-attachment-40829\" class=\"wp-caption-text\">Tom Brady na capa da V Man Inverno 2013<\/p><\/div>\n<p><span style=\"font-family: Arial\">Fotos por Reprodu\u00e7\u00e3o.<\/span><\/p>\n<p><img decoding=\"async\" src=\"https:\/\/i0.wp.com\/www.agrund.com\/wp-content\/themes\/FashionPlus\/images\/topo_moda_masculina.jpg\" alt=\"Moda Masculina\" data-recalc-dims=\"1\" \/><\/p>\n","protected":false},"excerpt":{"rendered":"<p>Tom Brady, jogador de futebol americano e marido de\u00a0Gisele B\u00fcndchen,\u00a0\u00e9 capa da edi\u00e7\u00e3o de inverno 2013 da revista\u00a0V Man. Tom Brady foi entrevistado pelo estilista Tom Ford onde declarou como \u00e9 sua rela\u00e7\u00e3o com os filhos e Gisele.\u00a0\u201cEu cresci em um ambiente onde as pessoas n\u00e3o sentiam medo de mostrar como elas realmente se sentiam. [&hellip;]<\/p>\n","protected":false},"author":8,"featured_media":40824,"comment_status":"open","ping_status":"open","sticky":false,"template":"","format":"standard","meta":{"jetpack_post_was_ever_published":false,"_jetpack_newsletter_access":"","jetpack_publicize_message":"","jetpack_is_tweetstorm":false,"jetpack_publicize_feature_enabled":true,"jetpack_social_post_already_shared":false,"jetpack_social_options":{"image_generator_settings":{"template":"highway","enabled":false}}},"categories":[6],"tags":[],"jetpack_publicize_connections":[],"jetpack_featured_media_url":"","jetpack_sharing_enabled":true,"jetpack_shortlink":"https:\/\/wp.me\/p3Hz0n-aCr","jetpack_likes_enabled":true,"_links":{"self":[{"href":"https:\/\/agrund.com\/index.php\/wp-json\/wp\/v2\/posts\/40823"}],"collection":[{"href":"https:\/\/agrund.com\/index.php\/wp-json\/wp\/v2\/posts"}],"about":[{"href":"https:\/\/agrund.com\/index.php\/wp-json\/wp\/v2\/types\/post"}],"author":[{"embeddable":true,"href":"https:\/\/agrund.com\/index.php\/wp-json\/wp\/v2\/users\/8"}],"replies":[{"embeddable":true,"href":"https:\/\/agrund.com\/index.php\/wp-json\/wp\/v2\/comments?post=40823"}],"version-history":[{"count":0,"href":"https:\/\/agrund.com\/index.php\/wp-json\/wp\/v2\/posts\/40823\/revisions"}],"wp:featuredmedia":[{"embeddable":true,"href":"https:\/\/agrund.com\/index.php\/wp-json\/"}],"wp:attachment":[{"href":"https:\/\/agrund.com\/index.php\/wp-json\/wp\/v2\/media?parent=40823"}],"wp:term":[{"taxonomy":"category","embeddable":true,"href":"https:\/\/agrund.com\/index.php\/wp-json\/wp\/v2\/categories?post=40823"},{"taxonomy":"post_tag","embeddable":true,"href":"https:\/\/agrund.com\/index.php\/wp-json\/wp\/v2\/tags?post=40823"}],"curies":[{"name":"wp","href":"https:\/\/api.w.org\/{rel}","templated":true}]}}