{"id":40435,"date":"2012-08-13T18:30:34","date_gmt":"2012-08-13T21:30:34","guid":{"rendered":"http:\/\/www.agrund.com\/?p=40435"},"modified":"2012-08-13T18:30:34","modified_gmt":"2012-08-13T21:30:34","slug":"eu-e-carol-bittencourt-falando-de-moda-casual","status":"publish","type":"post","link":"https:\/\/agrund.com\/index.php\/eu-e-carol-bittencourt-falando-de-moda-casual\/","title":{"rendered":"Eu e Carol Bittencourt falando de moda casual"},"content":{"rendered":"<p>Come\u00e7ou ontem e vai por mais tr\u00eas dias \u2013 confira a agenda &#8211; uma s\u00e9rie de programas sobre moda masculina. As grava\u00e7\u00f5es aconteceram nos est\u00fadios da We Wonder TV, no programa We Luv da Caroline Bittencourt. Claro que roupas e produ\u00e7\u00f5es para homens foram o assunto, assim como tend\u00eancia e como us\u00e1-las no seu dia-a-dia. Aqui algumas fotos e logo abaixo o link para voc\u00ea assistir o bate-papo que tive com a linda Carol.<\/p>\n<p>Segue agenda de programa\u00e7\u00e3o:<\/p>\n<p>12\/08: Casual\u00a0\u2013 link abaixo.<br \/>\n16\/08: Alfaiataria<br \/>\n20\/08: Bon\u00e9 e Gorro<br \/>\n22\/08: Geek Chic<\/p>\n<p>O primeiro j\u00e1 est\u00e1 no ar!\u00a0<a href=\"http:\/\/www.wonder.tv.br\/we_luv.html\" target=\"_blank\">http:\/\/www.wonder.tv.br\/we_luv.html<\/a><\/p>\n<p>&nbsp;<\/p>\n<div id=\"attachment_40438\" style=\"width: 510px\" class=\"wp-caption aligncenter\"><a class=\"lightbox\" title=\" Eu e Carol Bittencourt falando de moda casual\" href=\"https:\/\/i0.wp.com\/www.agrund.com\/wp-content\/uploads\/2012\/08\/fabio-3.jpg\"><img aria-describedby=\"caption-attachment-40438\" decoding=\"async\" loading=\"lazy\" class=\"size-full wp-image-40438\" title=\" Eu e Carol Bittencourt falando de moda casual\" src=\"https:\/\/i0.wp.com\/www.agrund.com\/wp-content\/uploads\/2012\/08\/fabio-3.jpg?resize=500%2C667\" alt=\" Eu e Carol Bittencourt falando de moda casual\" width=\"500\" height=\"667\" data-recalc-dims=\"1\" \/><\/a><p id=\"caption-attachment-40438\" class=\"wp-caption-text\">Eu e Carol Bittencourt falando de moda casual<\/p><\/div>\n<div id=\"attachment_40437\" style=\"width: 510px\" class=\"wp-caption aligncenter\"><a class=\"lightbox\" title=\" Eu e Carol Bittencourt falando de moda casual\" href=\"https:\/\/i0.wp.com\/www.agrund.com\/wp-content\/uploads\/2012\/08\/fabio-2.jpg\"><img aria-describedby=\"caption-attachment-40437\" decoding=\"async\" loading=\"lazy\" class=\"size-full wp-image-40437\" title=\" Eu e Carol Bittencourt falando de moda casual\" src=\"https:\/\/i0.wp.com\/www.agrund.com\/wp-content\/uploads\/2012\/08\/fabio-2.jpg?resize=500%2C375\" alt=\" Eu e Carol Bittencourt falando de moda casual\" width=\"500\" height=\"375\" data-recalc-dims=\"1\" \/><\/a><p id=\"caption-attachment-40437\" class=\"wp-caption-text\">Eu e Carol Bittencourt falando de moda casual<\/p><\/div>\n<div id=\"attachment_40436\" style=\"width: 510px\" class=\"wp-caption aligncenter\"><a class=\"lightbox\" title=\" Eu e Carol Bittencourt falando de moda casual\" href=\"https:\/\/i0.wp.com\/www.agrund.com\/wp-content\/uploads\/2012\/08\/fabio-1.jpg\"><img aria-describedby=\"caption-attachment-40436\" decoding=\"async\" loading=\"lazy\" class=\"size-full wp-image-40436\" title=\" Eu e Carol Bittencourt falando de moda casual\" src=\"https:\/\/i0.wp.com\/www.agrund.com\/wp-content\/uploads\/2012\/08\/fabio-1.jpg?resize=500%2C375\" alt=\" Eu e Carol Bittencourt falando de moda casual\" width=\"500\" height=\"375\" data-recalc-dims=\"1\" \/><\/a><p id=\"caption-attachment-40436\" class=\"wp-caption-text\">Eu e Carol Bittencourt falando de moda casual<\/p><\/div>\n<p>Fotos por Divulga\u00e7\u00e3o.<\/p>\n","protected":false},"excerpt":{"rendered":"<p>Come\u00e7ou ontem e vai por mais tr\u00eas dias \u2013 confira a agenda &#8211; uma s\u00e9rie de programas sobre moda masculina. As grava\u00e7\u00f5es aconteceram nos est\u00fadios da We Wonder TV, no programa We Luv da Caroline Bittencourt. Claro que roupas e produ\u00e7\u00f5es para homens foram o assunto, assim como tend\u00eancia e como us\u00e1-las no seu dia-a-dia. [&hellip;]<\/p>\n","protected":false},"author":8,"featured_media":40439,"comment_status":"open","ping_status":"open","sticky":false,"template":"","format":"standard","meta":{"jetpack_post_was_ever_published":false,"_jetpack_newsletter_access":"","jetpack_publicize_message":"","jetpack_is_tweetstorm":false,"jetpack_publicize_feature_enabled":true,"jetpack_social_post_already_shared":false,"jetpack_social_options":{"image_generator_settings":{"template":"highway","enabled":false}}},"categories":[6],"tags":[],"jetpack_publicize_connections":[],"jetpack_featured_media_url":"","jetpack_sharing_enabled":true,"jetpack_shortlink":"https:\/\/wp.me\/p3Hz0n-awb","jetpack_likes_enabled":true,"_links":{"self":[{"href":"https:\/\/agrund.com\/index.php\/wp-json\/wp\/v2\/posts\/40435"}],"collection":[{"href":"https:\/\/agrund.com\/index.php\/wp-json\/wp\/v2\/posts"}],"about":[{"href":"https:\/\/agrund.com\/index.php\/wp-json\/wp\/v2\/types\/post"}],"author":[{"embeddable":true,"href":"https:\/\/agrund.com\/index.php\/wp-json\/wp\/v2\/users\/8"}],"replies":[{"embeddable":true,"href":"https:\/\/agrund.com\/index.php\/wp-json\/wp\/v2\/comments?post=40435"}],"version-history":[{"count":0,"href":"https:\/\/agrund.com\/index.php\/wp-json\/wp\/v2\/posts\/40435\/revisions"}],"wp:featuredmedia":[{"embeddable":true,"href":"https:\/\/agrund.com\/index.php\/wp-json\/"}],"wp:attachment":[{"href":"https:\/\/agrund.com\/index.php\/wp-json\/wp\/v2\/media?parent=40435"}],"wp:term":[{"taxonomy":"category","embeddable":true,"href":"https:\/\/agrund.com\/index.php\/wp-json\/wp\/v2\/categories?post=40435"},{"taxonomy":"post_tag","embeddable":true,"href":"https:\/\/agrund.com\/index.php\/wp-json\/wp\/v2\/tags?post=40435"}],"curies":[{"name":"wp","href":"https:\/\/api.w.org\/{rel}","templated":true}]}}