{"id":40260,"date":"2012-08-10T10:00:06","date_gmt":"2012-08-10T13:00:06","guid":{"rendered":"http:\/\/www.agrund.com\/?p=40260"},"modified":"2012-08-10T10:00:06","modified_gmt":"2012-08-10T13:00:06","slug":"katy-perry-na-campanha-da-ghd","status":"publish","type":"post","link":"https:\/\/agrund.com\/index.php\/katy-perry-na-campanha-da-ghd\/","title":{"rendered":"Katy Perry na campanha da Ghd"},"content":{"rendered":"<div id=\":js\">\n<div>\n<div>Katy Perry \u00e9 a nova garota-propaganda da Ghd, fabricante de chapinhas e acess\u00f3rios. A cantora aparece de cabelos longos escuros, diferente dos fios mega coloridos que estamos acostumados a v\u00ea-la. Os cliques s\u00e3o de Ellen Von Unwert. Confira:<\/div>\n<div>\n<div id=\"attachment_40262\" style=\"width: 490px\" class=\"wp-caption aligncenter\"><a class=\"lightbox\" title=\"Katy Perry na campanha da Ghd\" href=\"https:\/\/i0.wp.com\/www.agrund.com\/wp-content\/uploads\/2012\/08\/katy-perry-campanha-ghd.jpg\"><img aria-describedby=\"caption-attachment-40262\" decoding=\"async\" loading=\"lazy\" class=\"size-full wp-image-40262\" title=\"Katy Perry na campanha da Ghd\" src=\"https:\/\/i0.wp.com\/www.agrund.com\/wp-content\/uploads\/2012\/08\/katy-perry-campanha-ghd.jpg?resize=480%2C692\" alt=\"Katy Perry na campanha da Ghd\" width=\"480\" height=\"692\" data-recalc-dims=\"1\" \/><\/a><p id=\"caption-attachment-40262\" class=\"wp-caption-text\">Katy Perry na campanha da Ghd<\/p><\/div>\n<div id=\"attachment_40261\" style=\"width: 490px\" class=\"wp-caption aligncenter\"><a class=\"lightbox\" title=\"Katy Perry na campanha da Ghd\" href=\"https:\/\/i0.wp.com\/www.agrund.com\/wp-content\/uploads\/2012\/08\/18.jpg\"><img aria-describedby=\"caption-attachment-40261\" decoding=\"async\" loading=\"lazy\" class=\"size-full wp-image-40261\" title=\"Katy Perry na campanha da Ghd\" src=\"https:\/\/i0.wp.com\/www.agrund.com\/wp-content\/uploads\/2012\/08\/18.jpg?resize=480%2C692\" alt=\"Katy Perry na campanha da Ghd\" width=\"480\" height=\"692\" data-recalc-dims=\"1\" \/><\/a><p id=\"caption-attachment-40261\" class=\"wp-caption-text\">Katy Perry na campanha da Ghd<\/p><\/div>\n<\/div>\n<div><\/div>\n<div>Fotos por Reprodu\u00e7\u00e3o.<\/div>\n<\/div>\n<div><\/div>\n<\/div>\n<div id=\":jg\"><\/div>\n","protected":false},"excerpt":{"rendered":"<p>Katy Perry \u00e9 a nova garota-propaganda da Ghd, fabricante de chapinhas e acess\u00f3rios. A cantora aparece de cabelos longos escuros, diferente dos fios mega coloridos que estamos acostumados a v\u00ea-la. Os cliques s\u00e3o de Ellen Von Unwert. Confira: Fotos por Reprodu\u00e7\u00e3o.<\/p>\n","protected":false},"author":8,"featured_media":40263,"comment_status":"open","ping_status":"open","sticky":false,"template":"","format":"standard","meta":{"jetpack_post_was_ever_published":false,"_jetpack_newsletter_access":"","jetpack_publicize_message":"","jetpack_is_tweetstorm":false,"jetpack_publicize_feature_enabled":true,"jetpack_social_post_already_shared":false,"jetpack_social_options":{"image_generator_settings":{"template":"highway","enabled":false}}},"categories":[2],"tags":[],"jetpack_publicize_connections":[],"jetpack_featured_media_url":"","jetpack_sharing_enabled":true,"jetpack_shortlink":"https:\/\/wp.me\/p3Hz0n-atm","jetpack_likes_enabled":true,"_links":{"self":[{"href":"https:\/\/agrund.com\/index.php\/wp-json\/wp\/v2\/posts\/40260"}],"collection":[{"href":"https:\/\/agrund.com\/index.php\/wp-json\/wp\/v2\/posts"}],"about":[{"href":"https:\/\/agrund.com\/index.php\/wp-json\/wp\/v2\/types\/post"}],"author":[{"embeddable":true,"href":"https:\/\/agrund.com\/index.php\/wp-json\/wp\/v2\/users\/8"}],"replies":[{"embeddable":true,"href":"https:\/\/agrund.com\/index.php\/wp-json\/wp\/v2\/comments?post=40260"}],"version-history":[{"count":0,"href":"https:\/\/agrund.com\/index.php\/wp-json\/wp\/v2\/posts\/40260\/revisions"}],"wp:featuredmedia":[{"embeddable":true,"href":"https:\/\/agrund.com\/index.php\/wp-json\/"}],"wp:attachment":[{"href":"https:\/\/agrund.com\/index.php\/wp-json\/wp\/v2\/media?parent=40260"}],"wp:term":[{"taxonomy":"category","embeddable":true,"href":"https:\/\/agrund.com\/index.php\/wp-json\/wp\/v2\/categories?post=40260"},{"taxonomy":"post_tag","embeddable":true,"href":"https:\/\/agrund.com\/index.php\/wp-json\/wp\/v2\/tags?post=40260"}],"curies":[{"name":"wp","href":"https:\/\/api.w.org\/{rel}","templated":true}]}}