{"id":39670,"date":"2012-08-06T16:00:05","date_gmt":"2012-08-06T19:00:05","guid":{"rendered":"http:\/\/www.agrund.com\/?p=39670"},"modified":"2012-08-06T16:00:05","modified_gmt":"2012-08-06T19:00:05","slug":"james-dean-e-inspiracao-para-campanha-da-zara","status":"publish","type":"post","link":"https:\/\/agrund.com\/index.php\/james-dean-e-inspiracao-para-campanha-da-zara\/","title":{"rendered":"James Dean \u00e9 inspira\u00e7\u00e3o para campanha da Zara"},"content":{"rendered":"<p>A campanha Inverno 2013 da Zara tem os super modelos Sean O\u2019Pry e Jon Kortajarena estrelando os cliques do fot\u00f3grafo David Sims. Com pegada retr\u00f4 as imagens apresentam os modelos como rebeldes elegantes, inspirados no ic\u00f4nico ator James Dean.<\/p>\n<p>&nbsp;<\/p>\n<div id=\"attachment_39672\" style=\"width: 510px\" class=\"wp-caption aligncenter\"><a class=\"lightbox\" title=\"James Dean \u00e9 inspira\u00e7\u00e3o para campanha da Zara \" href=\"https:\/\/i0.wp.com\/www.agrund.com\/wp-content\/uploads\/2012\/08\/zara_campanha_nova_1.jpg\"><img aria-describedby=\"caption-attachment-39672\" decoding=\"async\" loading=\"lazy\" class=\"size-full wp-image-39672\" title=\"James Dean \u00e9 inspira\u00e7\u00e3o para campanha da Zara \" src=\"https:\/\/i0.wp.com\/www.agrund.com\/wp-content\/uploads\/2012\/08\/zara_campanha_nova_1.jpg?resize=500%2C355\" alt=\"James Dean \u00e9 inspira\u00e7\u00e3o para campanha da Zara \" width=\"500\" height=\"355\" data-recalc-dims=\"1\" \/><\/a><p id=\"caption-attachment-39672\" class=\"wp-caption-text\">James Dean \u00e9 inspira\u00e7\u00e3o para campanha da Zara<\/p><\/div>\n<div id=\"attachment_39673\" style=\"width: 510px\" class=\"wp-caption aligncenter\"><a class=\"lightbox\" title=\"James Dean \u00e9 inspira\u00e7\u00e3o para campanha da Zara \" href=\"https:\/\/i0.wp.com\/www.agrund.com\/wp-content\/uploads\/2012\/08\/zara_campanha_nova_2.jpg\"><img aria-describedby=\"caption-attachment-39673\" decoding=\"async\" loading=\"lazy\" class=\"size-full wp-image-39673\" title=\"James Dean \u00e9 inspira\u00e7\u00e3o para campanha da Zara \" src=\"https:\/\/i0.wp.com\/www.agrund.com\/wp-content\/uploads\/2012\/08\/zara_campanha_nova_2.jpg?resize=500%2C355\" alt=\"James Dean \u00e9 inspira\u00e7\u00e3o para campanha da Zara \" width=\"500\" height=\"355\" data-recalc-dims=\"1\" \/><\/a><p id=\"caption-attachment-39673\" class=\"wp-caption-text\">James Dean \u00e9 inspira\u00e7\u00e3o para campanha da Zara<\/p><\/div>\n<div id=\"attachment_39674\" style=\"width: 510px\" class=\"wp-caption aligncenter\"><a class=\"lightbox\" title=\"James Dean \u00e9 inspira\u00e7\u00e3o para campanha da Zara \" href=\"https:\/\/i0.wp.com\/www.agrund.com\/wp-content\/uploads\/2012\/08\/zara_campanha_nova_3.jpg\"><img aria-describedby=\"caption-attachment-39674\" decoding=\"async\" loading=\"lazy\" class=\"size-full wp-image-39674\" title=\"James Dean \u00e9 inspira\u00e7\u00e3o para campanha da Zara \" src=\"https:\/\/i0.wp.com\/www.agrund.com\/wp-content\/uploads\/2012\/08\/zara_campanha_nova_3.jpg?resize=500%2C355\" alt=\"James Dean \u00e9 inspira\u00e7\u00e3o para campanha da Zara \" width=\"500\" height=\"355\" data-recalc-dims=\"1\" \/><\/a><p id=\"caption-attachment-39674\" class=\"wp-caption-text\">James Dean \u00e9 inspira\u00e7\u00e3o para campanha da Zara<\/p><\/div>\n<div id=\"attachment_39675\" style=\"width: 510px\" class=\"wp-caption aligncenter\"><a class=\"lightbox\" title=\"James Dean \u00e9 inspira\u00e7\u00e3o para campanha da Zara \" href=\"https:\/\/i0.wp.com\/www.agrund.com\/wp-content\/uploads\/2012\/08\/zara_campanha_nova_4.jpg\"><img aria-describedby=\"caption-attachment-39675\" decoding=\"async\" loading=\"lazy\" class=\"size-full wp-image-39675\" title=\"James Dean \u00e9 inspira\u00e7\u00e3o para campanha da Zara \" src=\"https:\/\/i0.wp.com\/www.agrund.com\/wp-content\/uploads\/2012\/08\/zara_campanha_nova_4.jpg?resize=500%2C355\" alt=\"James Dean \u00e9 inspira\u00e7\u00e3o para campanha da Zara \" width=\"500\" height=\"355\" data-recalc-dims=\"1\" \/><\/a><p id=\"caption-attachment-39675\" class=\"wp-caption-text\">James Dean \u00e9 inspira\u00e7\u00e3o para campanha da Zara<\/p><\/div>\n<div id=\"attachment_39676\" style=\"width: 510px\" class=\"wp-caption aligncenter\"><a class=\"lightbox\" title=\"James Dean \u00e9 inspira\u00e7\u00e3o para campanha da Zara \" href=\"https:\/\/i0.wp.com\/www.agrund.com\/wp-content\/uploads\/2012\/08\/zara_campanha_nova_5.jpg\"><img aria-describedby=\"caption-attachment-39676\" decoding=\"async\" loading=\"lazy\" class=\"size-full wp-image-39676\" title=\"James Dean \u00e9 inspira\u00e7\u00e3o para campanha da Zara \" src=\"https:\/\/i0.wp.com\/www.agrund.com\/wp-content\/uploads\/2012\/08\/zara_campanha_nova_5.jpg?resize=500%2C355\" alt=\"James Dean \u00e9 inspira\u00e7\u00e3o para campanha da Zara \" width=\"500\" height=\"355\" data-recalc-dims=\"1\" \/><\/a><p id=\"caption-attachment-39676\" class=\"wp-caption-text\">James Dean \u00e9 inspira\u00e7\u00e3o para campanha da Zara<\/p><\/div>\n<div id=\"attachment_39677\" style=\"width: 510px\" class=\"wp-caption aligncenter\"><a class=\"lightbox\" title=\"James Dean \u00e9 inspira\u00e7\u00e3o para campanha da Zara \" href=\"https:\/\/i0.wp.com\/www.agrund.com\/wp-content\/uploads\/2012\/08\/zara_campanha_nova_6.jpg\"><img aria-describedby=\"caption-attachment-39677\" decoding=\"async\" loading=\"lazy\" class=\"size-full wp-image-39677\" title=\"James Dean \u00e9 inspira\u00e7\u00e3o para campanha da Zara \" src=\"https:\/\/i0.wp.com\/www.agrund.com\/wp-content\/uploads\/2012\/08\/zara_campanha_nova_6.jpg?resize=500%2C355\" alt=\"James Dean \u00e9 inspira\u00e7\u00e3o para campanha da Zara \" width=\"500\" height=\"355\" data-recalc-dims=\"1\" \/><\/a><p id=\"caption-attachment-39677\" class=\"wp-caption-text\">James Dean \u00e9 inspira\u00e7\u00e3o para campanha da Zara<\/p><\/div>\n<div id=\"attachment_39678\" style=\"width: 510px\" class=\"wp-caption aligncenter\"><a class=\"lightbox\" title=\"James Dean \u00e9 inspira\u00e7\u00e3o para campanha da Zara \" href=\"https:\/\/i0.wp.com\/www.agrund.com\/wp-content\/uploads\/2012\/08\/zara_campanha_nova_7.jpg\"><img aria-describedby=\"caption-attachment-39678\" decoding=\"async\" loading=\"lazy\" class=\"size-full wp-image-39678\" title=\"James Dean \u00e9 inspira\u00e7\u00e3o para campanha da Zara \" src=\"https:\/\/i0.wp.com\/www.agrund.com\/wp-content\/uploads\/2012\/08\/zara_campanha_nova_7.jpg?resize=500%2C355\" alt=\"James Dean \u00e9 inspira\u00e7\u00e3o para campanha da Zara \" width=\"500\" height=\"355\" data-recalc-dims=\"1\" \/><\/a><p id=\"caption-attachment-39678\" class=\"wp-caption-text\">James Dean \u00e9 inspira\u00e7\u00e3o para campanha da Zara<\/p><\/div>\n<div id=\"attachment_39679\" style=\"width: 510px\" class=\"wp-caption aligncenter\"><a class=\"lightbox\" title=\"James Dean \u00e9 inspira\u00e7\u00e3o para campanha da Zara \" href=\"https:\/\/i0.wp.com\/www.agrund.com\/wp-content\/uploads\/2012\/08\/zara_campanha_nova_8.jpg\"><img aria-describedby=\"caption-attachment-39679\" decoding=\"async\" loading=\"lazy\" class=\"size-full wp-image-39679\" title=\"James Dean \u00e9 inspira\u00e7\u00e3o para campanha da Zara \" src=\"https:\/\/i0.wp.com\/www.agrund.com\/wp-content\/uploads\/2012\/08\/zara_campanha_nova_8.jpg?resize=500%2C355\" alt=\"James Dean \u00e9 inspira\u00e7\u00e3o para campanha da Zara \" width=\"500\" height=\"355\" data-recalc-dims=\"1\" \/><\/a><p id=\"caption-attachment-39679\" class=\"wp-caption-text\">James Dean \u00e9 inspira\u00e7\u00e3o para campanha da Zara<\/p><\/div>\n<p>Fotos por Reprodu\u00e7\u00e3o.<\/p>\n<p><img decoding=\"async\" src=\"https:\/\/i0.wp.com\/www.agrund.com\/wp-content\/themes\/FashionPlus\/images\/topo_moda_masculina.jpg\" alt=\"Moda Masculina\" data-recalc-dims=\"1\" \/><\/p>\n","protected":false},"excerpt":{"rendered":"<p>A campanha Inverno 2013 da Zara tem os super modelos Sean O\u2019Pry e Jon Kortajarena estrelando os cliques do fot\u00f3grafo David Sims. Com pegada retr\u00f4 as imagens apresentam os modelos como rebeldes elegantes, inspirados no ic\u00f4nico ator James Dean. &nbsp; Fotos por Reprodu\u00e7\u00e3o.<\/p>\n","protected":false},"author":8,"featured_media":39671,"comment_status":"open","ping_status":"open","sticky":false,"template":"","format":"standard","meta":{"jetpack_post_was_ever_published":false,"_jetpack_newsletter_access":"","jetpack_publicize_message":"","jetpack_is_tweetstorm":false,"jetpack_publicize_feature_enabled":true,"jetpack_social_post_already_shared":false,"jetpack_social_options":{"image_generator_settings":{"template":"highway","enabled":false}}},"categories":[6],"tags":[],"jetpack_publicize_connections":[],"jetpack_featured_media_url":"","jetpack_sharing_enabled":true,"jetpack_shortlink":"https:\/\/wp.me\/p3Hz0n-ajQ","jetpack_likes_enabled":true,"_links":{"self":[{"href":"https:\/\/agrund.com\/index.php\/wp-json\/wp\/v2\/posts\/39670"}],"collection":[{"href":"https:\/\/agrund.com\/index.php\/wp-json\/wp\/v2\/posts"}],"about":[{"href":"https:\/\/agrund.com\/index.php\/wp-json\/wp\/v2\/types\/post"}],"author":[{"embeddable":true,"href":"https:\/\/agrund.com\/index.php\/wp-json\/wp\/v2\/users\/8"}],"replies":[{"embeddable":true,"href":"https:\/\/agrund.com\/index.php\/wp-json\/wp\/v2\/comments?post=39670"}],"version-history":[{"count":0,"href":"https:\/\/agrund.com\/index.php\/wp-json\/wp\/v2\/posts\/39670\/revisions"}],"wp:featuredmedia":[{"embeddable":true,"href":"https:\/\/agrund.com\/index.php\/wp-json\/"}],"wp:attachment":[{"href":"https:\/\/agrund.com\/index.php\/wp-json\/wp\/v2\/media?parent=39670"}],"wp:term":[{"taxonomy":"category","embeddable":true,"href":"https:\/\/agrund.com\/index.php\/wp-json\/wp\/v2\/categories?post=39670"},{"taxonomy":"post_tag","embeddable":true,"href":"https:\/\/agrund.com\/index.php\/wp-json\/wp\/v2\/tags?post=39670"}],"curies":[{"name":"wp","href":"https:\/\/api.w.org\/{rel}","templated":true}]}}