{"id":39518,"date":"2012-08-02T20:30:12","date_gmt":"2012-08-02T23:30:12","guid":{"rendered":"http:\/\/www.agrund.com\/?p=39518"},"modified":"2012-08-02T20:30:12","modified_gmt":"2012-08-02T23:30:12","slug":"musica-duran-duran-esta-planejando-um-novo-album-para-2014","status":"publish","type":"post","link":"https:\/\/agrund.com\/index.php\/musica-duran-duran-esta-planejando-um-novo-album-para-2014\/","title":{"rendered":"M\u00fasica :: Duran Duran est\u00e1 planejando um novo \u00e1lbum para 2014"},"content":{"rendered":"<p><span style=\"font-family: Arial;font-size: small\">O baixista John Taylor confirmou que os roqueiros do grupo Duran Duran formado pelo vocalista Simon Le Bon, o baterista Roger Taylor e o tecladista Nick Rhodes \u2013 v\u00e3o voltar ao est\u00fadio no pr\u00f3ximo ano para come\u00e7ar a trabalhar em seu 14\u00ba \u00e1lbum, um acompanhamento do disco \u2018All You Need Is Now &#8216;, lan\u00e7ado em 2010.<\/span><\/p>\n<p><span style=\"font-family: Arial;font-size: small\">&#8220;Vamos voltar a escrever no in\u00edcio do pr\u00f3ximo ano e estamos realmente ansiosos com isso\u201d, ele contou exclusivamente \u00e0 BANG Showbiz.<\/span><\/p>\n<p><span style=\"font-family: Arial;font-size: small\">&#8220;Eu n\u00e3o acho que o novo \u00e1lbum ser\u00e1 finalizado no pr\u00f3ximo ano, mas n\u00f3s podemos sempre esperar. N\u00f3s gostar\u00edamos de ter um novo \u00e1lbum em 2014.\u201d<\/span><\/p>\n<p><span style=\"font-family: Arial;font-size: small\">O m\u00fasico de 52 anos insiste que a banda n\u00e3o tem planos de se aposentar e eles querem continuar a fazer m\u00fasica at\u00e9 as pessoas deixarem de escut\u00e1-las, porque o grupo ainda d\u00e1 muito valor ao trabalho um do outro.<\/span><\/p>\n<p><span style=\"font-family: Arial;font-size: small\">&#8220;Estamos todos, felizmente, aptos o suficiente. Suficientemente saud\u00e1veis e queremos fazer isso. N\u00f3s amamos nossos trabalhos. N\u00f3s todos fazemos isso enquanto h\u00e1 audi\u00eancia l\u00e1 para nos ouvir, ent\u00e3o, vamos continuar&#8230; &#8220;<\/span><\/p>\n<p><span style=\"font-family: Arial;font-size: small\">O DVD ao vivo do Duran Duran &#8211; \u2018 Diamond In The Mind&#8217; \u2013 est\u00e1 \u00e0 venda agora.<\/span><\/p>\n<p>&nbsp;<\/p>\n<div id=\"attachment_39519\" style=\"width: 510px\" class=\"wp-caption aligncenter\"><a class=\"lightbox\" title=\"M\u00fasica :: Duran Duran est\u00e1 planejando um novo \u00e1lbum para 2014\" href=\"https:\/\/i0.wp.com\/www.agrund.com\/wp-content\/uploads\/2012\/08\/f35644dd55a57b18213cd3bfd9ac87bc-576x324.jpg\"><img aria-describedby=\"caption-attachment-39519\" decoding=\"async\" loading=\"lazy\" class=\"size-full wp-image-39519\" title=\"M\u00fasica :: Duran Duran est\u00e1 planejando um novo \u00e1lbum para 2014\" src=\"https:\/\/i0.wp.com\/www.agrund.com\/wp-content\/uploads\/2012\/08\/f35644dd55a57b18213cd3bfd9ac87bc-576x324.jpg?resize=500%2C281\" alt=\"M\u00fasica :: Duran Duran est\u00e1 planejando um novo \u00e1lbum para 2014\" width=\"500\" height=\"281\" data-recalc-dims=\"1\" \/><\/a><p id=\"caption-attachment-39519\" class=\"wp-caption-text\">M\u00fasica :: Duran Duran est\u00e1 planejando um novo \u00e1lbum para 2014<\/p><\/div>\n<p><span style=\"font-family: Arial;font-size: small\"><br \/>\n<\/span><\/p>\n<p><span style=\"font-family: Arial;font-size: small\">Foto por Reprodu\u00e7\u00e3o.<\/span><\/p>\n","protected":false},"excerpt":{"rendered":"<p>O baixista John Taylor confirmou que os roqueiros do grupo Duran Duran formado pelo vocalista Simon Le Bon, o baterista Roger Taylor e o tecladista Nick Rhodes \u2013 v\u00e3o voltar ao est\u00fadio no pr\u00f3ximo ano para come\u00e7ar a trabalhar em seu 14\u00ba \u00e1lbum, um acompanhamento do disco \u2018All You Need Is Now &#8216;, lan\u00e7ado em [&hellip;]<\/p>\n","protected":false},"author":8,"featured_media":39520,"comment_status":"open","ping_status":"open","sticky":false,"template":"","format":"standard","meta":{"jetpack_post_was_ever_published":false,"_jetpack_newsletter_access":"","jetpack_publicize_message":"","jetpack_is_tweetstorm":false,"jetpack_publicize_feature_enabled":true,"jetpack_social_post_already_shared":false,"jetpack_social_options":{"image_generator_settings":{"template":"highway","enabled":false}}},"categories":[2],"tags":[],"jetpack_publicize_connections":[],"jetpack_featured_media_url":"","jetpack_sharing_enabled":true,"jetpack_shortlink":"https:\/\/wp.me\/p3Hz0n-aho","jetpack_likes_enabled":true,"_links":{"self":[{"href":"https:\/\/agrund.com\/index.php\/wp-json\/wp\/v2\/posts\/39518"}],"collection":[{"href":"https:\/\/agrund.com\/index.php\/wp-json\/wp\/v2\/posts"}],"about":[{"href":"https:\/\/agrund.com\/index.php\/wp-json\/wp\/v2\/types\/post"}],"author":[{"embeddable":true,"href":"https:\/\/agrund.com\/index.php\/wp-json\/wp\/v2\/users\/8"}],"replies":[{"embeddable":true,"href":"https:\/\/agrund.com\/index.php\/wp-json\/wp\/v2\/comments?post=39518"}],"version-history":[{"count":0,"href":"https:\/\/agrund.com\/index.php\/wp-json\/wp\/v2\/posts\/39518\/revisions"}],"wp:featuredmedia":[{"embeddable":true,"href":"https:\/\/agrund.com\/index.php\/wp-json\/"}],"wp:attachment":[{"href":"https:\/\/agrund.com\/index.php\/wp-json\/wp\/v2\/media?parent=39518"}],"wp:term":[{"taxonomy":"category","embeddable":true,"href":"https:\/\/agrund.com\/index.php\/wp-json\/wp\/v2\/categories?post=39518"},{"taxonomy":"post_tag","embeddable":true,"href":"https:\/\/agrund.com\/index.php\/wp-json\/wp\/v2\/tags?post=39518"}],"curies":[{"name":"wp","href":"https:\/\/api.w.org\/{rel}","templated":true}]}}