{"id":39474,"date":"2012-08-02T20:00:16","date_gmt":"2012-08-02T23:00:16","guid":{"rendered":"http:\/\/www.agrund.com\/?p=39474"},"modified":"2012-08-02T20:00:16","modified_gmt":"2012-08-02T23:00:16","slug":"feira-de-negocios-9a-mostra-sao-paulo-joias-folheadas-joias-de-prata-e-acessorios-4","status":"publish","type":"post","link":"https:\/\/agrund.com\/index.php\/feira-de-negocios-9a-mostra-sao-paulo-joias-folheadas-joias-de-prata-e-acessorios-4\/","title":{"rendered":"Feira de neg\u00f3cios :: 9a Mostra S\u00e3o Paulo \u2013 J\u00f3ias Folheadas, J\u00f3ias de Prata e Acess\u00f3rios."},"content":{"rendered":"<div>\n<p>Aconteceu nos dias 27 e 28 de julho a 9a Mostra S\u00e3o Paulo \u2013 J\u00f3ias Folheadas, J\u00f3ias de Prata e Acess\u00f3rios. Uma feira completa e estrategicamente compacta que garante maior proximidade entre expositores e visitantes. Conseq\u00fcentemente, oferece melhores neg\u00f3cios.<\/p>\n<p>Exclusivamente dedicada aos lojistas, atacadistas e revendedores, n\u00e3o sendo aberta ao consumidor final. Os visitantes aproveitaram o Beauty Louge onde eram feitas massagens e contavam tamb\u00e9m com uma equipe de maquiadores para dar dicas de maquiagem. Vamos ver o que aconteceu por l\u00e1?<\/p><\/div>\n<div>\n<div id=\"attachment_39475\" style=\"width: 560px\" class=\"wp-caption aligncenter\"><a class=\"lightbox\" title=\"feira 1Feira de neg\u00f3cios :: 9a Mostra S\u00e3o Paulo \u2013 J\u00f3ias Folheadas, J\u00f3ias de Prata e Acess\u00f3rios.\" href=\"https:\/\/i0.wp.com\/www.agrund.com\/wp-content\/uploads\/2012\/08\/feira-14.jpg\"><img aria-describedby=\"caption-attachment-39475\" decoding=\"async\" loading=\"lazy\" class=\"size-full wp-image-39475\" title=\"feira 1Feira de neg\u00f3cios :: 9a Mostra S\u00e3o Paulo \u2013 J\u00f3ias Folheadas, J\u00f3ias de Prata e Acess\u00f3rios.\" src=\"https:\/\/i0.wp.com\/www.agrund.com\/wp-content\/uploads\/2012\/08\/feira-14.jpg?resize=550%2C428\" alt=\"Feira de neg\u00f3cios :: 9a Mostra S\u00e3o Paulo \u2013 J\u00f3ias Folheadas, J\u00f3ias de Prata e Acess\u00f3rios.\" width=\"550\" height=\"428\" data-recalc-dims=\"1\" \/><\/a><p id=\"caption-attachment-39475\" class=\"wp-caption-text\">Feira de neg\u00f3cios :: 9a Mostra S\u00e3o Paulo \u2013 J\u00f3ias Folheadas, J\u00f3ias de Prata e Acess\u00f3rios.<\/p><\/div>\n<div id=\"attachment_39481\" style=\"width: 560px\" class=\"wp-caption aligncenter\"><a class=\"lightbox\" title=\"Feira de neg\u00f3cios :: 9a Mostra S\u00e3o Paulo \u2013 J\u00f3ias Folheadas, J\u00f3ias de Prata e Acess\u00f3rios.\" href=\"https:\/\/i0.wp.com\/www.agrund.com\/wp-content\/uploads\/2012\/08\/feira4.jpg\"><img aria-describedby=\"caption-attachment-39481\" decoding=\"async\" loading=\"lazy\" class=\"size-full wp-image-39481\" title=\"Feira de neg\u00f3cios :: 9a Mostra S\u00e3o Paulo \u2013 J\u00f3ias Folheadas, J\u00f3ias de Prata e Acess\u00f3rios.\" src=\"https:\/\/i0.wp.com\/www.agrund.com\/wp-content\/uploads\/2012\/08\/feira4.jpg?resize=550%2C826\" alt=\"Feira de neg\u00f3cios :: 9a Mostra S\u00e3o Paulo \u2013 J\u00f3ias Folheadas, J\u00f3ias de Prata e Acess\u00f3rios.\" width=\"550\" height=\"826\" data-recalc-dims=\"1\" \/><\/a><p id=\"caption-attachment-39481\" class=\"wp-caption-text\">Feira de neg\u00f3cios :: 9a Mostra S\u00e3o Paulo \u2013 J\u00f3ias Folheadas, J\u00f3ias de Prata e Acess\u00f3rios.<\/p><\/div>\n<div id=\"attachment_39480\" style=\"width: 560px\" class=\"wp-caption aligncenter\"><a class=\"lightbox\" title=\"Feira de neg\u00f3cios :: 9a Mostra S\u00e3o Paulo \u2013 J\u00f3ias Folheadas, J\u00f3ias de Prata e Acess\u00f3rios.\" href=\"https:\/\/i0.wp.com\/www.agrund.com\/wp-content\/uploads\/2012\/08\/feira-74.jpg\"><img aria-describedby=\"caption-attachment-39480\" decoding=\"async\" loading=\"lazy\" class=\"size-full wp-image-39480\" title=\"Feira de neg\u00f3cios :: 9a Mostra S\u00e3o Paulo \u2013 J\u00f3ias Folheadas, J\u00f3ias de Prata e Acess\u00f3rios.\" src=\"https:\/\/i0.wp.com\/www.agrund.com\/wp-content\/uploads\/2012\/08\/feira-74.jpg?resize=550%2C303\" alt=\"Feira de neg\u00f3cios :: 9a Mostra S\u00e3o Paulo \u2013 J\u00f3ias Folheadas, J\u00f3ias de Prata e Acess\u00f3rios.\" width=\"550\" height=\"303\" data-recalc-dims=\"1\" \/><\/a><p id=\"caption-attachment-39480\" class=\"wp-caption-text\">Feira de neg\u00f3cios :: 9a Mostra S\u00e3o Paulo \u2013 J\u00f3ias Folheadas, J\u00f3ias de Prata e Acess\u00f3rios.<\/p><\/div>\n<div id=\"attachment_39479\" style=\"width: 560px\" class=\"wp-caption aligncenter\"><a class=\"lightbox\" title=\"Feira de neg\u00f3cios :: 9a Mostra S\u00e3o Paulo \u2013 J\u00f3ias Folheadas, J\u00f3ias de Prata e Acess\u00f3rios.\" href=\"https:\/\/i0.wp.com\/www.agrund.com\/wp-content\/uploads\/2012\/08\/feira-64.jpg\"><img aria-describedby=\"caption-attachment-39479\" decoding=\"async\" loading=\"lazy\" class=\"size-full wp-image-39479\" title=\"Feira de neg\u00f3cios :: 9a Mostra S\u00e3o Paulo \u2013 J\u00f3ias Folheadas, J\u00f3ias de Prata e Acess\u00f3rios.\" src=\"https:\/\/i0.wp.com\/www.agrund.com\/wp-content\/uploads\/2012\/08\/feira-64.jpg?resize=550%2C485\" alt=\"Feira de neg\u00f3cios :: 9a Mostra S\u00e3o Paulo \u2013 J\u00f3ias Folheadas, J\u00f3ias de Prata e Acess\u00f3rios.\" width=\"550\" height=\"485\" data-recalc-dims=\"1\" \/><\/a><p id=\"caption-attachment-39479\" class=\"wp-caption-text\">Feira de neg\u00f3cios :: 9a Mostra S\u00e3o Paulo \u2013 J\u00f3ias Folheadas, J\u00f3ias de Prata e Acess\u00f3rios.<\/p><\/div>\n<div id=\"attachment_39478\" style=\"width: 560px\" class=\"wp-caption aligncenter\"><a class=\"lightbox\" title=\"Feira de neg\u00f3cios :: 9a Mostra S\u00e3o Paulo \u2013 J\u00f3ias Folheadas, J\u00f3ias de Prata e Acess\u00f3rios.\" href=\"https:\/\/i0.wp.com\/www.agrund.com\/wp-content\/uploads\/2012\/08\/feira-54.jpg\"><img aria-describedby=\"caption-attachment-39478\" decoding=\"async\" loading=\"lazy\" class=\"size-full wp-image-39478\" title=\"Feira de neg\u00f3cios :: 9a Mostra S\u00e3o Paulo \u2013 J\u00f3ias Folheadas, J\u00f3ias de Prata e Acess\u00f3rios.\" src=\"https:\/\/i0.wp.com\/www.agrund.com\/wp-content\/uploads\/2012\/08\/feira-54.jpg?resize=550%2C366\" alt=\"Feira de neg\u00f3cios :: 9a Mostra S\u00e3o Paulo \u2013 J\u00f3ias Folheadas, J\u00f3ias de Prata e Acess\u00f3rios.\" width=\"550\" height=\"366\" data-recalc-dims=\"1\" \/><\/a><p id=\"caption-attachment-39478\" class=\"wp-caption-text\">Feira de neg\u00f3cios :: 9a Mostra S\u00e3o Paulo \u2013 J\u00f3ias Folheadas, J\u00f3ias de Prata e Acess\u00f3rios.<\/p><\/div>\n<div id=\"attachment_39477\" style=\"width: 560px\" class=\"wp-caption aligncenter\"><a class=\"lightbox\" title=\"Feira de neg\u00f3cios :: 9a Mostra S\u00e3o Paulo \u2013 J\u00f3ias Folheadas, J\u00f3ias de Prata e Acess\u00f3rios.\" href=\"https:\/\/i0.wp.com\/www.agrund.com\/wp-content\/uploads\/2012\/08\/feira-44.jpg\"><img aria-describedby=\"caption-attachment-39477\" decoding=\"async\" loading=\"lazy\" class=\"size-full wp-image-39477\" title=\"Feira de neg\u00f3cios :: 9a Mostra S\u00e3o Paulo \u2013 J\u00f3ias Folheadas, J\u00f3ias de Prata e Acess\u00f3rios.\" src=\"https:\/\/i0.wp.com\/www.agrund.com\/wp-content\/uploads\/2012\/08\/feira-44.jpg?resize=550%2C339\" alt=\"Feira de neg\u00f3cios :: 9a Mostra S\u00e3o Paulo \u2013 J\u00f3ias Folheadas, J\u00f3ias de Prata e Acess\u00f3rios.\" width=\"550\" height=\"339\" data-recalc-dims=\"1\" \/><\/a><p id=\"caption-attachment-39477\" class=\"wp-caption-text\">Feira de neg\u00f3cios :: 9a Mostra S\u00e3o Paulo \u2013 J\u00f3ias Folheadas, J\u00f3ias de Prata e Acess\u00f3rios.<\/p><\/div>\n<div id=\"attachment_39476\" style=\"width: 560px\" class=\"wp-caption aligncenter\"><a class=\"lightbox\" title=\"Feira de neg\u00f3cios :: 9a Mostra S\u00e3o Paulo \u2013 J\u00f3ias Folheadas, J\u00f3ias de Prata e Acess\u00f3rios.\" href=\"https:\/\/i0.wp.com\/www.agrund.com\/wp-content\/uploads\/2012\/08\/feira-34.jpg\"><img aria-describedby=\"caption-attachment-39476\" decoding=\"async\" loading=\"lazy\" class=\"size-full wp-image-39476\" title=\"Feira de neg\u00f3cios :: 9a Mostra S\u00e3o Paulo \u2013 J\u00f3ias Folheadas, J\u00f3ias de Prata e Acess\u00f3rios.\" src=\"https:\/\/i0.wp.com\/www.agrund.com\/wp-content\/uploads\/2012\/08\/feira-34.jpg?resize=550%2C366\" alt=\"Feira de neg\u00f3cios :: 9a Mostra S\u00e3o Paulo \u2013 J\u00f3ias Folheadas, J\u00f3ias de Prata e Acess\u00f3rios.\" width=\"550\" height=\"366\" data-recalc-dims=\"1\" \/><\/a><p id=\"caption-attachment-39476\" class=\"wp-caption-text\">Feira de neg\u00f3cios :: 9a Mostra S\u00e3o Paulo \u2013 J\u00f3ias Folheadas, J\u00f3ias de Prata e Acess\u00f3rios.<\/p><\/div>\n<\/div>\n<div><span style=\"font-family: Verdana\">Fotos por Divulga\u00e7\u00e3o.<\/span><\/div>\n","protected":false},"excerpt":{"rendered":"<p>Aconteceu nos dias 27 e 28 de julho a 9a Mostra S\u00e3o Paulo \u2013 J\u00f3ias Folheadas, J\u00f3ias de Prata e Acess\u00f3rios. Uma feira completa e estrategicamente compacta que garante maior proximidade entre expositores e visitantes. Conseq\u00fcentemente, oferece melhores neg\u00f3cios. Exclusivamente dedicada aos lojistas, atacadistas e revendedores, n\u00e3o sendo aberta ao consumidor final. Os visitantes aproveitaram [&hellip;]<\/p>\n","protected":false},"author":8,"featured_media":39482,"comment_status":"open","ping_status":"open","sticky":false,"template":"","format":"standard","meta":{"jetpack_post_was_ever_published":false,"_jetpack_newsletter_access":"","jetpack_publicize_message":"","jetpack_is_tweetstorm":false,"jetpack_publicize_feature_enabled":true,"jetpack_social_post_already_shared":false,"jetpack_social_options":{"image_generator_settings":{"template":"highway","enabled":false}}},"categories":[2],"tags":[],"jetpack_publicize_connections":[],"jetpack_featured_media_url":"","jetpack_sharing_enabled":true,"jetpack_shortlink":"https:\/\/wp.me\/p3Hz0n-agG","jetpack_likes_enabled":true,"_links":{"self":[{"href":"https:\/\/agrund.com\/index.php\/wp-json\/wp\/v2\/posts\/39474"}],"collection":[{"href":"https:\/\/agrund.com\/index.php\/wp-json\/wp\/v2\/posts"}],"about":[{"href":"https:\/\/agrund.com\/index.php\/wp-json\/wp\/v2\/types\/post"}],"author":[{"embeddable":true,"href":"https:\/\/agrund.com\/index.php\/wp-json\/wp\/v2\/users\/8"}],"replies":[{"embeddable":true,"href":"https:\/\/agrund.com\/index.php\/wp-json\/wp\/v2\/comments?post=39474"}],"version-history":[{"count":0,"href":"https:\/\/agrund.com\/index.php\/wp-json\/wp\/v2\/posts\/39474\/revisions"}],"wp:featuredmedia":[{"embeddable":true,"href":"https:\/\/agrund.com\/index.php\/wp-json\/"}],"wp:attachment":[{"href":"https:\/\/agrund.com\/index.php\/wp-json\/wp\/v2\/media?parent=39474"}],"wp:term":[{"taxonomy":"category","embeddable":true,"href":"https:\/\/agrund.com\/index.php\/wp-json\/wp\/v2\/categories?post=39474"},{"taxonomy":"post_tag","embeddable":true,"href":"https:\/\/agrund.com\/index.php\/wp-json\/wp\/v2\/tags?post=39474"}],"curies":[{"name":"wp","href":"https:\/\/api.w.org\/{rel}","templated":true}]}}