{"id":39250,"date":"2012-08-01T11:00:59","date_gmt":"2012-08-01T14:00:59","guid":{"rendered":"http:\/\/www.agrund.com\/?p=39250"},"modified":"2012-08-01T11:00:59","modified_gmt":"2012-08-01T14:00:59","slug":"penelope-cruz-e-a-estrela-do-calendario-campari-2013","status":"publish","type":"post","link":"https:\/\/agrund.com\/index.php\/penelope-cruz-e-a-estrela-do-calendario-campari-2013\/","title":{"rendered":"Penelope Cruz \u00e9 a estrela do Calend\u00e1rio Campari 2013"},"content":{"rendered":"<p>A musa espanhola Pen\u00e9lope Cruz ser\u00e1 fotografada por Kristian Sch\u00fcller para o calend\u00e1rio Campari 2013. A bebida vermelha acaba de revelar oficialmente que al\u00e9m da atriz os cliques ser\u00e3o do fot\u00f3grafo o franc\u00eas Kristian Schuller.<\/p>\n<p>Essa \u00e9 a 14\u00aa edi\u00e7\u00e3o do Calend\u00e1rio Campari, um dos mais ic\u00f4nicos e art\u00edsticos calend\u00e1rios do mundo. Super disputado, o calend\u00e1rio tem uma edi\u00e7\u00e3o limitada e apenas 9.999 c\u00f3pias s\u00e3o distribu\u00eddas em todo o mundo, destas apenas 300 unidades chegar\u00e3o ao Brasil em dezembro.<\/p>\n<p>O Calend\u00e1rio Campari 2013 e o seu tema ser\u00e3o revelados em um evento disputado e com estrelas desfilando pelo tapete vermelho, que acontecer\u00e1 em Mil\u00e3o, na It\u00e1lia, durante o outono europeu.<\/p>\n<p>&nbsp;<\/p>\n<div id=\"attachment_39251\" style=\"width: 560px\" class=\"wp-caption aligncenter\"><a class=\"lightbox\" title=\"Penelope Cruz \u00e9 a estrela do Calend\u00e1rio Campari 2013\" href=\"https:\/\/i0.wp.com\/www.agrund.com\/wp-content\/uploads\/2012\/08\/07_31_Campari_Calendar_2013_Penelope_Cruz_by_Francesco_Pizzo_18.jpg_cmyk.jpg\"><img aria-describedby=\"caption-attachment-39251\" decoding=\"async\" loading=\"lazy\" class=\"size-full wp-image-39251\" title=\"Penelope Cruz \u00e9 a estrela do Calend\u00e1rio Campari 2013\" src=\"https:\/\/i0.wp.com\/www.agrund.com\/wp-content\/uploads\/2012\/08\/07_31_Campari_Calendar_2013_Penelope_Cruz_by_Francesco_Pizzo_18.jpg_cmyk.jpg?resize=550%2C367\" alt=\"Penelope Cruz \u00e9 a estrela do Calend\u00e1rio Campari 2013\" width=\"550\" height=\"367\" data-recalc-dims=\"1\" \/><\/a><p id=\"caption-attachment-39251\" class=\"wp-caption-text\">Penelope Cruz \u00e9 a estrela do Calend\u00e1rio Campari 2013<\/p><\/div>\n<p>Foto por Divulga\u00e7\u00e3o.<\/p>\n","protected":false},"excerpt":{"rendered":"<p>A musa espanhola Pen\u00e9lope Cruz ser\u00e1 fotografada por Kristian Sch\u00fcller para o calend\u00e1rio Campari 2013. A bebida vermelha acaba de revelar oficialmente que al\u00e9m da atriz os cliques ser\u00e3o do fot\u00f3grafo o franc\u00eas Kristian Schuller. Essa \u00e9 a 14\u00aa edi\u00e7\u00e3o do Calend\u00e1rio Campari, um dos mais ic\u00f4nicos e art\u00edsticos calend\u00e1rios do mundo. Super disputado, o [&hellip;]<\/p>\n","protected":false},"author":8,"featured_media":39252,"comment_status":"open","ping_status":"open","sticky":false,"template":"","format":"standard","meta":{"jetpack_post_was_ever_published":false,"_jetpack_newsletter_access":"","jetpack_publicize_message":"","jetpack_is_tweetstorm":false,"jetpack_publicize_feature_enabled":true,"jetpack_social_post_already_shared":false,"jetpack_social_options":{"image_generator_settings":{"template":"highway","enabled":false}}},"categories":[2],"tags":[],"jetpack_publicize_connections":[],"jetpack_featured_media_url":"","jetpack_sharing_enabled":true,"jetpack_shortlink":"https:\/\/wp.me\/p3Hz0n-ad4","jetpack_likes_enabled":true,"_links":{"self":[{"href":"https:\/\/agrund.com\/index.php\/wp-json\/wp\/v2\/posts\/39250"}],"collection":[{"href":"https:\/\/agrund.com\/index.php\/wp-json\/wp\/v2\/posts"}],"about":[{"href":"https:\/\/agrund.com\/index.php\/wp-json\/wp\/v2\/types\/post"}],"author":[{"embeddable":true,"href":"https:\/\/agrund.com\/index.php\/wp-json\/wp\/v2\/users\/8"}],"replies":[{"embeddable":true,"href":"https:\/\/agrund.com\/index.php\/wp-json\/wp\/v2\/comments?post=39250"}],"version-history":[{"count":0,"href":"https:\/\/agrund.com\/index.php\/wp-json\/wp\/v2\/posts\/39250\/revisions"}],"wp:featuredmedia":[{"embeddable":true,"href":"https:\/\/agrund.com\/index.php\/wp-json\/"}],"wp:attachment":[{"href":"https:\/\/agrund.com\/index.php\/wp-json\/wp\/v2\/media?parent=39250"}],"wp:term":[{"taxonomy":"category","embeddable":true,"href":"https:\/\/agrund.com\/index.php\/wp-json\/wp\/v2\/categories?post=39250"},{"taxonomy":"post_tag","embeddable":true,"href":"https:\/\/agrund.com\/index.php\/wp-json\/wp\/v2\/tags?post=39250"}],"curies":[{"name":"wp","href":"https:\/\/api.w.org\/{rel}","templated":true}]}}