{"id":39129,"date":"2012-07-31T14:00:20","date_gmt":"2012-07-31T17:00:20","guid":{"rendered":"http:\/\/www.agrund.com\/?p=39129"},"modified":"2012-07-31T14:00:20","modified_gmt":"2012-07-31T17:00:20","slug":"as-pecas-de-andrea-marques-para-a-ca","status":"publish","type":"post","link":"https:\/\/agrund.com\/index.php\/as-pecas-de-andrea-marques-para-a-ca\/","title":{"rendered":"As pe\u00e7as de Andrea Marques para a C&amp;A"},"content":{"rendered":"<p>O agrund mostrou <a href=\"http:\/\/www.agrund.com\/campanha-da-ca-por-andrea-marques-e-fotografada-em-sao-paulo\/\">AQUI<\/a> para voc\u00eas o making of da campanha da Andrea Marques para a C&amp;A e agora traz algumas pe\u00e7as. A cole\u00e7\u00e3o da estilista carioca, que chega \u00e0s lojas no dia 23 de agosto, \u00e9 focada na primavera com destaque para \u00e0s estampas em estrelas e florais. Dentre os tecidos trabalhados na linha est\u00e3o o algod\u00e3o, crepe, malha e voil de viscose. Os pre\u00e7os variam de R$ 49,90 e R$ 149. Confiram!<\/p>\n<p>&nbsp;<\/p>\n<div id=\"attachment_39134\" style=\"width: 510px\" class=\"wp-caption aligncenter\"><a class=\"lightbox\" title=\"As pe\u00e7as de Andrea Marques para a C&amp;A\" href=\"https:\/\/i0.wp.com\/www.agrund.com\/wp-content\/uploads\/2012\/07\/andre-marques-blazer-cea.jpg\"><img aria-describedby=\"caption-attachment-39134\" decoding=\"async\" loading=\"lazy\" class=\"size-full wp-image-39134\" title=\"As pe\u00e7as de Andrea Marques para a C&amp;A\" src=\"https:\/\/i0.wp.com\/www.agrund.com\/wp-content\/uploads\/2012\/07\/andre-marques-blazer-cea.jpg?resize=500%2C357\" alt=\"As pe\u00e7as de Andrea Marques para a C&amp;A\" width=\"500\" height=\"357\" data-recalc-dims=\"1\" \/><\/a><p id=\"caption-attachment-39134\" class=\"wp-caption-text\">As pe\u00e7as de Andrea Marques para a C&amp;A<\/p><\/div>\n<div id=\"attachment_39133\" style=\"width: 510px\" class=\"wp-caption aligncenter\"><a class=\"lightbox\" title=\"As pe\u00e7as de Andrea Marques para a C&amp;A\" href=\"https:\/\/i0.wp.com\/www.agrund.com\/wp-content\/uploads\/2012\/07\/andrea-marques-vestido-cea-01.jpg\"><img aria-describedby=\"caption-attachment-39133\" decoding=\"async\" loading=\"lazy\" class=\"size-full wp-image-39133\" title=\"As pe\u00e7as de Andrea Marques para a C&amp;A\" src=\"https:\/\/i0.wp.com\/www.agrund.com\/wp-content\/uploads\/2012\/07\/andrea-marques-vestido-cea-01.jpg?resize=500%2C357\" alt=\"As pe\u00e7as de Andrea Marques para a C&amp;A\" width=\"500\" height=\"357\" data-recalc-dims=\"1\" \/><\/a><p id=\"caption-attachment-39133\" class=\"wp-caption-text\">As pe\u00e7as de Andrea Marques para a C&amp;A<\/p><\/div>\n<div id=\"attachment_39132\" style=\"width: 510px\" class=\"wp-caption aligncenter\"><a class=\"lightbox\" title=\"As pe\u00e7as de Andrea Marques para a C&amp;A\" href=\"https:\/\/i0.wp.com\/www.agrund.com\/wp-content\/uploads\/2012\/07\/andrea-marques-sapato-anabela-cea.jpg\"><img aria-describedby=\"caption-attachment-39132\" decoding=\"async\" loading=\"lazy\" class=\"size-full wp-image-39132\" title=\"As pe\u00e7as de Andrea Marques para a C&amp;A\" src=\"https:\/\/i0.wp.com\/www.agrund.com\/wp-content\/uploads\/2012\/07\/andrea-marques-sapato-anabela-cea.jpg?resize=500%2C357\" alt=\"As pe\u00e7as de Andrea Marques para a C&amp;A\" width=\"500\" height=\"357\" data-recalc-dims=\"1\" \/><\/a><p id=\"caption-attachment-39132\" class=\"wp-caption-text\">As pe\u00e7as de Andrea Marques para a C&amp;A<\/p><\/div>\n<div id=\"attachment_39131\" style=\"width: 510px\" class=\"wp-caption aligncenter\"><a class=\"lightbox\" title=\"As pe\u00e7as de Andrea Marques para a C&amp;A\" href=\"https:\/\/i0.wp.com\/www.agrund.com\/wp-content\/uploads\/2012\/07\/andrea-marques-saia-cea.jpg\"><img aria-describedby=\"caption-attachment-39131\" decoding=\"async\" loading=\"lazy\" class=\"size-full wp-image-39131\" title=\"As pe\u00e7as de Andrea Marques para a C&amp;A\" src=\"https:\/\/i0.wp.com\/www.agrund.com\/wp-content\/uploads\/2012\/07\/andrea-marques-saia-cea.jpg?resize=500%2C357\" alt=\"As pe\u00e7as de Andrea Marques para a C&amp;A\" width=\"500\" height=\"357\" data-recalc-dims=\"1\" \/><\/a><p id=\"caption-attachment-39131\" class=\"wp-caption-text\">As pe\u00e7as de Andrea Marques para a C&amp;A<\/p><\/div>\n<div id=\"attachment_39130\" style=\"width: 510px\" class=\"wp-caption aligncenter\"><a class=\"lightbox\" title=\"As pe\u00e7as de Andrea Marques para a C&amp;A\" href=\"https:\/\/i0.wp.com\/www.agrund.com\/wp-content\/uploads\/2012\/07\/andrea-marques-camisa-cea.jpg\"><img aria-describedby=\"caption-attachment-39130\" decoding=\"async\" loading=\"lazy\" class=\"size-full wp-image-39130\" title=\"As pe\u00e7as de Andrea Marques para a C&amp;A\" src=\"https:\/\/i0.wp.com\/www.agrund.com\/wp-content\/uploads\/2012\/07\/andrea-marques-camisa-cea.jpg?resize=500%2C357\" alt=\"As pe\u00e7as de Andrea Marques para a C&amp;A\" width=\"500\" height=\"357\" data-recalc-dims=\"1\" \/><\/a><p id=\"caption-attachment-39130\" class=\"wp-caption-text\">As pe\u00e7as de Andrea Marques para a C&amp;A<\/p><\/div>\n<p>Fotos por Divulga\u00e7\u00e3o.<\/p>\n","protected":false},"excerpt":{"rendered":"<p>O agrund mostrou AQUI para voc\u00eas o making of da campanha da Andrea Marques para a C&amp;A e agora traz algumas pe\u00e7as. A cole\u00e7\u00e3o da estilista carioca, que chega \u00e0s lojas no dia 23 de agosto, \u00e9 focada na primavera com destaque para \u00e0s estampas em estrelas e florais. Dentre os tecidos trabalhados na linha [&hellip;]<\/p>\n","protected":false},"author":8,"featured_media":39173,"comment_status":"open","ping_status":"open","sticky":false,"template":"","format":"standard","meta":{"jetpack_post_was_ever_published":false,"_jetpack_newsletter_access":"","jetpack_publicize_message":"","jetpack_is_tweetstorm":false,"jetpack_publicize_feature_enabled":true,"jetpack_social_post_already_shared":false,"jetpack_social_options":{"image_generator_settings":{"template":"highway","enabled":false}}},"categories":[2],"tags":[],"jetpack_publicize_connections":[],"jetpack_featured_media_url":"","jetpack_sharing_enabled":true,"jetpack_shortlink":"https:\/\/wp.me\/p3Hz0n-ab7","jetpack_likes_enabled":true,"_links":{"self":[{"href":"https:\/\/agrund.com\/index.php\/wp-json\/wp\/v2\/posts\/39129"}],"collection":[{"href":"https:\/\/agrund.com\/index.php\/wp-json\/wp\/v2\/posts"}],"about":[{"href":"https:\/\/agrund.com\/index.php\/wp-json\/wp\/v2\/types\/post"}],"author":[{"embeddable":true,"href":"https:\/\/agrund.com\/index.php\/wp-json\/wp\/v2\/users\/8"}],"replies":[{"embeddable":true,"href":"https:\/\/agrund.com\/index.php\/wp-json\/wp\/v2\/comments?post=39129"}],"version-history":[{"count":0,"href":"https:\/\/agrund.com\/index.php\/wp-json\/wp\/v2\/posts\/39129\/revisions"}],"wp:featuredmedia":[{"embeddable":true,"href":"https:\/\/agrund.com\/index.php\/wp-json\/"}],"wp:attachment":[{"href":"https:\/\/agrund.com\/index.php\/wp-json\/wp\/v2\/media?parent=39129"}],"wp:term":[{"taxonomy":"category","embeddable":true,"href":"https:\/\/agrund.com\/index.php\/wp-json\/wp\/v2\/categories?post=39129"},{"taxonomy":"post_tag","embeddable":true,"href":"https:\/\/agrund.com\/index.php\/wp-json\/wp\/v2\/tags?post=39129"}],"curies":[{"name":"wp","href":"https:\/\/api.w.org\/{rel}","templated":true}]}}