{"id":39113,"date":"2012-07-31T10:00:50","date_gmt":"2012-07-31T13:00:50","guid":{"rendered":"http:\/\/www.agrund.com\/?p=39113"},"modified":"2012-07-31T10:00:50","modified_gmt":"2012-07-31T13:00:50","slug":"karlie-kloss-sera-estrela-da-parceria-da-target-e-neiman-marcus","status":"publish","type":"post","link":"https:\/\/agrund.com\/index.php\/karlie-kloss-sera-estrela-da-parceria-da-target-e-neiman-marcus\/","title":{"rendered":"Karlie Kloss ser\u00e1 estrela da parceria da Target e Neiman Marcus"},"content":{"rendered":"<p>Acaba de ser divulgado que a top Karlie Kloss ser\u00e1 a estrela da campanha de lan\u00e7amento da cole\u00e7\u00e3o criada em parceria entre as redes de lojas Target e Neiman Marcus. A campanha ter\u00e1 cliques de Craig McDean, styling de Alex White, beleza de Orlando Pita e dire\u00e7\u00e3o de Quentin Jones. Vamos aguardar!<\/p>\n<p>&nbsp;<\/p>\n<div id=\"attachment_39114\" style=\"width: 560px\" class=\"wp-caption aligncenter\"><a class=\"lightbox\" title=\"Karlie Kloss ser\u00e1 estrela da parceria da Target e Neiman Marcus\" href=\"https:\/\/i0.wp.com\/www.agrund.com\/wp-content\/uploads\/2012\/07\/karlie-kloss-for-enc-fall-2011-2012-campaign2.jpg\"><img aria-describedby=\"caption-attachment-39114\" decoding=\"async\" loading=\"lazy\" class=\"size-full wp-image-39114\" title=\"Karlie Kloss ser\u00e1 estrela da parceria da Target e Neiman Marcus\" src=\"https:\/\/i0.wp.com\/www.agrund.com\/wp-content\/uploads\/2012\/07\/karlie-kloss-for-enc-fall-2011-2012-campaign2.jpg?resize=550%2C320\" alt=\"Karlie Kloss ser\u00e1 estrela da parceria da Target e Neiman Marcus\" width=\"550\" height=\"320\" data-recalc-dims=\"1\" \/><\/a><p id=\"caption-attachment-39114\" class=\"wp-caption-text\">Karlie Kloss ser\u00e1 estrela da parceria da Target e Neiman Marcus<\/p><\/div>\n<p>Foto por Reprodu\u00e7\u00e3o.<\/p>\n","protected":false},"excerpt":{"rendered":"<p>Acaba de ser divulgado que a top Karlie Kloss ser\u00e1 a estrela da campanha de lan\u00e7amento da cole\u00e7\u00e3o criada em parceria entre as redes de lojas Target e Neiman Marcus. A campanha ter\u00e1 cliques de Craig McDean, styling de Alex White, beleza de Orlando Pita e dire\u00e7\u00e3o de Quentin Jones. Vamos aguardar! &nbsp; Foto por [&hellip;]<\/p>\n","protected":false},"author":8,"featured_media":39163,"comment_status":"open","ping_status":"open","sticky":false,"template":"","format":"standard","meta":{"jetpack_post_was_ever_published":false,"_jetpack_newsletter_access":"","jetpack_publicize_message":"","jetpack_is_tweetstorm":false,"jetpack_publicize_feature_enabled":true,"jetpack_social_post_already_shared":false,"jetpack_social_options":{"image_generator_settings":{"template":"highway","enabled":false}}},"categories":[2],"tags":[],"jetpack_publicize_connections":[],"jetpack_featured_media_url":"","jetpack_sharing_enabled":true,"jetpack_shortlink":"https:\/\/wp.me\/p3Hz0n-aaR","jetpack_likes_enabled":true,"_links":{"self":[{"href":"https:\/\/agrund.com\/index.php\/wp-json\/wp\/v2\/posts\/39113"}],"collection":[{"href":"https:\/\/agrund.com\/index.php\/wp-json\/wp\/v2\/posts"}],"about":[{"href":"https:\/\/agrund.com\/index.php\/wp-json\/wp\/v2\/types\/post"}],"author":[{"embeddable":true,"href":"https:\/\/agrund.com\/index.php\/wp-json\/wp\/v2\/users\/8"}],"replies":[{"embeddable":true,"href":"https:\/\/agrund.com\/index.php\/wp-json\/wp\/v2\/comments?post=39113"}],"version-history":[{"count":0,"href":"https:\/\/agrund.com\/index.php\/wp-json\/wp\/v2\/posts\/39113\/revisions"}],"wp:featuredmedia":[{"embeddable":true,"href":"https:\/\/agrund.com\/index.php\/wp-json\/"}],"wp:attachment":[{"href":"https:\/\/agrund.com\/index.php\/wp-json\/wp\/v2\/media?parent=39113"}],"wp:term":[{"taxonomy":"category","embeddable":true,"href":"https:\/\/agrund.com\/index.php\/wp-json\/wp\/v2\/categories?post=39113"},{"taxonomy":"post_tag","embeddable":true,"href":"https:\/\/agrund.com\/index.php\/wp-json\/wp\/v2\/tags?post=39113"}],"curies":[{"name":"wp","href":"https:\/\/api.w.org\/{rel}","templated":true}]}}