{"id":39015,"date":"2012-07-30T15:00:20","date_gmt":"2012-07-30T18:00:20","guid":{"rendered":"http:\/\/www.agrund.com\/?p=39015"},"modified":"2012-07-30T15:00:20","modified_gmt":"2012-07-30T18:00:20","slug":"cesar-cielo-na-campanha-mr-cat-para-o-dia-dos-pais","status":"publish","type":"post","link":"https:\/\/agrund.com\/index.php\/cesar-cielo-na-campanha-mr-cat-para-o-dia-dos-pais\/","title":{"rendered":"C\u00e9sar Cielo na Campanha Mr. Cat para o Dia dos Pais"},"content":{"rendered":"<p>O nadador C\u00e9sar Cielo posou para as lentes da fot\u00f3grafa Gabi Haddad para a campanha de Dia dos Pais da Mr. Cat marca carioca especializada em cal\u00e7ados, bolsas e acess\u00f3rios. O cen\u00e1rio escolhido para a tarde de fotos foi o Centro Ol\u00edmpico de Treinamento e Pesquisa, em S\u00e3o Paulo, onde Cielo faz seus treinos e tamb\u00e9m mant\u00e9m o projeto social Novos Cielos.O atleta est\u00e1 prestes a estrear nas piscinas dos Jogos Ol\u00edmpicos de Londres.Vamos torcer por uma medalha.<\/p>\n<p>&nbsp;<\/p>\n<div id=\"attachment_39022\" style=\"width: 510px\" class=\"wp-caption aligncenter\"><a class=\"lightbox\" title=\"C\u00e9sar Cielo na Campanha Mr. Cat para o Dia dos Pais\" href=\"https:\/\/i0.wp.com\/www.agrund.com\/wp-content\/uploads\/2012\/07\/cielo6.jpg\"><img aria-describedby=\"caption-attachment-39022\" decoding=\"async\" loading=\"lazy\" class=\"size-full wp-image-39022\" title=\"C\u00e9sar Cielo na Campanha Mr. Cat para o Dia dos Pais\" src=\"https:\/\/i0.wp.com\/www.agrund.com\/wp-content\/uploads\/2012\/07\/cielo6.jpg?resize=500%2C334\" alt=\"C\u00e9sar Cielo na Campanha Mr. Cat para o Dia dos Pais\" width=\"500\" height=\"334\" data-recalc-dims=\"1\" \/><\/a><p id=\"caption-attachment-39022\" class=\"wp-caption-text\">C\u00e9sar Cielo na Campanha Mr. Cat para o Dia dos Pais<\/p><\/div>\n<div id=\"attachment_39021\" style=\"width: 510px\" class=\"wp-caption aligncenter\"><a class=\"lightbox\" title=\"C\u00e9sar Cielo na Campanha Mr. Cat para o Dia dos Pais\" href=\"https:\/\/i0.wp.com\/www.agrund.com\/wp-content\/uploads\/2012\/07\/cielo5.jpg\"><img aria-describedby=\"caption-attachment-39021\" decoding=\"async\" loading=\"lazy\" class=\"size-full wp-image-39021\" title=\"C\u00e9sar Cielo na Campanha Mr. Cat para o Dia dos Pais\" src=\"https:\/\/i0.wp.com\/www.agrund.com\/wp-content\/uploads\/2012\/07\/cielo5.jpg?resize=500%2C322\" alt=\"C\u00e9sar Cielo na Campanha Mr. Cat para o Dia dos Pais\" width=\"500\" height=\"322\" data-recalc-dims=\"1\" \/><\/a><p id=\"caption-attachment-39021\" class=\"wp-caption-text\">C\u00e9sar Cielo na Campanha Mr. Cat para o Dia dos Pais<\/p><\/div>\n<div id=\"attachment_39020\" style=\"width: 510px\" class=\"wp-caption aligncenter\"><a class=\"lightbox\" title=\"C\u00e9sar Cielo na Campanha Mr. Cat para o Dia dos Pais\" href=\"https:\/\/i0.wp.com\/www.agrund.com\/wp-content\/uploads\/2012\/07\/cielo4.jpg\"><img aria-describedby=\"caption-attachment-39020\" decoding=\"async\" loading=\"lazy\" class=\"size-full wp-image-39020\" title=\"C\u00e9sar Cielo na Campanha Mr. Cat para o Dia dos Pais\" src=\"https:\/\/i0.wp.com\/www.agrund.com\/wp-content\/uploads\/2012\/07\/cielo4.jpg?resize=500%2C552\" alt=\"C\u00e9sar Cielo na Campanha Mr. Cat para o Dia dos Pais\" width=\"500\" height=\"552\" data-recalc-dims=\"1\" \/><\/a><p id=\"caption-attachment-39020\" class=\"wp-caption-text\">C\u00e9sar Cielo na Campanha Mr. Cat para o Dia dos Pais<\/p><\/div>\n<div id=\"attachment_39019\" style=\"width: 510px\" class=\"wp-caption aligncenter\"><a class=\"lightbox\" title=\"C\u00e9sar Cielo na Campanha Mr. Cat para o Dia dos Pais\" href=\"https:\/\/i0.wp.com\/www.agrund.com\/wp-content\/uploads\/2012\/07\/cielo-6.jpg\"><img aria-describedby=\"caption-attachment-39019\" decoding=\"async\" loading=\"lazy\" class=\"size-full wp-image-39019\" title=\"C\u00e9sar Cielo na Campanha Mr. Cat para o Dia dos Pais\" src=\"https:\/\/i0.wp.com\/www.agrund.com\/wp-content\/uploads\/2012\/07\/cielo-6.jpg?resize=500%2C533\" alt=\"C\u00e9sar Cielo na Campanha Mr. Cat para o Dia dos Pais\" width=\"500\" height=\"533\" data-recalc-dims=\"1\" \/><\/a><p id=\"caption-attachment-39019\" class=\"wp-caption-text\">C\u00e9sar Cielo na Campanha Mr. Cat para o Dia dos Pais<\/p><\/div>\n<div id=\"attachment_39018\" style=\"width: 510px\" class=\"wp-caption aligncenter\"><a class=\"lightbox\" title=\"C\u00e9sar Cielo na Campanha Mr. Cat para o Dia dos Pais\" href=\"https:\/\/i0.wp.com\/www.agrund.com\/wp-content\/uploads\/2012\/07\/cielo-3.jpg\"><img aria-describedby=\"caption-attachment-39018\" decoding=\"async\" loading=\"lazy\" class=\"size-full wp-image-39018\" title=\"C\u00e9sar Cielo na Campanha Mr. Cat para o Dia dos Pais\" src=\"https:\/\/i0.wp.com\/www.agrund.com\/wp-content\/uploads\/2012\/07\/cielo-3.jpg?resize=500%2C615\" alt=\"C\u00e9sar Cielo na Campanha Mr. Cat para o Dia dos Pais\" width=\"500\" height=\"615\" data-recalc-dims=\"1\" \/><\/a><p id=\"caption-attachment-39018\" class=\"wp-caption-text\">C\u00e9sar Cielo na Campanha Mr. Cat para o Dia dos Pais<\/p><\/div>\n<div id=\"attachment_39017\" style=\"width: 510px\" class=\"wp-caption aligncenter\"><a class=\"lightbox\" title=\"C\u00e9sar Cielo na Campanha Mr. Cat para o Dia dos Pais\" href=\"https:\/\/i0.wp.com\/www.agrund.com\/wp-content\/uploads\/2012\/07\/cielo-2.jpg\"><img aria-describedby=\"caption-attachment-39017\" decoding=\"async\" loading=\"lazy\" class=\"size-full wp-image-39017\" title=\"C\u00e9sar Cielo na Campanha Mr. Cat para o Dia dos Pais\" src=\"https:\/\/i0.wp.com\/www.agrund.com\/wp-content\/uploads\/2012\/07\/cielo-2.jpg?resize=500%2C721\" alt=\"C\u00e9sar Cielo na Campanha Mr. Cat para o Dia dos Pais\" width=\"500\" height=\"721\" data-recalc-dims=\"1\" \/><\/a><p id=\"caption-attachment-39017\" class=\"wp-caption-text\">C\u00e9sar Cielo na Campanha Mr. Cat para o Dia dos Pais<\/p><\/div>\n<div id=\"attachment_39016\" style=\"width: 510px\" class=\"wp-caption aligncenter\"><a class=\"lightbox\" title=\"C\u00e9sar Cielo na Campanha Mr. Cat para o Dia dos Pais\" href=\"https:\/\/i0.wp.com\/www.agrund.com\/wp-content\/uploads\/2012\/07\/cielo-1.jpg\"><img aria-describedby=\"caption-attachment-39016\" decoding=\"async\" loading=\"lazy\" class=\"size-full wp-image-39016\" title=\"C\u00e9sar Cielo na Campanha Mr. Cat para o Dia dos Pais\" src=\"https:\/\/i0.wp.com\/www.agrund.com\/wp-content\/uploads\/2012\/07\/cielo-1.jpg?resize=500%2C650\" alt=\"C\u00e9sar Cielo na Campanha Mr. Cat para o Dia dos Pais\" width=\"500\" height=\"650\" data-recalc-dims=\"1\" \/><\/a><p id=\"caption-attachment-39016\" class=\"wp-caption-text\">C\u00e9sar Cielo na Campanha Mr. Cat para o Dia dos Pais<\/p><\/div>\n<p>Fotos por Divulga\u00e7\u00e3o.<\/p>\n<p><img decoding=\"async\" src=\"https:\/\/i0.wp.com\/www.agrund.com\/wp-content\/themes\/FashionPlus\/images\/topo_moda_masculina.jpg\" alt=\"Moda Masculina\" data-recalc-dims=\"1\" \/><\/p>\n","protected":false},"excerpt":{"rendered":"<p>O nadador C\u00e9sar Cielo posou para as lentes da fot\u00f3grafa Gabi Haddad para a campanha de Dia dos Pais da Mr. Cat marca carioca especializada em cal\u00e7ados, bolsas e acess\u00f3rios. O cen\u00e1rio escolhido para a tarde de fotos foi o Centro Ol\u00edmpico de Treinamento e Pesquisa, em S\u00e3o Paulo, onde Cielo faz seus treinos e [&hellip;]<\/p>\n","protected":false},"author":8,"featured_media":39023,"comment_status":"open","ping_status":"open","sticky":false,"template":"","format":"standard","meta":{"jetpack_post_was_ever_published":false,"_jetpack_newsletter_access":"","jetpack_publicize_message":"","jetpack_is_tweetstorm":false,"jetpack_publicize_feature_enabled":true,"jetpack_social_post_already_shared":false,"jetpack_social_options":{"image_generator_settings":{"template":"highway","enabled":false}}},"categories":[6],"tags":[],"jetpack_publicize_connections":[],"jetpack_featured_media_url":"","jetpack_sharing_enabled":true,"jetpack_shortlink":"https:\/\/wp.me\/p3Hz0n-a9h","jetpack_likes_enabled":true,"_links":{"self":[{"href":"https:\/\/agrund.com\/index.php\/wp-json\/wp\/v2\/posts\/39015"}],"collection":[{"href":"https:\/\/agrund.com\/index.php\/wp-json\/wp\/v2\/posts"}],"about":[{"href":"https:\/\/agrund.com\/index.php\/wp-json\/wp\/v2\/types\/post"}],"author":[{"embeddable":true,"href":"https:\/\/agrund.com\/index.php\/wp-json\/wp\/v2\/users\/8"}],"replies":[{"embeddable":true,"href":"https:\/\/agrund.com\/index.php\/wp-json\/wp\/v2\/comments?post=39015"}],"version-history":[{"count":0,"href":"https:\/\/agrund.com\/index.php\/wp-json\/wp\/v2\/posts\/39015\/revisions"}],"wp:featuredmedia":[{"embeddable":true,"href":"https:\/\/agrund.com\/index.php\/wp-json\/"}],"wp:attachment":[{"href":"https:\/\/agrund.com\/index.php\/wp-json\/wp\/v2\/media?parent=39015"}],"wp:term":[{"taxonomy":"category","embeddable":true,"href":"https:\/\/agrund.com\/index.php\/wp-json\/wp\/v2\/categories?post=39015"},{"taxonomy":"post_tag","embeddable":true,"href":"https:\/\/agrund.com\/index.php\/wp-json\/wp\/v2\/tags?post=39015"}],"curies":[{"name":"wp","href":"https:\/\/api.w.org\/{rel}","templated":true}]}}