{"id":39003,"date":"2012-07-30T13:00:08","date_gmt":"2012-07-30T16:00:08","guid":{"rendered":"http:\/\/www.agrund.com\/?p=39003"},"modified":"2012-07-30T13:00:08","modified_gmt":"2012-07-30T16:00:08","slug":"a-converse-comemora-o-dia-mundial-do-rock-com-show-no-meio-da-transito-em-sampa","status":"publish","type":"post","link":"https:\/\/agrund.com\/index.php\/a-converse-comemora-o-dia-mundial-do-rock-com-show-no-meio-da-transito-em-sampa\/","title":{"rendered":"A Converse comemora o dia mundial do rock com show no meio da transito em Sampa"},"content":{"rendered":"<p>Desde 2007, a Converse comemora o Dia Mundial do Rock com uma a\u00e7\u00e3o inusitada em uma grande cidade brasileira.<\/p>\n<p>Esse ano, a cidade escolhida foi S\u00e3o Paulo. E, j\u00e1 que a capital paulistana \u00e9 famosa por ter um dos piores tr\u00e2nsitos do mundo, a estrat\u00e9gia foi transformar esse caos em rock com o Converse Traffic Jam, uma jam session m\u00f3vel bem no meio das ruas.<\/p>\n<p>Tudo come\u00e7ou cedo, pouco depois das 7 horas da manh\u00e3. Converse Traffic Jam virou a primeira not\u00edcia relacionada \u00e0 m\u00fasica em uma data muito concorrida.<\/p>\n<p>O palco do Traffic Jam foi parte fundamental da experi\u00eancia: uma esp\u00e9cie de est\u00fadio itinerante montado na traseira de um caminh\u00e3o, protegido por uma estrutura transparente para permitir a intera\u00e7\u00e3o dos artistas com motoristas e pedestres. Em cima dele, nomes da nova gera\u00e7\u00e3o se misturaram a lendas do rock: Lob\u00e3o, Nasi, Beto Bruno (Cachorro Grande), Miranda Kassin e Andr\u00e9 Frateschi.<\/p>\n<p><span class=\"embed-youtube\" style=\"text-align:center; display: block;\"><iframe loading=\"lazy\" class=\"youtube-player\" width=\"640\" height=\"360\" src=\"https:\/\/www.youtube.com\/embed\/RJlsDykLW7U?version=3&#038;rel=1&#038;showsearch=0&#038;showinfo=1&#038;iv_load_policy=1&#038;fs=1&#038;hl=pt-BR&#038;autohide=2&#038;wmode=transparent\" allowfullscreen=\"true\" style=\"border:0;\" sandbox=\"allow-scripts allow-same-origin allow-popups allow-presentation\"><\/iframe><\/span><\/p>\n<div id=\"attachment_39005\" style=\"width: 510px\" class=\"wp-caption aligncenter\"><a class=\"lightbox\" title=\"A Converse comemora o dia mundial do rock com show no meio da transito em Sampa \" href=\"https:\/\/i0.wp.com\/www.agrund.com\/wp-content\/uploads\/2012\/07\/converse_trafic.jpg\"><img aria-describedby=\"caption-attachment-39005\" decoding=\"async\" loading=\"lazy\" class=\"size-full wp-image-39005 \" title=\"A Converse comemora o dia mundial do rock com show no meio da transito em Sampa \" src=\"https:\/\/i0.wp.com\/www.agrund.com\/wp-content\/uploads\/2012\/07\/converse_trafic.jpg?resize=500%2C276\" alt=\"A Converse comemora o dia mundial do rock com show no meio da transito em Sampa \" width=\"500\" height=\"276\" data-recalc-dims=\"1\" \/><\/a><p id=\"caption-attachment-39005\" class=\"wp-caption-text\">A Converse comemora o dia mundial do rock com show no meio da transito em Sampa<\/p><\/div>\n<div id=\"attachment_39004\" style=\"width: 510px\" class=\"wp-caption aligncenter\"><a class=\"lightbox\" title=\"A Converse comemora o dia mundial do rock com show no meio da transito em Sampa \" href=\"https:\/\/i0.wp.com\/www.agrund.com\/wp-content\/uploads\/2012\/07\/424984_449842548370254_1708074542_n.jpg\"><img aria-describedby=\"caption-attachment-39004\" decoding=\"async\" loading=\"lazy\" class=\"size-full wp-image-39004 \" title=\"A Converse comemora o dia mundial do rock com show no meio da transito em Sampa \" src=\"https:\/\/i0.wp.com\/www.agrund.com\/wp-content\/uploads\/2012\/07\/424984_449842548370254_1708074542_n.jpg?resize=500%2C500\" alt=\"A Converse comemora o dia mundial do rock com show no meio da transito em Sampa \" width=\"500\" height=\"500\" data-recalc-dims=\"1\" \/><\/a><p id=\"caption-attachment-39004\" class=\"wp-caption-text\">A Converse comemora o dia mundial do rock com show no meio da transito em Sampa<\/p><\/div>\n<p>Foto por Reprodu\u00e7\u00e3o.<\/p>\n<p><img decoding=\"async\" src=\"https:\/\/i0.wp.com\/www.agrund.com\/wp-content\/themes\/FashionPlus\/images\/topo_moda_masculina.jpg\" alt=\"Moda Masculina\" data-recalc-dims=\"1\" \/><\/p>\n<p>&nbsp;<\/p>\n<p>&nbsp;<\/p>\n<p>&nbsp;<\/p>\n<p>&nbsp;<\/p>\n<p>&nbsp;<\/p>\n<p>&nbsp;<\/p>\n","protected":false},"excerpt":{"rendered":"<p>Desde 2007, a Converse comemora o Dia Mundial do Rock com uma a\u00e7\u00e3o inusitada em uma grande cidade brasileira. Esse ano, a cidade escolhida foi S\u00e3o Paulo. E, j\u00e1 que a capital paulistana \u00e9 famosa por ter um dos piores tr\u00e2nsitos do mundo, a estrat\u00e9gia foi transformar esse caos em rock com o Converse Traffic [&hellip;]<\/p>\n","protected":false},"author":8,"featured_media":39006,"comment_status":"open","ping_status":"open","sticky":false,"template":"","format":"standard","meta":{"jetpack_post_was_ever_published":false,"_jetpack_newsletter_access":"","jetpack_publicize_message":"","jetpack_is_tweetstorm":false,"jetpack_publicize_feature_enabled":true,"jetpack_social_post_already_shared":false,"jetpack_social_options":{"image_generator_settings":{"template":"highway","enabled":false}}},"categories":[6],"tags":[],"jetpack_publicize_connections":[],"jetpack_featured_media_url":"","jetpack_sharing_enabled":true,"jetpack_shortlink":"https:\/\/wp.me\/p3Hz0n-a95","jetpack_likes_enabled":true,"_links":{"self":[{"href":"https:\/\/agrund.com\/index.php\/wp-json\/wp\/v2\/posts\/39003"}],"collection":[{"href":"https:\/\/agrund.com\/index.php\/wp-json\/wp\/v2\/posts"}],"about":[{"href":"https:\/\/agrund.com\/index.php\/wp-json\/wp\/v2\/types\/post"}],"author":[{"embeddable":true,"href":"https:\/\/agrund.com\/index.php\/wp-json\/wp\/v2\/users\/8"}],"replies":[{"embeddable":true,"href":"https:\/\/agrund.com\/index.php\/wp-json\/wp\/v2\/comments?post=39003"}],"version-history":[{"count":0,"href":"https:\/\/agrund.com\/index.php\/wp-json\/wp\/v2\/posts\/39003\/revisions"}],"wp:featuredmedia":[{"embeddable":true,"href":"https:\/\/agrund.com\/index.php\/wp-json\/"}],"wp:attachment":[{"href":"https:\/\/agrund.com\/index.php\/wp-json\/wp\/v2\/media?parent=39003"}],"wp:term":[{"taxonomy":"category","embeddable":true,"href":"https:\/\/agrund.com\/index.php\/wp-json\/wp\/v2\/categories?post=39003"},{"taxonomy":"post_tag","embeddable":true,"href":"https:\/\/agrund.com\/index.php\/wp-json\/wp\/v2\/tags?post=39003"}],"curies":[{"name":"wp","href":"https:\/\/api.w.org\/{rel}","templated":true}]}}