{"id":38988,"date":"2012-07-30T11:00:54","date_gmt":"2012-07-30T14:00:54","guid":{"rendered":"http:\/\/www.agrund.com\/?p=38988"},"modified":"2012-07-30T11:00:54","modified_gmt":"2012-07-30T14:00:54","slug":"uniformes-dos-jogos-olimpicos","status":"publish","type":"post","link":"https:\/\/agrund.com\/index.php\/uniformes-dos-jogos-olimpicos\/","title":{"rendered":"Uniformes dos Jogos Ol\u00edmpicos"},"content":{"rendered":"<p>Al\u00e9m de levar seus melhores atletas para as Olimp\u00edadas de Londres, muitas federa\u00e7\u00f5es apostaram em lev\u00e1-los muito mais bem vestidos. As parcerias que alguns pa\u00edses fizeram com grandes estilistas v\u00e3o deixar os competidores bem mais charmosos. Veja alguns dos uniformes que come\u00e7aram a ser desfilados nesta sexta-feira, 27 de julho, primeiro dia oficial dos jogos.<\/p>\n<p><strong>Stella McCartney:<\/strong> A estilista desenhou o uniforme da equipe inglesa, a partir da releitura da bandeira do pais.<\/p>\n<p>&nbsp;<\/p>\n<div id=\"attachment_38989\" style=\"width: 510px\" class=\"wp-caption aligncenter\"><a class=\"lightbox\" title=\"Uniformes dos Jogos Ol\u00edmpicos     \" href=\"https:\/\/i0.wp.com\/www.agrund.com\/wp-content\/uploads\/2012\/07\/Stella-McCaryney-London.jpg\"><img aria-describedby=\"caption-attachment-38989\" decoding=\"async\" loading=\"lazy\" class=\"size-full wp-image-38989\" title=\"Uniformes dos Jogos Ol\u00edmpicos     \" src=\"https:\/\/i0.wp.com\/www.agrund.com\/wp-content\/uploads\/2012\/07\/Stella-McCaryney-London.jpg?resize=500%2C297\" alt=\"Stella McCaryney \" width=\"500\" height=\"297\" data-recalc-dims=\"1\" \/><\/a><p id=\"caption-attachment-38989\" class=\"wp-caption-text\">Stella McCaryney<\/p><\/div>\n<p><strong>Cedella Marley:<\/strong> Estilista e filha do cantor Bob Marley, foi convidada pela marca Puma para desenhar os uniformes da equipe da Jamaica. Al\u00e9m de toda a tecnologia, as pe\u00e7as foram confeccionadas em cores vibrantes e tiveram influ\u00eancias africanas.<\/p>\n<p>&nbsp;<\/p>\n<div id=\"attachment_38990\" style=\"width: 510px\" class=\"wp-caption aligncenter\"><a class=\"lightbox\" title=\"Uniformes dos Jogos Ol\u00edmpicos     \" href=\"https:\/\/i0.wp.com\/www.agrund.com\/wp-content\/uploads\/2012\/07\/cedella-marley-1-1.jpg\"><img aria-describedby=\"caption-attachment-38990\" decoding=\"async\" loading=\"lazy\" class=\"size-full wp-image-38990\" title=\"Uniformes dos Jogos Ol\u00edmpicos     \" src=\"https:\/\/i0.wp.com\/www.agrund.com\/wp-content\/uploads\/2012\/07\/cedella-marley-1-1.jpg?resize=500%2C374\" alt=\"Cedella Marley\" width=\"500\" height=\"374\" data-recalc-dims=\"1\" \/><\/a><p id=\"caption-attachment-38990\" class=\"wp-caption-text\">Cedella Marley<\/p><\/div>\n<p><strong>Nike:<\/strong> s\u00f3 poderosos s\u00e3o patrocinados pela gigante Nike e, mais uma vez, o portugu\u00eas Cristiano Ronaldo est\u00e1 \u00e0 frente desse batalh\u00e3o de jogadores. Os uniformes foram confeccionados com tecnologia de ponta e cada detalhe \u00e9 pensado para o melhor desempenho dos atletas.<\/p>\n<p>&nbsp;<\/p>\n<div id=\"attachment_38991\" style=\"width: 510px\" class=\"wp-caption aligncenter\"><a class=\"lightbox\" title=\"Uniformes dos Jogos Ol\u00edmpicos     \" href=\"https:\/\/i0.wp.com\/www.agrund.com\/wp-content\/uploads\/2012\/07\/nike-uniformes-1.jpg\"><img aria-describedby=\"caption-attachment-38991\" decoding=\"async\" loading=\"lazy\" class=\"size-full wp-image-38991\" title=\"Uniformes dos Jogos Ol\u00edmpicos     \" src=\"https:\/\/i0.wp.com\/www.agrund.com\/wp-content\/uploads\/2012\/07\/nike-uniformes-1.jpg?resize=500%2C357\" alt=\"Nike\" width=\"500\" height=\"357\" data-recalc-dims=\"1\" \/><\/a><p id=\"caption-attachment-38991\" class=\"wp-caption-text\">Nike<\/p><\/div>\n<p>&nbsp;<\/p>\n<p><strong>Prada:<\/strong> Miuccia Prada fez os uniformes do time de velejadores da It\u00e1lia. Tecidos imperme\u00e1veis e pe\u00e7as com muitos recortes, tend\u00eancia pura! O melhor \u00e9 que essa moda n\u00e3o ser\u00e1 privil\u00e9gio somente dos atletas, pois a pegada esportiva est\u00e1 em alta nesta temporada.<\/p>\n<p>&nbsp;<\/p>\n<div id=\"attachment_38993\" style=\"width: 257px\" class=\"wp-caption aligncenter\"><a class=\"lightbox\" title=\"Uniformes dos Jogos Ol\u00edmpicos     \" href=\"https:\/\/i0.wp.com\/www.agrund.com\/wp-content\/uploads\/2012\/07\/prada-time-de-vela1.jpg\"><img aria-describedby=\"caption-attachment-38993\" decoding=\"async\" loading=\"lazy\" class=\"size-full wp-image-38993\" title=\"Uniformes dos Jogos Ol\u00edmpicos     \" src=\"https:\/\/i0.wp.com\/www.agrund.com\/wp-content\/uploads\/2012\/07\/prada-time-de-vela1.jpg?resize=247%2C475\" alt=\"Prada\" width=\"247\" height=\"475\" data-recalc-dims=\"1\" \/><\/a><p id=\"caption-attachment-38993\" class=\"wp-caption-text\">Prada<\/p><\/div>\n<p><strong>Ralph Lauren:<\/strong> os uniformes dos atletas norte-americanos s\u00e3o assinados pelo estilista Ralph Louren. As imagens mostram que a inspira\u00e7\u00e3o navy \u00e9 o ponto forte da cole\u00e7\u00e3o, al\u00e9m de blazers bem cortados e alfaiataria perfeita.<\/p>\n<p>&nbsp;<\/p>\n<div id=\"attachment_38994\" style=\"width: 510px\" class=\"wp-caption aligncenter\"><a class=\"lightbox\" title=\"Uniformes dos Jogos Ol\u00edmpicos\" href=\"https:\/\/i0.wp.com\/www.agrund.com\/wp-content\/uploads\/2012\/07\/ralph-lauren-olimpiadas-2012-1.jpg\"><img aria-describedby=\"caption-attachment-38994\" decoding=\"async\" loading=\"lazy\" class=\"size-full wp-image-38994\" title=\"Uniformes dos Jogos Ol\u00edmpicos\" src=\"https:\/\/i0.wp.com\/www.agrund.com\/wp-content\/uploads\/2012\/07\/ralph-lauren-olimpiadas-2012-1.jpg?resize=500%2C633\" alt=\"Ralp Lauren\" width=\"500\" height=\"633\" data-recalc-dims=\"1\" \/><\/a><p id=\"caption-attachment-38994\" class=\"wp-caption-text\">Ralp Lauren<\/p><\/div>\n<p>Fotos por Reprodu\u00e7\u00e3o.<\/p>\n<p><img decoding=\"async\" src=\"https:\/\/i0.wp.com\/www.agrund.com\/wp-content\/themes\/FashionPlus\/images\/topo_moda_masculina.jpg\" alt=\"Moda Masculina\" data-recalc-dims=\"1\" \/><\/p>\n","protected":false},"excerpt":{"rendered":"<p>Al\u00e9m de levar seus melhores atletas para as Olimp\u00edadas de Londres, muitas federa\u00e7\u00f5es apostaram em lev\u00e1-los muito mais bem vestidos. As parcerias que alguns pa\u00edses fizeram com grandes estilistas v\u00e3o deixar os competidores bem mais charmosos. Veja alguns dos uniformes que come\u00e7aram a ser desfilados nesta sexta-feira, 27 de julho, primeiro dia oficial dos jogos. [&hellip;]<\/p>\n","protected":false},"author":8,"featured_media":38995,"comment_status":"open","ping_status":"open","sticky":false,"template":"","format":"standard","meta":{"jetpack_post_was_ever_published":false,"_jetpack_newsletter_access":"","jetpack_publicize_message":"","jetpack_is_tweetstorm":false,"jetpack_publicize_feature_enabled":true,"jetpack_social_post_already_shared":false,"jetpack_social_options":{"image_generator_settings":{"template":"highway","enabled":false}}},"categories":[6],"tags":[],"jetpack_publicize_connections":[],"jetpack_featured_media_url":"","jetpack_sharing_enabled":true,"jetpack_shortlink":"https:\/\/wp.me\/p3Hz0n-a8Q","jetpack_likes_enabled":true,"_links":{"self":[{"href":"https:\/\/agrund.com\/index.php\/wp-json\/wp\/v2\/posts\/38988"}],"collection":[{"href":"https:\/\/agrund.com\/index.php\/wp-json\/wp\/v2\/posts"}],"about":[{"href":"https:\/\/agrund.com\/index.php\/wp-json\/wp\/v2\/types\/post"}],"author":[{"embeddable":true,"href":"https:\/\/agrund.com\/index.php\/wp-json\/wp\/v2\/users\/8"}],"replies":[{"embeddable":true,"href":"https:\/\/agrund.com\/index.php\/wp-json\/wp\/v2\/comments?post=38988"}],"version-history":[{"count":0,"href":"https:\/\/agrund.com\/index.php\/wp-json\/wp\/v2\/posts\/38988\/revisions"}],"wp:featuredmedia":[{"embeddable":true,"href":"https:\/\/agrund.com\/index.php\/wp-json\/"}],"wp:attachment":[{"href":"https:\/\/agrund.com\/index.php\/wp-json\/wp\/v2\/media?parent=38988"}],"wp:term":[{"taxonomy":"category","embeddable":true,"href":"https:\/\/agrund.com\/index.php\/wp-json\/wp\/v2\/categories?post=38988"},{"taxonomy":"post_tag","embeddable":true,"href":"https:\/\/agrund.com\/index.php\/wp-json\/wp\/v2\/tags?post=38988"}],"curies":[{"name":"wp","href":"https:\/\/api.w.org\/{rel}","templated":true}]}}