{"id":38701,"date":"2012-07-25T17:00:41","date_gmt":"2012-07-25T20:00:41","guid":{"rendered":"http:\/\/www.agrund.com\/?p=38701"},"modified":"2012-07-25T17:00:41","modified_gmt":"2012-07-25T20:00:41","slug":"kenzo-assina-nova-colecao-para-vans","status":"publish","type":"post","link":"https:\/\/agrund.com\/index.php\/kenzo-assina-nova-colecao-para-vans\/","title":{"rendered":"Kenzo assina nova cole\u00e7\u00e3o para Vans"},"content":{"rendered":"<p>Pela segunda vez, a Kenzo assina uma edi\u00e7\u00e3o limitada em parceria com a Vans. Os estilistas Humberto Leon e Carol Lim escolheram listras e flores para estampar o modelo ERA da marca californiana. Os pisantes chegar\u00e3o \u00e0s lojas em setembro desse ano. S\u00f3 lembrando que a dupla de estilistas s\u00e3o os fundadores da Opening Ceremony.<\/p>\n<p>&nbsp;<\/p>\n<div id=\"attachment_38705\" style=\"width: 480px\" class=\"wp-caption aligncenter\"><a class=\"lightbox\" title=\"Kenzo assina nova cole\u00e7\u00e3o para Vans \" href=\"https:\/\/i0.wp.com\/www.agrund.com\/wp-content\/uploads\/2012\/07\/vans-kenzo-fw12-stripes.jpg\"><img aria-describedby=\"caption-attachment-38705\" decoding=\"async\" loading=\"lazy\" class=\"size-full wp-image-38705\" title=\"Kenzo assina nova cole\u00e7\u00e3o para Vans \" src=\"https:\/\/i0.wp.com\/www.agrund.com\/wp-content\/uploads\/2012\/07\/vans-kenzo-fw12-stripes.jpg?resize=470%2C371\" alt=\"Kenzo assina nova cole\u00e7\u00e3o para Vans \" width=\"470\" height=\"371\" data-recalc-dims=\"1\" \/><\/a><p id=\"caption-attachment-38705\" class=\"wp-caption-text\">Kenzo assina nova cole\u00e7\u00e3o para Vans<\/p><\/div>\n<div id=\"attachment_38703\" style=\"width: 480px\" class=\"wp-caption aligncenter\"><a class=\"lightbox\" title=\"Kenzo assina nova cole\u00e7\u00e3o para Vans \" href=\"https:\/\/i0.wp.com\/www.agrund.com\/wp-content\/uploads\/2012\/07\/kenzo-vans-2.jpg\"><img aria-describedby=\"caption-attachment-38703\" decoding=\"async\" loading=\"lazy\" class=\"size-full wp-image-38703\" title=\"Kenzo assina nova cole\u00e7\u00e3o para Vans \" src=\"https:\/\/i0.wp.com\/www.agrund.com\/wp-content\/uploads\/2012\/07\/kenzo-vans-2.jpg?resize=470%2C328\" alt=\"Kenzo assina nova cole\u00e7\u00e3o para Vans \" width=\"470\" height=\"328\" data-recalc-dims=\"1\" \/><\/a><p id=\"caption-attachment-38703\" class=\"wp-caption-text\">Kenzo assina nova cole\u00e7\u00e3o para Vans<\/p><\/div>\n<div id=\"attachment_38702\" style=\"width: 480px\" class=\"wp-caption aligncenter\"><a class=\"lightbox\" title=\"Kenzo assina nova cole\u00e7\u00e3o para Vans \" href=\"https:\/\/i0.wp.com\/www.agrund.com\/wp-content\/uploads\/2012\/07\/kenzo-fundo-branco-13.jpg\"><img aria-describedby=\"caption-attachment-38702\" decoding=\"async\" loading=\"lazy\" class=\"size-full wp-image-38702\" title=\"Kenzo assina nova cole\u00e7\u00e3o para Vans \" src=\"https:\/\/i0.wp.com\/www.agrund.com\/wp-content\/uploads\/2012\/07\/kenzo-fundo-branco-13.jpg?resize=470%2C314\" alt=\"Kenzo assina nova cole\u00e7\u00e3o para Vans \" width=\"470\" height=\"314\" data-recalc-dims=\"1\" \/><\/a><p id=\"caption-attachment-38702\" class=\"wp-caption-text\">Kenzo assina nova cole\u00e7\u00e3o para Vans<\/p><\/div>\n<p><span style=\"font-family: Arial, sans-serif\"><br \/>\n<\/span><\/p>\n<p><span style=\"font-family: Arial, sans-serif\">Fotos por Divulga\u00e7\u00e3o.<\/span><\/p>\n","protected":false},"excerpt":{"rendered":"<p>Pela segunda vez, a Kenzo assina uma edi\u00e7\u00e3o limitada em parceria com a Vans. Os estilistas Humberto Leon e Carol Lim escolheram listras e flores para estampar o modelo ERA da marca californiana. Os pisantes chegar\u00e3o \u00e0s lojas em setembro desse ano. S\u00f3 lembrando que a dupla de estilistas s\u00e3o os fundadores da Opening Ceremony. [&hellip;]<\/p>\n","protected":false},"author":8,"featured_media":38704,"comment_status":"open","ping_status":"open","sticky":false,"template":"","format":"standard","meta":{"jetpack_post_was_ever_published":false,"_jetpack_newsletter_access":"","jetpack_publicize_message":"","jetpack_is_tweetstorm":false,"jetpack_publicize_feature_enabled":true,"jetpack_social_post_already_shared":false,"jetpack_social_options":{"image_generator_settings":{"template":"highway","enabled":false}}},"categories":[2],"tags":[],"jetpack_publicize_connections":[],"jetpack_featured_media_url":"","jetpack_sharing_enabled":true,"jetpack_shortlink":"https:\/\/wp.me\/p3Hz0n-a4d","jetpack_likes_enabled":true,"_links":{"self":[{"href":"https:\/\/agrund.com\/index.php\/wp-json\/wp\/v2\/posts\/38701"}],"collection":[{"href":"https:\/\/agrund.com\/index.php\/wp-json\/wp\/v2\/posts"}],"about":[{"href":"https:\/\/agrund.com\/index.php\/wp-json\/wp\/v2\/types\/post"}],"author":[{"embeddable":true,"href":"https:\/\/agrund.com\/index.php\/wp-json\/wp\/v2\/users\/8"}],"replies":[{"embeddable":true,"href":"https:\/\/agrund.com\/index.php\/wp-json\/wp\/v2\/comments?post=38701"}],"version-history":[{"count":0,"href":"https:\/\/agrund.com\/index.php\/wp-json\/wp\/v2\/posts\/38701\/revisions"}],"wp:featuredmedia":[{"embeddable":true,"href":"https:\/\/agrund.com\/index.php\/wp-json\/"}],"wp:attachment":[{"href":"https:\/\/agrund.com\/index.php\/wp-json\/wp\/v2\/media?parent=38701"}],"wp:term":[{"taxonomy":"category","embeddable":true,"href":"https:\/\/agrund.com\/index.php\/wp-json\/wp\/v2\/categories?post=38701"},{"taxonomy":"post_tag","embeddable":true,"href":"https:\/\/agrund.com\/index.php\/wp-json\/wp\/v2\/tags?post=38701"}],"curies":[{"name":"wp","href":"https:\/\/api.w.org\/{rel}","templated":true}]}}