{"id":3868,"date":"2011-02-01T18:34:21","date_gmt":"2011-02-01T20:34:21","guid":{"rendered":"http:\/\/www.agrund.com\/blogs\/notas\/?p=3868"},"modified":"2011-02-01T18:34:21","modified_gmt":"2011-02-01T20:34:21","slug":"a-vez-deles","status":"publish","type":"post","link":"https:\/\/agrund.com\/index.php\/a-vez-deles\/","title":{"rendered":"A VEZ DELES"},"content":{"rendered":"<p>Realmente o cinza, preto e branco\u00a0dominam os looks dessa 15\u00ba edi\u00e7\u00e3o do SPFW.\u00a0 O agrund.com escolheu alguns masculinos para mostrar uma combina\u00e7\u00e3o chic e certeira. J\u00e1 se foi o tempo em que s\u00f3 as mulheres chamavam a aten\u00e7\u00e3o com seus looks nas semanas de moda, agora \u00e9 a vez dos homens brilharem por aqui. Mais do que merecido, veja as fotos:<\/p>\n<div id=\"attachment_3875\" style=\"width: 477px\" class=\"wp-caption aligncenter\"><a href=\"\/wp-content\/uploads\/2011\/02\/Vinicius-Guidini-veste-blazer-brech\u00f3-camiseta-triton-e-oxford-Herchcovitch-para-Melissa.1.jpg\"><img aria-describedby=\"caption-attachment-3875\" decoding=\"async\" loading=\"lazy\" class=\"size-full wp-image-3875\" src=\"\/wp-content\/uploads\/2011\/02\/Vinicius-Guidini-veste-blazer-brech\u00f3-camiseta-triton-e-oxford-Herchcovitch-para-Melissa.1.jpg\" alt=\"\" width=\"467\" height=\"700\" \/><\/a><p id=\"caption-attachment-3875\" class=\"wp-caption-text\">Vinicius Guidini veste blazer brech\u00f3, camiseta Triton e oxford Herchcovitch para Melissa.<\/p><\/div>\n<div id=\"attachment_3869\" style=\"width: 477px\" class=\"wp-caption aligncenter\"><a href=\"\/wp-content\/uploads\/2011\/02\/Glauco-usa-jeans-Hering-Marc-Jacobs-e-coturno-Dr.-Martens.jpg\"><img aria-describedby=\"caption-attachment-3869\" decoding=\"async\" loading=\"lazy\" class=\"size-full wp-image-3869\" src=\"\/wp-content\/uploads\/2011\/02\/Glauco-usa-jeans-Hering-Marc-Jacobs-e-coturno-Dr.-Martens.jpg\" alt=\"\" width=\"467\" height=\"700\" \/><\/a><p id=\"caption-attachment-3869\" class=\"wp-caption-text\">Glauco usa jeans Hering, Marc Jacobs e coturno Dr. Martens<\/p><\/div>\n<div id=\"attachment_3871\" style=\"width: 477px\" class=\"wp-caption aligncenter\"><a href=\"https:\/\/i0.wp.com\/www.agrund.com\/files\/2011\/02\/Bruno-Ferrari-veste-Zara.jpg\"><img aria-describedby=\"caption-attachment-3871\" decoding=\"async\" loading=\"lazy\" class=\"size-full wp-image-3871\" src=\"https:\/\/i0.wp.com\/www.agrund.com\/arquivo\/notas\/files\/2011\/02\/Bruno-Ferrari-veste-Zara.jpg?resize=467%2C700\" alt=\"\" width=\"467\" height=\"700\" data-recalc-dims=\"1\" \/><\/a><p id=\"caption-attachment-3871\" class=\"wp-caption-text\">Bruno Ferrari veste Zara<\/p><\/div>\n<div id=\"attachment_3873\" style=\"width: 477px\" class=\"wp-caption aligncenter\"><a href=\"\/wp-content\/uploads\/2011\/02\/gustavo-garcez-usa-Zara-e-Reinaldo-Louren\u00e7o-t\u00eanis-Dior.1.jpg\"><img aria-describedby=\"caption-attachment-3873\" decoding=\"async\" loading=\"lazy\" class=\"size-full wp-image-3873\" src=\"\/wp-content\/uploads\/2011\/02\/gustavo-garcez-usa-Zara-e-Reinaldo-Louren\u00e7o-t\u00eanis-Dior.1.jpg\" alt=\"\" width=\"467\" height=\"700\" \/><\/a><p id=\"caption-attachment-3873\" class=\"wp-caption-text\">Gustavo Garcez usa Zara, Reinaldo Louren\u00e7o e t\u00eanis Dior.<\/p><\/div>\n<p style=\"text-align: center\"><a href=\"http:\/\/www.agrund.com\/files\/2011\/02\/gustavo-garcez-usa-Zara-e-Reinaldo-Louren\u00e7o-t\u00eanis-Dior..jpg\"><\/a><a href=\"http:\/\/www.agrund.com\/files\/2011\/02\/gustavo-garcez-usa-Zara-e-Reinaldo-Louren\u00e7o-t\u00eanis-Dior..jpg\"><\/a><\/p>\n<p>fotos por Andr\u00e9 Arthur<a href=\"http:\/\/www.agrund.com\/files\/2011\/02\/Vinicius-Guidini-veste-blazer-brech\u00f3-camiseta-triton-e-oxford-Herchcovitch-para-Melissa..jpg\"><\/a><\/p>\n","protected":false},"excerpt":{"rendered":"<p>Realmente o cinza, preto e branco\u00a0dominam os looks dessa 15\u00ba edi\u00e7\u00e3o do SPFW.\u00a0 O agrund.com escolheu alguns masculinos para mostrar uma combina\u00e7\u00e3o chic e certeira. J\u00e1 se foi o tempo em que s\u00f3 as mulheres chamavam a aten\u00e7\u00e3o com seus looks nas semanas de moda, agora \u00e9 a vez dos homens brilharem por aqui. Mais [&hellip;]<\/p>\n","protected":false},"author":8,"featured_media":3875,"comment_status":"open","ping_status":"open","sticky":false,"template":"","format":"standard","meta":{"jetpack_post_was_ever_published":false,"_jetpack_newsletter_access":"","jetpack_publicize_message":"","jetpack_is_tweetstorm":false,"jetpack_publicize_feature_enabled":true,"jetpack_social_post_already_shared":false,"jetpack_social_options":{"image_generator_settings":{"template":"highway","enabled":false}}},"categories":[2],"tags":[],"jetpack_publicize_connections":[],"jetpack_featured_media_url":"","jetpack_sharing_enabled":true,"jetpack_shortlink":"https:\/\/wp.me\/p3Hz0n-10o","jetpack_likes_enabled":true,"_links":{"self":[{"href":"https:\/\/agrund.com\/index.php\/wp-json\/wp\/v2\/posts\/3868"}],"collection":[{"href":"https:\/\/agrund.com\/index.php\/wp-json\/wp\/v2\/posts"}],"about":[{"href":"https:\/\/agrund.com\/index.php\/wp-json\/wp\/v2\/types\/post"}],"author":[{"embeddable":true,"href":"https:\/\/agrund.com\/index.php\/wp-json\/wp\/v2\/users\/8"}],"replies":[{"embeddable":true,"href":"https:\/\/agrund.com\/index.php\/wp-json\/wp\/v2\/comments?post=3868"}],"version-history":[{"count":0,"href":"https:\/\/agrund.com\/index.php\/wp-json\/wp\/v2\/posts\/3868\/revisions"}],"wp:featuredmedia":[{"embeddable":true,"href":"https:\/\/agrund.com\/index.php\/wp-json\/"}],"wp:attachment":[{"href":"https:\/\/agrund.com\/index.php\/wp-json\/wp\/v2\/media?parent=3868"}],"wp:term":[{"taxonomy":"category","embeddable":true,"href":"https:\/\/agrund.com\/index.php\/wp-json\/wp\/v2\/categories?post=3868"},{"taxonomy":"post_tag","embeddable":true,"href":"https:\/\/agrund.com\/index.php\/wp-json\/wp\/v2\/tags?post=3868"}],"curies":[{"name":"wp","href":"https:\/\/api.w.org\/{rel}","templated":true}]}}