{"id":38531,"date":"2012-07-23T19:00:39","date_gmt":"2012-07-23T22:00:39","guid":{"rendered":"http:\/\/www.agrund.com\/?p=38531"},"modified":"2012-07-23T19:00:39","modified_gmt":"2012-07-23T22:00:39","slug":"editorial-alfaiataria-esportiva","status":"publish","type":"post","link":"https:\/\/agrund.com\/index.php\/editorial-alfaiataria-esportiva\/","title":{"rendered":"Editorial \u2013 Alfaiataria esportiva"},"content":{"rendered":"<p>Na vers\u00e3o para o IPad da ArennaHomme publicada em maio de 2011, um editorial j\u00e1 apontava as tend\u00eancias de moda masculina que estamos vivendo hoje! O t\u00e3o falado momento esportivo est\u00e1 aqui: mangas ragl\u00e3, skatistas modernos usando alfaiataria. Al\u00e9m de tecidos nobres mixados com tecidos mais esportivos. Curta aqui algumas fotos do editorial!<\/p>\n<p>&nbsp;<\/p>\n<div id=\"attachment_38537\" style=\"width: 420px\" class=\"wp-caption aligncenter\"><a class=\"lightbox\" title=\"Editorial \u2013 Alfaiataria esportiva \" href=\"https:\/\/i0.wp.com\/www.agrund.com\/wp-content\/uploads\/2012\/07\/Arenna-1.jpg\"><img aria-describedby=\"caption-attachment-38537\" decoding=\"async\" loading=\"lazy\" class=\"size-full wp-image-38537\" title=\"Editorial \u2013 Alfaiataria esportiva \" src=\"https:\/\/i0.wp.com\/www.agrund.com\/wp-content\/uploads\/2012\/07\/Arenna-1.jpg?resize=410%2C547\" alt=\"Editorial \u2013 Alfaiataria esportiva \" width=\"410\" height=\"547\" data-recalc-dims=\"1\" \/><\/a><p id=\"caption-attachment-38537\" class=\"wp-caption-text\">Editorial \u2013 Alfaiataria esportiva<\/p><\/div>\n<div id=\"attachment_38538\" style=\"width: 420px\" class=\"wp-caption aligncenter\"><a class=\"lightbox\" title=\"Editorial \u2013 Alfaiataria esportiva \" href=\"https:\/\/i0.wp.com\/www.agrund.com\/wp-content\/uploads\/2012\/07\/Arenna-2.jpg\"><img aria-describedby=\"caption-attachment-38538\" decoding=\"async\" loading=\"lazy\" class=\"size-full wp-image-38538\" title=\"Editorial \u2013 Alfaiataria esportiva \" src=\"https:\/\/i0.wp.com\/www.agrund.com\/wp-content\/uploads\/2012\/07\/Arenna-2.jpg?resize=410%2C547\" alt=\"Editorial \u2013 Alfaiataria esportiva \" width=\"410\" height=\"547\" data-recalc-dims=\"1\" \/><\/a><p id=\"caption-attachment-38538\" class=\"wp-caption-text\">Editorial \u2013 Alfaiataria esportiva<\/p><\/div>\n<div id=\"attachment_38539\" style=\"width: 420px\" class=\"wp-caption aligncenter\"><a class=\"lightbox\" title=\"Editorial \u2013 Alfaiataria esportiva \" href=\"https:\/\/i0.wp.com\/www.agrund.com\/wp-content\/uploads\/2012\/07\/Arenna-3.jpg\"><img aria-describedby=\"caption-attachment-38539\" decoding=\"async\" loading=\"lazy\" class=\"size-full wp-image-38539\" title=\"Editorial \u2013 Alfaiataria esportiva \" src=\"https:\/\/i0.wp.com\/www.agrund.com\/wp-content\/uploads\/2012\/07\/Arenna-3.jpg?resize=410%2C547\" alt=\"Editorial \u2013 Alfaiataria esportiva \" width=\"410\" height=\"547\" data-recalc-dims=\"1\" \/><\/a><p id=\"caption-attachment-38539\" class=\"wp-caption-text\">Editorial \u2013 Alfaiataria esportiva<\/p><\/div>\n<div id=\"attachment_38540\" style=\"width: 420px\" class=\"wp-caption aligncenter\"><a class=\"lightbox\" title=\"Editorial \u2013 Alfaiataria esportiva \" href=\"https:\/\/i0.wp.com\/www.agrund.com\/wp-content\/uploads\/2012\/07\/Arenna-4.jpg\"><img aria-describedby=\"caption-attachment-38540\" decoding=\"async\" loading=\"lazy\" class=\"size-full wp-image-38540\" title=\"Editorial \u2013 Alfaiataria esportiva \" src=\"https:\/\/i0.wp.com\/www.agrund.com\/wp-content\/uploads\/2012\/07\/Arenna-4.jpg?resize=410%2C547\" alt=\"Editorial \u2013 Alfaiataria esportiva \" width=\"410\" height=\"547\" data-recalc-dims=\"1\" \/><\/a><p id=\"caption-attachment-38540\" class=\"wp-caption-text\">Editorial \u2013 Alfaiataria esportiva<\/p><\/div>\n<div id=\"attachment_38541\" style=\"width: 420px\" class=\"wp-caption aligncenter\"><a class=\"lightbox\" title=\"Editorial \u2013 Alfaiataria esportiva \" href=\"https:\/\/i0.wp.com\/www.agrund.com\/wp-content\/uploads\/2012\/07\/Arenna-5.jpg\"><img aria-describedby=\"caption-attachment-38541\" decoding=\"async\" loading=\"lazy\" class=\"size-full wp-image-38541\" title=\"Editorial \u2013 Alfaiataria esportiva \" src=\"https:\/\/i0.wp.com\/www.agrund.com\/wp-content\/uploads\/2012\/07\/Arenna-5.jpg?resize=410%2C547\" alt=\"Editorial \u2013 Alfaiataria esportiva \" width=\"410\" height=\"547\" data-recalc-dims=\"1\" \/><\/a><p id=\"caption-attachment-38541\" class=\"wp-caption-text\">Editorial \u2013 Alfaiataria esportiva<\/p><\/div>\n<div id=\"attachment_38542\" style=\"width: 420px\" class=\"wp-caption aligncenter\"><a class=\"lightbox\" title=\"Editorial \u2013 Alfaiataria esportiva \" href=\"https:\/\/i0.wp.com\/www.agrund.com\/wp-content\/uploads\/2012\/07\/Arenna-6.jpg\"><img aria-describedby=\"caption-attachment-38542\" decoding=\"async\" loading=\"lazy\" class=\"size-full wp-image-38542\" title=\"Editorial \u2013 Alfaiataria esportiva \" src=\"https:\/\/i0.wp.com\/www.agrund.com\/wp-content\/uploads\/2012\/07\/Arenna-6.jpg?resize=410%2C547\" alt=\"Editorial \u2013 Alfaiataria esportiva \" width=\"410\" height=\"547\" data-recalc-dims=\"1\" \/><\/a><p id=\"caption-attachment-38542\" class=\"wp-caption-text\">Editorial \u2013 Alfaiataria esportiva<\/p><\/div>\n<div id=\"attachment_38543\" style=\"width: 420px\" class=\"wp-caption aligncenter\"><a class=\"lightbox\" title=\"Editorial \u2013 Alfaiataria esportiva \" href=\"https:\/\/i0.wp.com\/www.agrund.com\/wp-content\/uploads\/2012\/07\/Arenna-7.jpg\"><img aria-describedby=\"caption-attachment-38543\" decoding=\"async\" loading=\"lazy\" class=\"size-full wp-image-38543\" title=\"Editorial \u2013 Alfaiataria esportiva \" src=\"https:\/\/i0.wp.com\/www.agrund.com\/wp-content\/uploads\/2012\/07\/Arenna-7.jpg?resize=410%2C547\" alt=\"Editorial \u2013 Alfaiataria esportiva \" width=\"410\" height=\"547\" data-recalc-dims=\"1\" \/><\/a><p id=\"caption-attachment-38543\" class=\"wp-caption-text\">Editorial \u2013 Alfaiataria esportiva<\/p><\/div>\n<div id=\"attachment_38544\" style=\"width: 420px\" class=\"wp-caption aligncenter\"><a class=\"lightbox\" title=\"Editorial \u2013 Alfaiataria esportiva \" href=\"https:\/\/i0.wp.com\/www.agrund.com\/wp-content\/uploads\/2012\/07\/Arenna-8.jpg\"><img aria-describedby=\"caption-attachment-38544\" decoding=\"async\" loading=\"lazy\" class=\"size-full wp-image-38544\" title=\"Editorial \u2013 Alfaiataria esportiva \" src=\"https:\/\/i0.wp.com\/www.agrund.com\/wp-content\/uploads\/2012\/07\/Arenna-8.jpg?resize=410%2C547\" alt=\"Editorial \u2013 Alfaiataria esportiva \" width=\"410\" height=\"547\" data-recalc-dims=\"1\" \/><\/a><p id=\"caption-attachment-38544\" class=\"wp-caption-text\">Editorial \u2013 Alfaiataria esportiva<\/p><\/div>\n<p>Fotos por Reprodu\u00e7\u00e3o.<\/p>\n<p><img decoding=\"async\" src=\"https:\/\/i0.wp.com\/www.agrund.com\/wp-content\/themes\/FashionPlus\/images\/topo_moda_masculina.jpg\" alt=\"Moda Masculina\" data-recalc-dims=\"1\" \/><\/p>\n","protected":false},"excerpt":{"rendered":"<p>Na vers\u00e3o para o IPad da ArennaHomme publicada em maio de 2011, um editorial j\u00e1 apontava as tend\u00eancias de moda masculina que estamos vivendo hoje! O t\u00e3o falado momento esportivo est\u00e1 aqui: mangas ragl\u00e3, skatistas modernos usando alfaiataria. Al\u00e9m de tecidos nobres mixados com tecidos mais esportivos. Curta aqui algumas fotos do editorial! &nbsp; Fotos [&hellip;]<\/p>\n","protected":false},"author":8,"featured_media":38545,"comment_status":"open","ping_status":"open","sticky":false,"template":"","format":"standard","meta":{"jetpack_post_was_ever_published":false,"_jetpack_newsletter_access":"","jetpack_publicize_message":"","jetpack_is_tweetstorm":false,"jetpack_publicize_feature_enabled":true,"jetpack_social_post_already_shared":false,"jetpack_social_options":{"image_generator_settings":{"template":"highway","enabled":false}}},"categories":[6],"tags":[],"jetpack_publicize_connections":[],"jetpack_featured_media_url":"","jetpack_sharing_enabled":true,"jetpack_shortlink":"https:\/\/wp.me\/p3Hz0n-a1t","jetpack_likes_enabled":true,"_links":{"self":[{"href":"https:\/\/agrund.com\/index.php\/wp-json\/wp\/v2\/posts\/38531"}],"collection":[{"href":"https:\/\/agrund.com\/index.php\/wp-json\/wp\/v2\/posts"}],"about":[{"href":"https:\/\/agrund.com\/index.php\/wp-json\/wp\/v2\/types\/post"}],"author":[{"embeddable":true,"href":"https:\/\/agrund.com\/index.php\/wp-json\/wp\/v2\/users\/8"}],"replies":[{"embeddable":true,"href":"https:\/\/agrund.com\/index.php\/wp-json\/wp\/v2\/comments?post=38531"}],"version-history":[{"count":0,"href":"https:\/\/agrund.com\/index.php\/wp-json\/wp\/v2\/posts\/38531\/revisions"}],"wp:featuredmedia":[{"embeddable":true,"href":"https:\/\/agrund.com\/index.php\/wp-json\/"}],"wp:attachment":[{"href":"https:\/\/agrund.com\/index.php\/wp-json\/wp\/v2\/media?parent=38531"}],"wp:term":[{"taxonomy":"category","embeddable":true,"href":"https:\/\/agrund.com\/index.php\/wp-json\/wp\/v2\/categories?post=38531"},{"taxonomy":"post_tag","embeddable":true,"href":"https:\/\/agrund.com\/index.php\/wp-json\/wp\/v2\/tags?post=38531"}],"curies":[{"name":"wp","href":"https:\/\/api.w.org\/{rel}","templated":true}]}}