{"id":38480,"date":"2012-07-23T15:00:38","date_gmt":"2012-07-23T18:00:38","guid":{"rendered":"http:\/\/www.agrund.com\/?p=38480"},"modified":"2012-07-23T15:00:38","modified_gmt":"2012-07-23T18:00:38","slug":"dj-britanico-vira-modelo-na-campanha-da-fendi","status":"publish","type":"post","link":"https:\/\/agrund.com\/index.php\/dj-britanico-vira-modelo-na-campanha-da-fendi\/","title":{"rendered":"DJ brit\u00e2nico vira modelo na campanha da Fendi"},"content":{"rendered":"<p>Ao lado da top Anja Rubik, o DJ brit\u00e2nico Mark Robson \u00e9 estrela da campanha do primeiro perfume masculino da Fendi. O nome? Fan di Fendi. O perfume ser\u00e1 lan\u00e7ado em setembro deste ano e ainda n\u00e3o tem pre\u00e7o definido. Quem vai querer?<\/p>\n<div>\n<div id=\"attachment_38481\" style=\"width: 470px\" class=\"wp-caption aligncenter\"><a class=\"lightbox\" title=\"DJ brit\u00e2nico vira modelo na campanha da Fendi \" href=\"https:\/\/i0.wp.com\/www.agrund.com\/wp-content\/uploads\/2012\/07\/mark-ronson-anja-rubik-fendi-campanha.jpg\"><img aria-describedby=\"caption-attachment-38481\" decoding=\"async\" loading=\"lazy\" class=\"size-full wp-image-38481\" title=\"DJ brit\u00e2nico vira modelo na campanha da Fendi \" src=\"https:\/\/i0.wp.com\/www.agrund.com\/wp-content\/uploads\/2012\/07\/mark-ronson-anja-rubik-fendi-campanha.jpg?resize=460%2C298\" alt=\"DJ brit\u00e2nico vira modelo na campanha da Fendi \" width=\"460\" height=\"298\" data-recalc-dims=\"1\" \/><\/a><p id=\"caption-attachment-38481\" class=\"wp-caption-text\">DJ brit\u00e2nico vira modelo na campanha da Fendi<\/p><\/div>\n<\/div>\n<div>Foto por Reprodu\u00e7\u00e3o.<\/div>\n<div><img decoding=\"async\" src=\"https:\/\/i0.wp.com\/www.agrund.com\/wp-content\/themes\/FashionPlus\/images\/topo_moda_masculina.jpg\" alt=\"Moda Masculina\" data-recalc-dims=\"1\" \/><\/div>\n","protected":false},"excerpt":{"rendered":"<p>Ao lado da top Anja Rubik, o DJ brit\u00e2nico Mark Robson \u00e9 estrela da campanha do primeiro perfume masculino da Fendi. O nome? Fan di Fendi. O perfume ser\u00e1 lan\u00e7ado em setembro deste ano e ainda n\u00e3o tem pre\u00e7o definido. Quem vai querer? Foto por Reprodu\u00e7\u00e3o.<\/p>\n","protected":false},"author":8,"featured_media":38482,"comment_status":"open","ping_status":"open","sticky":false,"template":"","format":"standard","meta":{"jetpack_post_was_ever_published":false,"_jetpack_newsletter_access":"","jetpack_publicize_message":"","jetpack_is_tweetstorm":false,"jetpack_publicize_feature_enabled":true,"jetpack_social_post_already_shared":false,"jetpack_social_options":{"image_generator_settings":{"template":"highway","enabled":false}}},"categories":[6],"tags":[],"jetpack_publicize_connections":[],"jetpack_featured_media_url":"","jetpack_sharing_enabled":true,"jetpack_shortlink":"https:\/\/wp.me\/p3Hz0n-a0E","jetpack_likes_enabled":true,"_links":{"self":[{"href":"https:\/\/agrund.com\/index.php\/wp-json\/wp\/v2\/posts\/38480"}],"collection":[{"href":"https:\/\/agrund.com\/index.php\/wp-json\/wp\/v2\/posts"}],"about":[{"href":"https:\/\/agrund.com\/index.php\/wp-json\/wp\/v2\/types\/post"}],"author":[{"embeddable":true,"href":"https:\/\/agrund.com\/index.php\/wp-json\/wp\/v2\/users\/8"}],"replies":[{"embeddable":true,"href":"https:\/\/agrund.com\/index.php\/wp-json\/wp\/v2\/comments?post=38480"}],"version-history":[{"count":0,"href":"https:\/\/agrund.com\/index.php\/wp-json\/wp\/v2\/posts\/38480\/revisions"}],"wp:featuredmedia":[{"embeddable":true,"href":"https:\/\/agrund.com\/index.php\/wp-json\/"}],"wp:attachment":[{"href":"https:\/\/agrund.com\/index.php\/wp-json\/wp\/v2\/media?parent=38480"}],"wp:term":[{"taxonomy":"category","embeddable":true,"href":"https:\/\/agrund.com\/index.php\/wp-json\/wp\/v2\/categories?post=38480"},{"taxonomy":"post_tag","embeddable":true,"href":"https:\/\/agrund.com\/index.php\/wp-json\/wp\/v2\/tags?post=38480"}],"curies":[{"name":"wp","href":"https:\/\/api.w.org\/{rel}","templated":true}]}}