{"id":38466,"date":"2012-07-23T12:00:33","date_gmt":"2012-07-23T15:00:33","guid":{"rendered":"http:\/\/www.agrund.com\/?p=38466"},"modified":"2012-07-23T12:00:33","modified_gmt":"2012-07-23T15:00:33","slug":"tom-ford-lanca-fragrancia-e-diz-ser-a-mais-pessoal","status":"publish","type":"post","link":"https:\/\/agrund.com\/index.php\/tom-ford-lanca-fragrancia-e-diz-ser-a-mais-pessoal\/","title":{"rendered":"Tom Ford lan\u00e7a fragr\u00e2ncia e diz ser a mais pessoal"},"content":{"rendered":"<p>Tom Ford acaba de anunciar sua nova fragr\u00e2ncia &#8211; a Noir. O perfume, que tem uma mistura de pimenta do reino, noz-moscada e bergamota com um toque de patchouli e \u00f3leo de vetiver. Ele foi considerado pelo pr\u00f3prio Tom Ford o mais pessoal de sua linha.<br \/>\nO lan\u00e7amento acontece em outubro e as primeiras lojas que receber\u00e3o o produto s\u00e3o as da Europa.<\/p>\n<div>\n<div id=\"attachment_38467\" style=\"width: 470px\" class=\"wp-caption aligncenter\"><a class=\"lightbox\" title=\"Tom Ford lan\u00e7a fragr\u00e2ncia e diz ser a mais pessoal \" href=\"https:\/\/i0.wp.com\/www.agrund.com\/wp-content\/uploads\/2012\/07\/perfume_tomFordNoir_620.jpg\"><img aria-describedby=\"caption-attachment-38467\" decoding=\"async\" loading=\"lazy\" class=\"size-full wp-image-38467\" title=\"Tom Ford lan\u00e7a fragr\u00e2ncia e diz ser a mais pessoal \" src=\"https:\/\/i0.wp.com\/www.agrund.com\/wp-content\/uploads\/2012\/07\/perfume_tomFordNoir_620.jpg?resize=460%2C280\" alt=\"Tom Ford lan\u00e7a fragr\u00e2ncia e diz ser a mais pessoal \" width=\"460\" height=\"280\" data-recalc-dims=\"1\" \/><\/a><p id=\"caption-attachment-38467\" class=\"wp-caption-text\">Tom Ford lan\u00e7a fragr\u00e2ncia e diz ser a mais pessoal<\/p><\/div>\n<\/div>\n<div>Foto por Reprodu\u00e7\u00e3o.<\/div>\n<div><img decoding=\"async\" src=\"https:\/\/i0.wp.com\/www.agrund.com\/wp-content\/themes\/FashionPlus\/images\/topo_moda_masculina.jpg\" alt=\"Moda Masculina\" data-recalc-dims=\"1\" \/><\/div>\n","protected":false},"excerpt":{"rendered":"<p>Tom Ford acaba de anunciar sua nova fragr\u00e2ncia &#8211; a Noir. O perfume, que tem uma mistura de pimenta do reino, noz-moscada e bergamota com um toque de patchouli e \u00f3leo de vetiver. Ele foi considerado pelo pr\u00f3prio Tom Ford o mais pessoal de sua linha. O lan\u00e7amento acontece em outubro e as primeiras lojas [&hellip;]<\/p>\n","protected":false},"author":8,"featured_media":38468,"comment_status":"open","ping_status":"open","sticky":false,"template":"","format":"standard","meta":{"jetpack_post_was_ever_published":false,"_jetpack_newsletter_access":"","jetpack_publicize_message":"","jetpack_is_tweetstorm":false,"jetpack_publicize_feature_enabled":true,"jetpack_social_post_already_shared":false,"jetpack_social_options":{"image_generator_settings":{"template":"highway","enabled":false}}},"categories":[6],"tags":[],"jetpack_publicize_connections":[],"jetpack_featured_media_url":"","jetpack_sharing_enabled":true,"jetpack_shortlink":"https:\/\/wp.me\/p3Hz0n-a0q","jetpack_likes_enabled":true,"_links":{"self":[{"href":"https:\/\/agrund.com\/index.php\/wp-json\/wp\/v2\/posts\/38466"}],"collection":[{"href":"https:\/\/agrund.com\/index.php\/wp-json\/wp\/v2\/posts"}],"about":[{"href":"https:\/\/agrund.com\/index.php\/wp-json\/wp\/v2\/types\/post"}],"author":[{"embeddable":true,"href":"https:\/\/agrund.com\/index.php\/wp-json\/wp\/v2\/users\/8"}],"replies":[{"embeddable":true,"href":"https:\/\/agrund.com\/index.php\/wp-json\/wp\/v2\/comments?post=38466"}],"version-history":[{"count":0,"href":"https:\/\/agrund.com\/index.php\/wp-json\/wp\/v2\/posts\/38466\/revisions"}],"wp:featuredmedia":[{"embeddable":true,"href":"https:\/\/agrund.com\/index.php\/wp-json\/"}],"wp:attachment":[{"href":"https:\/\/agrund.com\/index.php\/wp-json\/wp\/v2\/media?parent=38466"}],"wp:term":[{"taxonomy":"category","embeddable":true,"href":"https:\/\/agrund.com\/index.php\/wp-json\/wp\/v2\/categories?post=38466"},{"taxonomy":"post_tag","embeddable":true,"href":"https:\/\/agrund.com\/index.php\/wp-json\/wp\/v2\/tags?post=38466"}],"curies":[{"name":"wp","href":"https:\/\/api.w.org\/{rel}","templated":true}]}}