{"id":38455,"date":"2012-07-23T10:00:18","date_gmt":"2012-07-23T13:00:18","guid":{"rendered":"http:\/\/www.agrund.com\/?p=38455"},"modified":"2012-07-23T10:00:18","modified_gmt":"2012-07-23T13:00:18","slug":"marc-jacobs-diz-que-moda-e-politica-nao-se-misturam","status":"publish","type":"post","link":"https:\/\/agrund.com\/index.php\/marc-jacobs-diz-que-moda-e-politica-nao-se-misturam\/","title":{"rendered":"Marc Jacobs diz que moda e pol\u00edtica n\u00e3o se misturam"},"content":{"rendered":"<p>Depois de alguns testes, designer descobriu que expor opini\u00e3o pol\u00edtica pode deixar algu\u00e9m \u201cofendido\u201d. O diretor criativo da Louis Vuitton, Marc Jacobs,\u00a0acredita que os designers devem evitar fazer declara\u00e7\u00f5es pol\u00edticas atrav\u00e9s de suas linhas de roupas, pois podem causar controv\u00e9rsia.<\/p>\n<p>&#8220;Eu acho que com pol\u00edtica e moda, voc\u00ea tem sempre que ser um pouco cuidadoso. Porque algu\u00e9m vai ficar ofendido ou algu\u00e9m vai sentir que isso n\u00e3o est\u00e1 certo\u201d, ele disse ao WWD.<\/p>\n<p>&#8220;Eu n\u00e3o quero parecer est\u00fapido ou ignorante ou qualquer coisa, mas eu gasto meu tempo no est\u00fadio escolhendo tecidos e cores e tentando descobrir o que vamos fazer. Se voc\u00ea quiser evitar a controv\u00e9rsia, voc\u00ea apenas fica longe da pol\u00edtica.\u201d<\/p>\n<p>No entanto, Marc j\u00e1 exp\u00f4s suas opini\u00f5es pol\u00edticas no passado, o que gerou muito da tal controv\u00e9rsia explicada. Ele criou uma linha de camisetas em apoio a Liberdade do Tibete, contra a ocupa\u00e7\u00e3o chinesa no local, o que causou estragos em redes sociais chinesas quando usu\u00e1rios amea\u00e7aram boicotar seus produtos.<\/p>\n<p>Ele tamb\u00e9m demonstrou seu apoio aos direitos gays e fez campanhas a favor do presidente dos EUA, Barack Obama, na reelei\u00e7\u00e3o.<\/p>\n<p>Mesmo assim ele n\u00e3o \u00e9 a favor de moda na pol\u00edtica?<\/p>\n<p>&nbsp;<\/p>\n<div id=\"attachment_38456\" style=\"width: 470px\" class=\"wp-caption aligncenter\"><a class=\"lightbox\" title=\"Marc Jacobs diz que moda e pol\u00edtica n\u00e3o se misturam \" href=\"https:\/\/i0.wp.com\/www.agrund.com\/wp-content\/uploads\/2012\/07\/Marc-Jacobs.jpg\"><img aria-describedby=\"caption-attachment-38456\" decoding=\"async\" loading=\"lazy\" class=\"size-full wp-image-38456\" title=\"Marc Jacobs diz que moda e pol\u00edtica n\u00e3o se misturam \" src=\"https:\/\/i0.wp.com\/www.agrund.com\/wp-content\/uploads\/2012\/07\/Marc-Jacobs.jpg?resize=460%2C264\" alt=\"Marc Jacobs diz que moda e pol\u00edtica n\u00e3o se misturam \" width=\"460\" height=\"264\" data-recalc-dims=\"1\" \/><\/a><p id=\"caption-attachment-38456\" class=\"wp-caption-text\">Marc Jacobs diz que moda e pol\u00edtica n\u00e3o se misturam<\/p><\/div>\n<p>Foto por Reprodu\u00e7\u00e3o.<\/p>\n<p><img decoding=\"async\" src=\"https:\/\/i0.wp.com\/www.agrund.com\/wp-content\/themes\/FashionPlus\/images\/topo_moda_masculina.jpg\" alt=\"Moda Masculina\" data-recalc-dims=\"1\" \/><\/p>\n","protected":false},"excerpt":{"rendered":"<p>Depois de alguns testes, designer descobriu que expor opini\u00e3o pol\u00edtica pode deixar algu\u00e9m \u201cofendido\u201d. O diretor criativo da Louis Vuitton, Marc Jacobs,\u00a0acredita que os designers devem evitar fazer declara\u00e7\u00f5es pol\u00edticas atrav\u00e9s de suas linhas de roupas, pois podem causar controv\u00e9rsia. &#8220;Eu acho que com pol\u00edtica e moda, voc\u00ea tem sempre que ser um pouco cuidadoso. [&hellip;]<\/p>\n","protected":false},"author":8,"featured_media":38457,"comment_status":"open","ping_status":"open","sticky":false,"template":"","format":"standard","meta":{"jetpack_post_was_ever_published":false,"_jetpack_newsletter_access":"","jetpack_publicize_message":"","jetpack_is_tweetstorm":false,"jetpack_publicize_feature_enabled":true,"jetpack_social_post_already_shared":false,"jetpack_social_options":{"image_generator_settings":{"template":"highway","enabled":false}}},"categories":[6],"tags":[],"jetpack_publicize_connections":[],"jetpack_featured_media_url":"","jetpack_sharing_enabled":true,"jetpack_shortlink":"https:\/\/wp.me\/p3Hz0n-a0f","jetpack_likes_enabled":true,"_links":{"self":[{"href":"https:\/\/agrund.com\/index.php\/wp-json\/wp\/v2\/posts\/38455"}],"collection":[{"href":"https:\/\/agrund.com\/index.php\/wp-json\/wp\/v2\/posts"}],"about":[{"href":"https:\/\/agrund.com\/index.php\/wp-json\/wp\/v2\/types\/post"}],"author":[{"embeddable":true,"href":"https:\/\/agrund.com\/index.php\/wp-json\/wp\/v2\/users\/8"}],"replies":[{"embeddable":true,"href":"https:\/\/agrund.com\/index.php\/wp-json\/wp\/v2\/comments?post=38455"}],"version-history":[{"count":0,"href":"https:\/\/agrund.com\/index.php\/wp-json\/wp\/v2\/posts\/38455\/revisions"}],"wp:featuredmedia":[{"embeddable":true,"href":"https:\/\/agrund.com\/index.php\/wp-json\/"}],"wp:attachment":[{"href":"https:\/\/agrund.com\/index.php\/wp-json\/wp\/v2\/media?parent=38455"}],"wp:term":[{"taxonomy":"category","embeddable":true,"href":"https:\/\/agrund.com\/index.php\/wp-json\/wp\/v2\/categories?post=38455"},{"taxonomy":"post_tag","embeddable":true,"href":"https:\/\/agrund.com\/index.php\/wp-json\/wp\/v2\/tags?post=38455"}],"curies":[{"name":"wp","href":"https:\/\/api.w.org\/{rel}","templated":true}]}}