{"id":38375,"date":"2012-07-20T12:00:08","date_gmt":"2012-07-20T15:00:08","guid":{"rendered":"http:\/\/www.agrund.com\/?p=38375"},"modified":"2012-07-20T12:00:08","modified_gmt":"2012-07-20T15:00:08","slug":"curso-midias-sociais-no-mundo-da-moda","status":"publish","type":"post","link":"https:\/\/agrund.com\/index.php\/curso-midias-sociais-no-mundo-da-moda\/","title":{"rendered":"Curso M\u00eddias Sociais no Mundo da Moda"},"content":{"rendered":"<p>Nestas f\u00e9rias a ESPM far\u00e1 o curso M\u00eddias Sociais no Mundo da Moda. Seu objetivo \u00e9 levar aos alunos o conhecimento de pr\u00e1ticas para o planejamento e gest\u00e3o de m\u00eddias sociais no mundo da moda e ser\u00e1 direcionado para os profissionais de marketing e comunica\u00e7\u00e3o do setor de moda, empres\u00e1rios, empreendedores e alunos que tenham interesse em conhecer mais e melhor sobre esse tema.<\/p>\n<p>As aulas ser\u00e3o expositivas, interativas e com apresenta\u00e7\u00e3o de cases e v\u00eddeos. Al\u00e9m de contar com a participa\u00e7\u00e3o de palestrantes convidados que s\u00e3o experts nessa \u00e1rea de atua\u00e7\u00e3o.<\/p>\n<p>O mercado brasileiro e internacional, estrat\u00e9gias para abertura de perfis nas redes sociais, pensamento e planejamento editorial para a web, pesquisa e envolvimento, an\u00e1lise de mercado e perfil, Capital Social e principais tend\u00eancias ser\u00e3o alguns dos temas abordados.<\/p>\n<p>O curso ser\u00e1 ministrado por Sandra Turchi, \u00a0Liliane Ferrari, Cecilia Lima (do primeiro portal de jornalismo de moda do Brasil, o Closet on Line\u00a0e J\u00falia Petit do famoso Petiscos.<\/p>\n<p>A carga hor\u00e1ria ser\u00e1 de 9 horas e acontecer\u00e1 no dia 25 de julho de 2012, das 9 \u00e0s 18 horas. As inscri\u00e7\u00f5es devem ser feitas exclusivamente pelo site da <a href=\"http:\/\/www2.espm.br\/cursos-de-ferias-espm-sao-paulo\">ESPM<\/a>.<\/p>\n<div id=\"attachment_38376\" style=\"width: 460px\" class=\"wp-caption aligncenter\"><a class=\"lightbox\" title=\"Curso M\u00eddias Sociais no Mundo da Moda  \" href=\"https:\/\/i0.wp.com\/www.agrund.com\/wp-content\/uploads\/2012\/07\/CLIMA.jpg\"><img aria-describedby=\"caption-attachment-38376\" decoding=\"async\" loading=\"lazy\" class=\"size-full wp-image-38376\" title=\"Curso M\u00eddias Sociais no Mundo da Moda  \" src=\"https:\/\/i0.wp.com\/www.agrund.com\/wp-content\/uploads\/2012\/07\/CLIMA.jpg?resize=450%2C251\" alt=\"Curso M\u00eddias Sociais no Mundo da Moda  \" width=\"450\" height=\"251\" data-recalc-dims=\"1\" \/><\/a><p id=\"caption-attachment-38376\" class=\"wp-caption-text\">Curso M\u00eddias Sociais no Mundo da Moda<\/p><\/div>\n<p>Foto por Reprodu\u00e7\u00e3o.<\/p>\n","protected":false},"excerpt":{"rendered":"<p>Nestas f\u00e9rias a ESPM far\u00e1 o curso M\u00eddias Sociais no Mundo da Moda. Seu objetivo \u00e9 levar aos alunos o conhecimento de pr\u00e1ticas para o planejamento e gest\u00e3o de m\u00eddias sociais no mundo da moda e ser\u00e1 direcionado para os profissionais de marketing e comunica\u00e7\u00e3o do setor de moda, empres\u00e1rios, empreendedores e alunos que tenham [&hellip;]<\/p>\n","protected":false},"author":8,"featured_media":38377,"comment_status":"open","ping_status":"open","sticky":false,"template":"","format":"standard","meta":{"jetpack_post_was_ever_published":false,"_jetpack_newsletter_access":"","jetpack_publicize_message":"","jetpack_is_tweetstorm":false,"jetpack_publicize_feature_enabled":true,"jetpack_social_post_already_shared":false,"jetpack_social_options":{"image_generator_settings":{"template":"highway","enabled":false}}},"categories":[2],"tags":[],"jetpack_publicize_connections":[],"jetpack_featured_media_url":"","jetpack_sharing_enabled":true,"jetpack_shortlink":"https:\/\/wp.me\/p3Hz0n-9YX","jetpack_likes_enabled":true,"_links":{"self":[{"href":"https:\/\/agrund.com\/index.php\/wp-json\/wp\/v2\/posts\/38375"}],"collection":[{"href":"https:\/\/agrund.com\/index.php\/wp-json\/wp\/v2\/posts"}],"about":[{"href":"https:\/\/agrund.com\/index.php\/wp-json\/wp\/v2\/types\/post"}],"author":[{"embeddable":true,"href":"https:\/\/agrund.com\/index.php\/wp-json\/wp\/v2\/users\/8"}],"replies":[{"embeddable":true,"href":"https:\/\/agrund.com\/index.php\/wp-json\/wp\/v2\/comments?post=38375"}],"version-history":[{"count":0,"href":"https:\/\/agrund.com\/index.php\/wp-json\/wp\/v2\/posts\/38375\/revisions"}],"wp:featuredmedia":[{"embeddable":true,"href":"https:\/\/agrund.com\/index.php\/wp-json\/"}],"wp:attachment":[{"href":"https:\/\/agrund.com\/index.php\/wp-json\/wp\/v2\/media?parent=38375"}],"wp:term":[{"taxonomy":"category","embeddable":true,"href":"https:\/\/agrund.com\/index.php\/wp-json\/wp\/v2\/categories?post=38375"},{"taxonomy":"post_tag","embeddable":true,"href":"https:\/\/agrund.com\/index.php\/wp-json\/wp\/v2\/tags?post=38375"}],"curies":[{"name":"wp","href":"https:\/\/api.w.org\/{rel}","templated":true}]}}