{"id":3818,"date":"2011-02-01T15:46:29","date_gmt":"2011-02-01T17:46:29","guid":{"rendered":"http:\/\/www.agrund.com\/blogs\/notas\/?p=3818"},"modified":"2011-02-01T15:46:29","modified_gmt":"2011-02-01T17:46:29","slug":"backstage-do-estilista","status":"publish","type":"post","link":"https:\/\/agrund.com\/index.php\/backstage-do-estilista\/","title":{"rendered":"BACKSTAGE DO ESTILISTA"},"content":{"rendered":"<p>No backstage Do Estilista j\u00e1 conseguimos ver a beleza do desfile assinado por Robert Estev\u00e3o, e conhecer um pouco da cole\u00e7\u00e3o. Essa temporada estar\u00e1 cheia de tops \u2013 que al\u00e9m de tudo s\u00e3o super amigas \u2013 que j\u00e1 conhecemos de outra \u00e9poca, como Ana Claudia Michels, Luciana Curtis, Lara Gerin e Carol Bittencourt. Essa ser\u00e1 a 1\u00aa cole\u00e7\u00e3o exclusivamente feminina da marca.<\/p>\n<p>Marcelo Sommer se inspirou na \u00e9poca vitoriana e nos contou que fez uma releitura de trabalhos anteriores em materiais nunca trabalhados por ele antes, como a renda.<\/p>\n<p style=\"text-align: center\"><a href=\"https:\/\/i0.wp.com\/www.agrund.com\/files\/2011\/02\/11.jpg\"><img decoding=\"async\" loading=\"lazy\" class=\"aligncenter size-full wp-image-3831\" src=\"https:\/\/i0.wp.com\/www.agrund.com\/arquivo\/notas\/files\/2011\/02\/11.jpg?resize=465%2C298\" alt=\"\" width=\"465\" height=\"298\" data-recalc-dims=\"1\" \/><\/a><\/p>\n<p style=\"text-align: center\"><a href=\"https:\/\/i0.wp.com\/www.agrund.com\/files\/2011\/02\/9.jpg\"><img decoding=\"async\" loading=\"lazy\" class=\"size-full wp-image-3839  aligncenter\" src=\"https:\/\/i0.wp.com\/www.agrund.com\/arquivo\/notas\/files\/2011\/02\/9.jpg?resize=467%2C700\" alt=\"\" width=\"467\" height=\"700\" data-recalc-dims=\"1\" \/><\/a><\/p>\n<p><a href=\"https:\/\/i0.wp.com\/www.agrund.com\/files\/2011\/02\/7.jpg\"><img decoding=\"async\" loading=\"lazy\" class=\"aligncenter size-full wp-image-3837\" src=\"https:\/\/i0.wp.com\/www.agrund.com\/arquivo\/notas\/files\/2011\/02\/7.jpg?resize=467%2C700\" alt=\"\" width=\"467\" height=\"700\" data-recalc-dims=\"1\" \/><\/a><\/p>\n<p><a href=\"https:\/\/i0.wp.com\/www.agrund.com\/files\/2011\/02\/6.jpg\"><img decoding=\"async\" loading=\"lazy\" class=\"aligncenter size-full wp-image-3836\" src=\"https:\/\/i0.wp.com\/www.agrund.com\/arquivo\/notas\/files\/2011\/02\/6.jpg?resize=467%2C700\" alt=\"\" width=\"467\" height=\"700\" data-recalc-dims=\"1\" \/><\/a><\/p>\n<p style=\"text-align: center\"><a href=\"https:\/\/i0.wp.com\/www.agrund.com\/files\/2011\/02\/8.jpg\"><img decoding=\"async\" loading=\"lazy\" class=\"aligncenter size-full wp-image-3838\" src=\"https:\/\/i0.wp.com\/www.agrund.com\/arquivo\/notas\/files\/2011\/02\/8.jpg?resize=483%2C321\" alt=\"\" width=\"483\" height=\"321\" data-recalc-dims=\"1\" \/><\/a><\/p>\n<p>A beleza mostra uma mulher \u201cnormal\u201d, com uma maquiagem cl\u00e1ssica \u2013 olhos esfumados, blush rosado e a boca forte com uma mistura de f\u00facsia e vermelho. O cabelo ter\u00e1 tr\u00eas texturas diferentes, frisado at\u00e9 o meio, liso nas pontas e com ondas grandes na franja. Estamos ansiosos pelo resultado!<\/p>\n<p><a href=\"https:\/\/i0.wp.com\/www.agrund.com\/files\/2011\/02\/5.jpg\"><img decoding=\"async\" loading=\"lazy\" class=\"aligncenter size-full wp-image-3835\" src=\"https:\/\/i0.wp.com\/www.agrund.com\/arquivo\/notas\/files\/2011\/02\/5.jpg?resize=467%2C700\" alt=\"\" width=\"467\" height=\"700\" data-recalc-dims=\"1\" \/><\/a><\/p>\n<p><a href=\"https:\/\/i0.wp.com\/www.agrund.com\/files\/2011\/02\/21.jpg\"><img decoding=\"async\" loading=\"lazy\" class=\"aligncenter size-full wp-image-3832\" src=\"https:\/\/i0.wp.com\/www.agrund.com\/arquivo\/notas\/files\/2011\/02\/21.jpg?resize=467%2C700\" alt=\"\" width=\"467\" height=\"700\" data-recalc-dims=\"1\" \/><\/a><\/p>\n<p><a href=\"https:\/\/i0.wp.com\/www.agrund.com\/files\/2011\/02\/31.jpg\"><img decoding=\"async\" loading=\"lazy\" class=\"aligncenter size-full wp-image-3833\" src=\"https:\/\/i0.wp.com\/www.agrund.com\/arquivo\/notas\/files\/2011\/02\/31.jpg?resize=467%2C700\" alt=\"\" width=\"467\" height=\"700\" data-recalc-dims=\"1\" \/><\/a><\/p>\n<p>Fotos por Andr\u00e9 Arthur<\/p>\n","protected":false},"excerpt":{"rendered":"<p>No backstage Do Estilista j\u00e1 conseguimos ver a beleza do desfile assinado por Robert Estev\u00e3o, e conhecer um pouco da cole\u00e7\u00e3o. Essa temporada estar\u00e1 cheia de tops \u2013 que al\u00e9m de tudo s\u00e3o super amigas \u2013 que j\u00e1 conhecemos de outra \u00e9poca, como Ana Claudia Michels, Luciana Curtis, Lara Gerin e Carol Bittencourt. Essa ser\u00e1 [&hellip;]<\/p>\n","protected":false},"author":8,"featured_media":3831,"comment_status":"open","ping_status":"open","sticky":false,"template":"","format":"standard","meta":{"jetpack_post_was_ever_published":false,"_jetpack_newsletter_access":"","jetpack_publicize_message":"","jetpack_is_tweetstorm":false,"jetpack_publicize_feature_enabled":true,"jetpack_social_post_already_shared":false,"jetpack_social_options":{"image_generator_settings":{"template":"highway","enabled":false}}},"categories":[2],"tags":[],"jetpack_publicize_connections":[],"jetpack_featured_media_url":"","jetpack_sharing_enabled":true,"jetpack_shortlink":"https:\/\/wp.me\/p3Hz0n-ZA","jetpack_likes_enabled":true,"_links":{"self":[{"href":"https:\/\/agrund.com\/index.php\/wp-json\/wp\/v2\/posts\/3818"}],"collection":[{"href":"https:\/\/agrund.com\/index.php\/wp-json\/wp\/v2\/posts"}],"about":[{"href":"https:\/\/agrund.com\/index.php\/wp-json\/wp\/v2\/types\/post"}],"author":[{"embeddable":true,"href":"https:\/\/agrund.com\/index.php\/wp-json\/wp\/v2\/users\/8"}],"replies":[{"embeddable":true,"href":"https:\/\/agrund.com\/index.php\/wp-json\/wp\/v2\/comments?post=3818"}],"version-history":[{"count":0,"href":"https:\/\/agrund.com\/index.php\/wp-json\/wp\/v2\/posts\/3818\/revisions"}],"wp:featuredmedia":[{"embeddable":true,"href":"https:\/\/agrund.com\/index.php\/wp-json\/"}],"wp:attachment":[{"href":"https:\/\/agrund.com\/index.php\/wp-json\/wp\/v2\/media?parent=3818"}],"wp:term":[{"taxonomy":"category","embeddable":true,"href":"https:\/\/agrund.com\/index.php\/wp-json\/wp\/v2\/categories?post=3818"},{"taxonomy":"post_tag","embeddable":true,"href":"https:\/\/agrund.com\/index.php\/wp-json\/wp\/v2\/tags?post=3818"}],"curies":[{"name":"wp","href":"https:\/\/api.w.org\/{rel}","templated":true}]}}