{"id":38035,"date":"2012-07-16T22:00:50","date_gmt":"2012-07-17T01:00:50","guid":{"rendered":"http:\/\/www.agrund.com\/?p=38035"},"modified":"2012-07-16T22:00:50","modified_gmt":"2012-07-17T01:00:50","slug":"editorial-gq-italia","status":"publish","type":"post","link":"https:\/\/agrund.com\/index.php\/editorial-gq-italia\/","title":{"rendered":"Editorial GQ It\u00e1lia"},"content":{"rendered":"<p>O modelo Werner Schreyer, rosto da campanha masculina da Louis Vuitton como mostramos\u00a0<strong><a href=\"http:\/\/www.agrund.com\/campanha-inverno-2013-da-louis-vuitton\/\">AQUI<\/a>,<\/strong>\u00a0\u00e9 estrela do editorial da revista\u00a0GQ It\u00e1lia de Julho 2012. Vestindo\u00a0Louis Vuitton e Armani o modelo incorpora o estilo gal\u00e3 misterioso. Os cliques s\u00e3o Stefano Galuzzi, confira:<\/p>\n<p>&nbsp;<\/p>\n<div id=\"attachment_38039\" style=\"width: 410px\" class=\"wp-caption aligncenter\"><a class=\"lightbox\" title=\" Editorial GQ It\u00e1lia\" href=\"https:\/\/i0.wp.com\/www.agrund.com\/wp-content\/uploads\/2012\/07\/werner-schreyer11.jpg\"><img aria-describedby=\"caption-attachment-38039\" decoding=\"async\" loading=\"lazy\" class=\"size-full wp-image-38039\" title=\" Editorial GQ It\u00e1lia\" src=\"https:\/\/i0.wp.com\/www.agrund.com\/wp-content\/uploads\/2012\/07\/werner-schreyer11.jpg?resize=400%2C521\" alt=\" Editorial GQ It\u00e1lia\" width=\"400\" height=\"521\" data-recalc-dims=\"1\" \/><\/a><p id=\"caption-attachment-38039\" class=\"wp-caption-text\">Editorial GQ It\u00e1lia<\/p><\/div>\n<div id=\"attachment_38040\" style=\"width: 410px\" class=\"wp-caption aligncenter\"><a class=\"lightbox\" title=\" Editorial GQ It\u00e1lia\" href=\"https:\/\/i0.wp.com\/www.agrund.com\/wp-content\/uploads\/2012\/07\/werner-schreyer21.jpg\"><img aria-describedby=\"caption-attachment-38040\" decoding=\"async\" loading=\"lazy\" class=\"size-full wp-image-38040\" title=\" Editorial GQ It\u00e1lia\" src=\"https:\/\/i0.wp.com\/www.agrund.com\/wp-content\/uploads\/2012\/07\/werner-schreyer21.jpg?resize=400%2C521\" alt=\" Editorial GQ It\u00e1lia\" width=\"400\" height=\"521\" data-recalc-dims=\"1\" \/><\/a><p id=\"caption-attachment-38040\" class=\"wp-caption-text\">Editorial GQ It\u00e1lia<\/p><\/div>\n<div id=\"attachment_38041\" style=\"width: 410px\" class=\"wp-caption aligncenter\"><a class=\"lightbox\" title=\" Editorial GQ It\u00e1lia\" href=\"https:\/\/i0.wp.com\/www.agrund.com\/wp-content\/uploads\/2012\/07\/werner-schreyer31.jpg\"><img aria-describedby=\"caption-attachment-38041\" decoding=\"async\" loading=\"lazy\" class=\"size-full wp-image-38041\" title=\" Editorial GQ It\u00e1lia\" src=\"https:\/\/i0.wp.com\/www.agrund.com\/wp-content\/uploads\/2012\/07\/werner-schreyer31.jpg?resize=400%2C521\" alt=\" Editorial GQ It\u00e1lia\" width=\"400\" height=\"521\" data-recalc-dims=\"1\" \/><\/a><p id=\"caption-attachment-38041\" class=\"wp-caption-text\">Editorial GQ It\u00e1lia<\/p><\/div>\n<div id=\"attachment_38042\" style=\"width: 410px\" class=\"wp-caption aligncenter\"><a class=\"lightbox\" title=\" Editorial GQ It\u00e1lia\" href=\"https:\/\/i0.wp.com\/www.agrund.com\/wp-content\/uploads\/2012\/07\/werner-schreyer41.jpg\"><img aria-describedby=\"caption-attachment-38042\" decoding=\"async\" loading=\"lazy\" class=\"size-full wp-image-38042\" title=\" Editorial GQ It\u00e1lia\" src=\"https:\/\/i0.wp.com\/www.agrund.com\/wp-content\/uploads\/2012\/07\/werner-schreyer41.jpg?resize=400%2C521\" alt=\" Editorial GQ It\u00e1lia\" width=\"400\" height=\"521\" data-recalc-dims=\"1\" \/><\/a><p id=\"caption-attachment-38042\" class=\"wp-caption-text\">Editorial GQ It\u00e1lia<\/p><\/div>\n<div id=\"attachment_38038\" style=\"width: 460px\" class=\"wp-caption aligncenter\"><a class=\"lightbox\" title=\" Editorial GQ It\u00e1lia\" href=\"https:\/\/i0.wp.com\/www.agrund.com\/wp-content\/uploads\/2012\/07\/werner-schreyer7.jpg\"><img aria-describedby=\"caption-attachment-38038\" decoding=\"async\" loading=\"lazy\" class=\"size-full wp-image-38038\" title=\" Editorial GQ It\u00e1lia\" src=\"https:\/\/i0.wp.com\/www.agrund.com\/wp-content\/uploads\/2012\/07\/werner-schreyer7.jpg?resize=450%2C298\" alt=\" Editorial GQ It\u00e1lia\" width=\"450\" height=\"298\" data-recalc-dims=\"1\" \/><\/a><p id=\"caption-attachment-38038\" class=\"wp-caption-text\">Editorial GQ It\u00e1lia<\/p><\/div>\n<p>Fotos por Reprodu\u00e7\u00e3o.<\/p>\n<p>&nbsp;<\/p>\n<p><img decoding=\"async\" src=\"https:\/\/i0.wp.com\/www.agrund.com\/wp-content\/themes\/FashionPlus\/images\/topo_moda_masculina.jpg\" alt=\"Moda Masculina\" data-recalc-dims=\"1\" \/><\/p>\n","protected":false},"excerpt":{"rendered":"<p>O modelo Werner Schreyer, rosto da campanha masculina da Louis Vuitton como mostramos\u00a0AQUI,\u00a0\u00e9 estrela do editorial da revista\u00a0GQ It\u00e1lia de Julho 2012. Vestindo\u00a0Louis Vuitton e Armani o modelo incorpora o estilo gal\u00e3 misterioso. Os cliques s\u00e3o Stefano Galuzzi, confira: &nbsp; Fotos por Reprodu\u00e7\u00e3o. &nbsp;<\/p>\n","protected":false},"author":8,"featured_media":38037,"comment_status":"open","ping_status":"open","sticky":false,"template":"","format":"standard","meta":{"jetpack_post_was_ever_published":false,"_jetpack_newsletter_access":"","jetpack_publicize_message":"","jetpack_is_tweetstorm":false,"jetpack_publicize_feature_enabled":true,"jetpack_social_post_already_shared":false,"jetpack_social_options":{"image_generator_settings":{"template":"highway","enabled":false}}},"categories":[6],"tags":[],"jetpack_publicize_connections":[],"jetpack_featured_media_url":"","jetpack_sharing_enabled":true,"jetpack_shortlink":"https:\/\/wp.me\/p3Hz0n-9Tt","jetpack_likes_enabled":true,"_links":{"self":[{"href":"https:\/\/agrund.com\/index.php\/wp-json\/wp\/v2\/posts\/38035"}],"collection":[{"href":"https:\/\/agrund.com\/index.php\/wp-json\/wp\/v2\/posts"}],"about":[{"href":"https:\/\/agrund.com\/index.php\/wp-json\/wp\/v2\/types\/post"}],"author":[{"embeddable":true,"href":"https:\/\/agrund.com\/index.php\/wp-json\/wp\/v2\/users\/8"}],"replies":[{"embeddable":true,"href":"https:\/\/agrund.com\/index.php\/wp-json\/wp\/v2\/comments?post=38035"}],"version-history":[{"count":0,"href":"https:\/\/agrund.com\/index.php\/wp-json\/wp\/v2\/posts\/38035\/revisions"}],"wp:featuredmedia":[{"embeddable":true,"href":"https:\/\/agrund.com\/index.php\/wp-json\/"}],"wp:attachment":[{"href":"https:\/\/agrund.com\/index.php\/wp-json\/wp\/v2\/media?parent=38035"}],"wp:term":[{"taxonomy":"category","embeddable":true,"href":"https:\/\/agrund.com\/index.php\/wp-json\/wp\/v2\/categories?post=38035"},{"taxonomy":"post_tag","embeddable":true,"href":"https:\/\/agrund.com\/index.php\/wp-json\/wp\/v2\/tags?post=38035"}],"curies":[{"name":"wp","href":"https:\/\/api.w.org\/{rel}","templated":true}]}}