{"id":38015,"date":"2012-07-16T20:30:14","date_gmt":"2012-07-16T23:30:14","guid":{"rendered":"http:\/\/www.agrund.com\/?p=38015"},"modified":"2012-07-16T20:30:14","modified_gmt":"2012-07-16T23:30:14","slug":"calcas-curtas-nas-ruas-de-paris","status":"publish","type":"post","link":"https:\/\/agrund.com\/index.php\/calcas-curtas-nas-ruas-de-paris\/","title":{"rendered":"Cal\u00e7as Curtas nas ruas de  Paris"},"content":{"rendered":"<p>Veja que interessante essa mat\u00e9ria que fiz em Paris o ano passado falando das cal\u00e7as curtas. Elas continuam sendo tend\u00eancia e apareceram em v\u00e1rias marcas nas \u00faltimas semanas de moda masculina. Confira!<\/p>\n<p>&nbsp;<\/p>\n<p>Voc\u00ea j\u00e1 ouviu a express\u00e3o: \u201cpescando siri\u201d? Pode parecer estranho \u00e0 primeira vista, mas foi s\u00f3 o que se viu nas passarelas internacionais: cal\u00e7as curtas para os homens. Ela vem de forma democr\u00e1tica: skinny ou ampla (lembra da baggy? Ela volta com uma leitura moderna). Marcas como Comme des Gar\u00e7ons e Marc Jacobs, entre outras, ampliaram a modelagem de algumas pe\u00e7as e encurtaram a barra. Mas aten\u00e7\u00e3o se voc\u00ea pretende assumir essa tend\u00eancia. Quem n\u00e3o tem as pernas muito alongadas deve usar essas cal\u00e7as curtas com sneakers ou botas de cano mais alto, de prefer\u00eancia da mesma cor da cal\u00e7a. J\u00e1 os de pernas mais compridas podem abusar da criatividade! As meias coloridas e listradas ficam super divertidas na hora de montar o look.<\/p>\n<p>Pensando nisso, fotografei algumas produ\u00e7\u00f5es nas ruas de Paris para mostrar que a tend\u00eancia das passarelas pode ser adaptada para o dia a dia. Cliquei tamb\u00e9m outros looks para exemplificar diversos estilos, dos tradicionais ternos de linho at\u00e9 as combina\u00e7\u00f5es mais descoladas. Lembrando que s\u00e3o sugest\u00f5es, n\u00e3o regras. Afinal, tudo \u00e9 quest\u00e3o de estilo e bom senso.<\/p>\n<p>&nbsp;<\/p>\n<div id=\"attachment_38016\" style=\"width: 410px\" class=\"wp-caption aligncenter\"><a class=\"lightbox\" title=\"Cal\u00e7as Curtas nas ruas de  Paris\" href=\"https:\/\/i0.wp.com\/www.agrund.com\/wp-content\/uploads\/2012\/07\/paris-1.jpg\"><img aria-describedby=\"caption-attachment-38016\" decoding=\"async\" loading=\"lazy\" class=\"size-full wp-image-38016\" title=\"Cal\u00e7as Curtas nas ruas de  Paris\" src=\"https:\/\/i0.wp.com\/www.agrund.com\/wp-content\/uploads\/2012\/07\/paris-1.jpg?resize=400%2C651\" alt=\"Cal\u00e7as Curtas nas ruas de  Paris\" width=\"400\" height=\"651\" data-recalc-dims=\"1\" \/><\/a><p id=\"caption-attachment-38016\" class=\"wp-caption-text\">Cal\u00e7as Curtas nas ruas de Paris<\/p><\/div>\n<div id=\"attachment_38017\" style=\"width: 410px\" class=\"wp-caption aligncenter\"><a class=\"lightbox\" title=\"Cal\u00e7as Curtas nas ruas de  Paris\" href=\"https:\/\/i0.wp.com\/www.agrund.com\/wp-content\/uploads\/2012\/07\/paris-5out-2010-008.jpg\"><img aria-describedby=\"caption-attachment-38017\" decoding=\"async\" loading=\"lazy\" class=\"size-full wp-image-38017\" title=\"Cal\u00e7as Curtas nas ruas de  Paris\" src=\"https:\/\/i0.wp.com\/www.agrund.com\/wp-content\/uploads\/2012\/07\/paris-5out-2010-008.jpg?resize=400%2C603\" alt=\"Cal\u00e7as Curtas nas ruas de  Paris\" width=\"400\" height=\"603\" data-recalc-dims=\"1\" \/><\/a><p id=\"caption-attachment-38017\" class=\"wp-caption-text\">Cal\u00e7as Curtas nas ruas de Paris<\/p><\/div>\n<div id=\"attachment_38018\" style=\"width: 410px\" class=\"wp-caption aligncenter\"><a class=\"lightbox\" title=\"Cal\u00e7as Curtas nas ruas de  Paris\" href=\"https:\/\/i0.wp.com\/www.agrund.com\/wp-content\/uploads\/2012\/07\/paris-5out-2010-016-1.jpg\"><img aria-describedby=\"caption-attachment-38018\" decoding=\"async\" loading=\"lazy\" class=\"size-full wp-image-38018\" title=\"Cal\u00e7as Curtas nas ruas de  Paris\" src=\"https:\/\/i0.wp.com\/www.agrund.com\/wp-content\/uploads\/2012\/07\/paris-5out-2010-016-1.jpg?resize=400%2C631\" alt=\"Cal\u00e7as Curtas nas ruas de  Paris\" width=\"400\" height=\"631\" data-recalc-dims=\"1\" \/><\/a><p id=\"caption-attachment-38018\" class=\"wp-caption-text\">Cal\u00e7as Curtas nas ruas de Paris<\/p><\/div>\n<div id=\"attachment_38020\" style=\"width: 460px\" class=\"wp-caption aligncenter\"><a class=\"lightbox\" title=\"Cal\u00e7as Curtas nas ruas de  Paris\" href=\"https:\/\/i0.wp.com\/www.agrund.com\/wp-content\/uploads\/2012\/07\/Paris-06out20101-002.jpg\"><img aria-describedby=\"caption-attachment-38020\" decoding=\"async\" loading=\"lazy\" class=\"size-full wp-image-38020\" title=\"Cal\u00e7as Curtas nas ruas de  Paris\" src=\"https:\/\/i0.wp.com\/www.agrund.com\/wp-content\/uploads\/2012\/07\/Paris-06out20101-002.jpg?resize=450%2C336\" alt=\"Cal\u00e7as Curtas nas ruas de  Paris\" width=\"450\" height=\"336\" data-recalc-dims=\"1\" \/><\/a><p id=\"caption-attachment-38020\" class=\"wp-caption-text\">Cal\u00e7as Curtas nas ruas de Paris<\/p><\/div>\n<div id=\"attachment_38021\" style=\"width: 460px\" class=\"wp-caption aligncenter\"><a class=\"lightbox\" title=\"Cal\u00e7as Curtas nas ruas de  Paris\" href=\"https:\/\/i0.wp.com\/www.agrund.com\/wp-content\/uploads\/2012\/07\/Paris-06out20101-008.jpg\"><img aria-describedby=\"caption-attachment-38021\" decoding=\"async\" loading=\"lazy\" class=\"size-full wp-image-38021\" title=\"Cal\u00e7as Curtas nas ruas de  Paris\" src=\"https:\/\/i0.wp.com\/www.agrund.com\/wp-content\/uploads\/2012\/07\/Paris-06out20101-008.jpg?resize=450%2C345\" alt=\"Cal\u00e7as Curtas nas ruas de  Paris\" width=\"450\" height=\"345\" data-recalc-dims=\"1\" \/><\/a><p id=\"caption-attachment-38021\" class=\"wp-caption-text\">Cal\u00e7as Curtas nas ruas de Paris<\/p><\/div>\n<p>&nbsp;<\/p>\n<p>Fotos por Reprodu\u00e7\u00e3o.<\/p>\n<p><img decoding=\"async\" src=\"https:\/\/i0.wp.com\/www.agrund.com\/wp-content\/themes\/FashionPlus\/images\/topo_moda_masculina.jpg\" alt=\"Moda Masculina\" data-recalc-dims=\"1\" \/><\/p>\n","protected":false},"excerpt":{"rendered":"<p>Veja que interessante essa mat\u00e9ria que fiz em Paris o ano passado falando das cal\u00e7as curtas. Elas continuam sendo tend\u00eancia e apareceram em v\u00e1rias marcas nas \u00faltimas semanas de moda masculina. Confira! &nbsp; Voc\u00ea j\u00e1 ouviu a express\u00e3o: \u201cpescando siri\u201d? Pode parecer estranho \u00e0 primeira vista, mas foi s\u00f3 o que se viu nas passarelas [&hellip;]<\/p>\n","protected":false},"author":8,"featured_media":38022,"comment_status":"open","ping_status":"open","sticky":false,"template":"","format":"standard","meta":{"jetpack_post_was_ever_published":false,"_jetpack_newsletter_access":"","jetpack_publicize_message":"","jetpack_is_tweetstorm":false,"jetpack_publicize_feature_enabled":true,"jetpack_social_post_already_shared":false,"jetpack_social_options":{"image_generator_settings":{"template":"highway","enabled":false}}},"categories":[6],"tags":[],"jetpack_publicize_connections":[],"jetpack_featured_media_url":"","jetpack_sharing_enabled":true,"jetpack_shortlink":"https:\/\/wp.me\/p3Hz0n-9T9","jetpack_likes_enabled":true,"_links":{"self":[{"href":"https:\/\/agrund.com\/index.php\/wp-json\/wp\/v2\/posts\/38015"}],"collection":[{"href":"https:\/\/agrund.com\/index.php\/wp-json\/wp\/v2\/posts"}],"about":[{"href":"https:\/\/agrund.com\/index.php\/wp-json\/wp\/v2\/types\/post"}],"author":[{"embeddable":true,"href":"https:\/\/agrund.com\/index.php\/wp-json\/wp\/v2\/users\/8"}],"replies":[{"embeddable":true,"href":"https:\/\/agrund.com\/index.php\/wp-json\/wp\/v2\/comments?post=38015"}],"version-history":[{"count":0,"href":"https:\/\/agrund.com\/index.php\/wp-json\/wp\/v2\/posts\/38015\/revisions"}],"wp:featuredmedia":[{"embeddable":true,"href":"https:\/\/agrund.com\/index.php\/wp-json\/"}],"wp:attachment":[{"href":"https:\/\/agrund.com\/index.php\/wp-json\/wp\/v2\/media?parent=38015"}],"wp:term":[{"taxonomy":"category","embeddable":true,"href":"https:\/\/agrund.com\/index.php\/wp-json\/wp\/v2\/categories?post=38015"},{"taxonomy":"post_tag","embeddable":true,"href":"https:\/\/agrund.com\/index.php\/wp-json\/wp\/v2\/tags?post=38015"}],"curies":[{"name":"wp","href":"https:\/\/api.w.org\/{rel}","templated":true}]}}