{"id":37502,"date":"2012-07-09T18:37:10","date_gmt":"2012-07-09T21:37:10","guid":{"rendered":"http:\/\/www.agrund.com\/?p=37502"},"modified":"2012-07-09T18:37:10","modified_gmt":"2012-07-09T21:37:10","slug":"tom-ford-ira-abrir-sua-segunda-loja-em-londres","status":"publish","type":"post","link":"https:\/\/agrund.com\/index.php\/tom-ford-ira-abrir-sua-segunda-loja-em-londres\/","title":{"rendered":"Tom Ford ir\u00e1 abrir sua segunda loja em Londres"},"content":{"rendered":"<p>O designer Tom Ford ir\u00e1 abrir uma loja na Sloane Street, no bairro luxuosos de Knightsbridge, que vai ocupar um espa\u00e7o de 743 metros quadrados, pr\u00f3ximo \u00e0s lojas de Harvey Nichols e Sergio Rossi.<\/p>\n<p>Tom assinou um contrato de 1,3 milh\u00f5es de libras anuais \u00a0para alugar o espa\u00e7o, que perdura por 10 anos, de acordo com o jornal The Sunday Times.<\/p>\n<p>Hugh Seaborn, diretor executivo da The Estate Cadogan, que est\u00e1 arrendando a loja \u00e0 empresa, disse: &#8220;Estamos muito satisfeitos por ter conseguido essa grande marca de moda como a flagship para o n\u00famero 201-206 da Sloane Street.\u201d<\/p>\n<p>&#8220;Com a chegada de Tom Ford \u2013 e tamb\u00e9m a abertura da loja flagship da Alberta Ferretti\u2013\u00a0melhora a oferta de super luxo e sela a reputa\u00e7\u00e3o da rua como um destino de classe no mundo.\u201d<\/p>\n<p>Tom abriu a sua primeira loja de moda feminina brit\u00e2nica dentro de loja de departamentos Harrods, em julho do ano passado. Suas cole\u00e7\u00f5es tamb\u00e9m s\u00e3o estocadas em Harvey Nichols e Selfridges.<\/p>\n<p>A nova loja ter\u00e1 um portf\u00f3lio completo de produtos de Tom, incluindo moda masculina, roupas femininas, \u00f3culos e acess\u00f3rios.<\/p>\n<p>O designer disse recentemente como ele tem uma abordagem funcional para suas cria\u00e7\u00f5es. &#8220;Eu sou um designer de moda comercial. Eu sempre projetei jaquetas com duas mangas, n\u00e3o projeto jaquetas com v\u00e1rias mangas ou tr\u00eas camadas como bonequinhas da R\u00fassia&#8230; A moda para mim \u00e9 um esfor\u00e7o criativo, mas n\u00e3o \u00e9 arte.&#8221;<\/p>\n<div id=\"attachment_37512\" style=\"width: 512px\" class=\"wp-caption aligncenter\"><a class=\"lightbox\" title=\"Tom Ford ir\u00e1 abrir sua segunda loja em Londres\" href=\"https:\/\/i0.wp.com\/www.agrund.com\/wp-content\/uploads\/2012\/07\/charmoso-tom-ford.jpg\"><img aria-describedby=\"caption-attachment-37512\" decoding=\"async\" loading=\"lazy\" class=\" wp-image-37512 \" title=\"Tom Ford ir\u00e1 abrir sua segunda loja em Londres\" src=\"https:\/\/i0.wp.com\/www.agrund.com\/wp-content\/uploads\/2012\/07\/charmoso-tom-ford.jpg?resize=502%2C336\" alt=\"Tom Ford ir\u00e1 abrir sua segunda loja em Londres\" width=\"502\" height=\"336\" data-recalc-dims=\"1\" \/><\/a><p id=\"caption-attachment-37512\" class=\"wp-caption-text\">Tom Ford ir\u00e1 abrir sua segunda loja em Londres<\/p><\/div>\n<p>&nbsp;<\/p>\n<p>Foto por Reprodu\u00e7\u00e3o.<\/p>\n","protected":false},"excerpt":{"rendered":"<p>O designer Tom Ford ir\u00e1 abrir uma loja na Sloane Street, no bairro luxuosos de Knightsbridge, que vai ocupar um espa\u00e7o de 743 metros quadrados, pr\u00f3ximo \u00e0s lojas de Harvey Nichols e Sergio Rossi. Tom assinou um contrato de 1,3 milh\u00f5es de libras anuais \u00a0para alugar o espa\u00e7o, que perdura por 10 anos, de acordo [&hellip;]<\/p>\n","protected":false},"author":8,"featured_media":37513,"comment_status":"open","ping_status":"open","sticky":false,"template":"","format":"standard","meta":{"jetpack_post_was_ever_published":false,"_jetpack_newsletter_access":"","jetpack_publicize_message":"","jetpack_is_tweetstorm":false,"jetpack_publicize_feature_enabled":true,"jetpack_social_post_already_shared":false,"jetpack_social_options":{"image_generator_settings":{"template":"highway","enabled":false}}},"categories":[6],"tags":[],"jetpack_publicize_connections":[],"jetpack_featured_media_url":"","jetpack_sharing_enabled":true,"jetpack_shortlink":"https:\/\/wp.me\/p3Hz0n-9KS","jetpack_likes_enabled":true,"_links":{"self":[{"href":"https:\/\/agrund.com\/index.php\/wp-json\/wp\/v2\/posts\/37502"}],"collection":[{"href":"https:\/\/agrund.com\/index.php\/wp-json\/wp\/v2\/posts"}],"about":[{"href":"https:\/\/agrund.com\/index.php\/wp-json\/wp\/v2\/types\/post"}],"author":[{"embeddable":true,"href":"https:\/\/agrund.com\/index.php\/wp-json\/wp\/v2\/users\/8"}],"replies":[{"embeddable":true,"href":"https:\/\/agrund.com\/index.php\/wp-json\/wp\/v2\/comments?post=37502"}],"version-history":[{"count":0,"href":"https:\/\/agrund.com\/index.php\/wp-json\/wp\/v2\/posts\/37502\/revisions"}],"wp:featuredmedia":[{"embeddable":true,"href":"https:\/\/agrund.com\/index.php\/wp-json\/"}],"wp:attachment":[{"href":"https:\/\/agrund.com\/index.php\/wp-json\/wp\/v2\/media?parent=37502"}],"wp:term":[{"taxonomy":"category","embeddable":true,"href":"https:\/\/agrund.com\/index.php\/wp-json\/wp\/v2\/categories?post=37502"},{"taxonomy":"post_tag","embeddable":true,"href":"https:\/\/agrund.com\/index.php\/wp-json\/wp\/v2\/tags?post=37502"}],"curies":[{"name":"wp","href":"https:\/\/api.w.org\/{rel}","templated":true}]}}