{"id":37479,"date":"2012-07-09T13:00:57","date_gmt":"2012-07-09T16:00:57","guid":{"rendered":"http:\/\/www.agrund.com\/?p=37479"},"modified":"2012-07-09T13:00:57","modified_gmt":"2012-07-09T16:00:57","slug":"o-verao-2013-da-crawford","status":"publish","type":"post","link":"https:\/\/agrund.com\/index.php\/o-verao-2013-da-crawford\/","title":{"rendered":"O ver\u00e3o 2013 da Crawford"},"content":{"rendered":"<p>Acabam de ser divulgadas as primeiras imagens do Ver\u00e3o 2013 da Crawford. \u00a0A campanha retrata um homem que preza pela eleg\u00e2ncia e sofistica\u00e7\u00e3o. Os modelos Ricardo Facchini e Toni Dias foram clicados por Andr\u00e9 Passos nas praias paradis\u00edacas de Paraty, no Rio de Janeiro.<\/p>\n<div>\n<div id=\"attachment_37481\" style=\"width: 290px\" class=\"wp-caption aligncenter\"><a class=\"lightbox\" title=\"O ver\u00e3o 2013 da Crawford \" href=\"https:\/\/i0.wp.com\/www.agrund.com\/wp-content\/uploads\/2012\/07\/22.jpg\"><img aria-describedby=\"caption-attachment-37481\" decoding=\"async\" loading=\"lazy\" class=\"size-full wp-image-37481\" title=\"O ver\u00e3o 2013 da Crawford \" src=\"https:\/\/i0.wp.com\/www.agrund.com\/wp-content\/uploads\/2012\/07\/22.jpg?resize=280%2C439\" alt=\"O ver\u00e3o 2013 da Crawford \" width=\"280\" height=\"439\" data-recalc-dims=\"1\" \/><\/a><p id=\"caption-attachment-37481\" class=\"wp-caption-text\">O ver\u00e3o 2013 da Crawford<\/p><\/div>\n<div id=\"attachment_37480\" style=\"width: 290px\" class=\"wp-caption aligncenter\"><a class=\"lightbox\" title=\"O ver\u00e3o 2013 da Crawford \" href=\"https:\/\/i0.wp.com\/www.agrund.com\/wp-content\/uploads\/2012\/07\/12.jpg\"><img aria-describedby=\"caption-attachment-37480\" decoding=\"async\" loading=\"lazy\" class=\"size-full wp-image-37480\" title=\"O ver\u00e3o 2013 da Crawford \" src=\"https:\/\/i0.wp.com\/www.agrund.com\/wp-content\/uploads\/2012\/07\/12.jpg?resize=280%2C409\" alt=\"O ver\u00e3o 2013 da Crawford \" width=\"280\" height=\"409\" data-recalc-dims=\"1\" \/><\/a><p id=\"caption-attachment-37480\" class=\"wp-caption-text\">O ver\u00e3o 2013 da Crawford<\/p><\/div>\n<\/div>\n<div>Fotos por Reprodu\u00e7\u00e3o.<\/div>\n<div><\/div>\n<div><img decoding=\"async\" src=\"https:\/\/i0.wp.com\/www.agrund.com\/wp-content\/themes\/FashionPlus\/images\/topo_moda_masculina.jpg\" alt=\"Moda Masculina\" data-recalc-dims=\"1\" \/><\/div>\n","protected":false},"excerpt":{"rendered":"<p>Acabam de ser divulgadas as primeiras imagens do Ver\u00e3o 2013 da Crawford. \u00a0A campanha retrata um homem que preza pela eleg\u00e2ncia e sofistica\u00e7\u00e3o. Os modelos Ricardo Facchini e Toni Dias foram clicados por Andr\u00e9 Passos nas praias paradis\u00edacas de Paraty, no Rio de Janeiro. Fotos por Reprodu\u00e7\u00e3o.<\/p>\n","protected":false},"author":8,"featured_media":37482,"comment_status":"open","ping_status":"open","sticky":false,"template":"","format":"standard","meta":{"jetpack_post_was_ever_published":false,"_jetpack_newsletter_access":"","jetpack_publicize_message":"","jetpack_is_tweetstorm":false,"jetpack_publicize_feature_enabled":true,"jetpack_social_post_already_shared":false,"jetpack_social_options":{"image_generator_settings":{"template":"highway","enabled":false}}},"categories":[6],"tags":[],"jetpack_publicize_connections":[],"jetpack_featured_media_url":"","jetpack_sharing_enabled":true,"jetpack_shortlink":"https:\/\/wp.me\/p3Hz0n-9Kv","jetpack_likes_enabled":true,"_links":{"self":[{"href":"https:\/\/agrund.com\/index.php\/wp-json\/wp\/v2\/posts\/37479"}],"collection":[{"href":"https:\/\/agrund.com\/index.php\/wp-json\/wp\/v2\/posts"}],"about":[{"href":"https:\/\/agrund.com\/index.php\/wp-json\/wp\/v2\/types\/post"}],"author":[{"embeddable":true,"href":"https:\/\/agrund.com\/index.php\/wp-json\/wp\/v2\/users\/8"}],"replies":[{"embeddable":true,"href":"https:\/\/agrund.com\/index.php\/wp-json\/wp\/v2\/comments?post=37479"}],"version-history":[{"count":0,"href":"https:\/\/agrund.com\/index.php\/wp-json\/wp\/v2\/posts\/37479\/revisions"}],"wp:featuredmedia":[{"embeddable":true,"href":"https:\/\/agrund.com\/index.php\/wp-json\/"}],"wp:attachment":[{"href":"https:\/\/agrund.com\/index.php\/wp-json\/wp\/v2\/media?parent=37479"}],"wp:term":[{"taxonomy":"category","embeddable":true,"href":"https:\/\/agrund.com\/index.php\/wp-json\/wp\/v2\/categories?post=37479"},{"taxonomy":"post_tag","embeddable":true,"href":"https:\/\/agrund.com\/index.php\/wp-json\/wp\/v2\/tags?post=37479"}],"curies":[{"name":"wp","href":"https:\/\/api.w.org\/{rel}","templated":true}]}}