{"id":37386,"date":"2012-07-06T14:00:53","date_gmt":"2012-07-06T17:00:53","guid":{"rendered":"http:\/\/www.agrund.com\/?p=37386"},"modified":"2012-07-06T14:00:53","modified_gmt":"2012-07-06T17:00:53","slug":"vans-tem-como-inspiracao-sol","status":"publish","type":"post","link":"https:\/\/agrund.com\/index.php\/vans-tem-como-inspiracao-sol\/","title":{"rendered":"Vans tem como inspira\u00e7\u00e3o sol"},"content":{"rendered":"<p>Para comemorar a abertura de uma nova loja em T\u00f3quio a Vans criou uma linha especial de t\u00eanis. A Vans tem como inspira\u00e7\u00e3o sol.\u00a0S\u00e3o tr\u00eas modelos com varia\u00e7\u00f5es de cores. O efeito ombr\u00e9 tem o intuito de representar a estrela central do Sistema Solar em diferentes momentos do dia. Adoramos!<\/p>\n<div>\n<div id=\"attachment_37388\" style=\"width: 430px\" class=\"wp-caption aligncenter\"><a class=\"lightbox\" title=\"Vans tem como inspira\u00e7\u00e3o sol\" href=\"https:\/\/i0.wp.com\/www.agrund.com\/wp-content\/uploads\/2012\/07\/VansDegrade.jpg\"><img aria-describedby=\"caption-attachment-37388\" decoding=\"async\" loading=\"lazy\" class=\"size-full wp-image-37388\" title=\"Vans tem como inspira\u00e7\u00e3o sol\" src=\"https:\/\/i0.wp.com\/www.agrund.com\/wp-content\/uploads\/2012\/07\/VansDegrade.jpg?resize=420%2C456\" alt=\"Vans tem como inspira\u00e7\u00e3o sol\" width=\"420\" height=\"456\" data-recalc-dims=\"1\" \/><\/a><p id=\"caption-attachment-37388\" class=\"wp-caption-text\">Vans tem como inspira\u00e7\u00e3o sol<\/p><\/div>\n<\/div>\n<div><\/div>\n<div>Foto por Reprodu\u00e7\u00e3o.<\/div>\n","protected":false},"excerpt":{"rendered":"<p>Para comemorar a abertura de uma nova loja em T\u00f3quio a Vans criou uma linha especial de t\u00eanis. A Vans tem como inspira\u00e7\u00e3o sol.\u00a0S\u00e3o tr\u00eas modelos com varia\u00e7\u00f5es de cores. O efeito ombr\u00e9 tem o intuito de representar a estrela central do Sistema Solar em diferentes momentos do dia. Adoramos! Foto por Reprodu\u00e7\u00e3o.<\/p>\n","protected":false},"author":8,"featured_media":37387,"comment_status":"open","ping_status":"open","sticky":false,"template":"","format":"standard","meta":{"jetpack_post_was_ever_published":false,"_jetpack_newsletter_access":"","jetpack_publicize_message":"","jetpack_is_tweetstorm":false,"jetpack_publicize_feature_enabled":true,"jetpack_social_post_already_shared":false,"jetpack_social_options":{"image_generator_settings":{"template":"highway","enabled":false}}},"categories":[2],"tags":[],"jetpack_publicize_connections":[],"jetpack_featured_media_url":"","jetpack_sharing_enabled":true,"jetpack_shortlink":"https:\/\/wp.me\/p3Hz0n-9J0","jetpack_likes_enabled":true,"_links":{"self":[{"href":"https:\/\/agrund.com\/index.php\/wp-json\/wp\/v2\/posts\/37386"}],"collection":[{"href":"https:\/\/agrund.com\/index.php\/wp-json\/wp\/v2\/posts"}],"about":[{"href":"https:\/\/agrund.com\/index.php\/wp-json\/wp\/v2\/types\/post"}],"author":[{"embeddable":true,"href":"https:\/\/agrund.com\/index.php\/wp-json\/wp\/v2\/users\/8"}],"replies":[{"embeddable":true,"href":"https:\/\/agrund.com\/index.php\/wp-json\/wp\/v2\/comments?post=37386"}],"version-history":[{"count":0,"href":"https:\/\/agrund.com\/index.php\/wp-json\/wp\/v2\/posts\/37386\/revisions"}],"wp:featuredmedia":[{"embeddable":true,"href":"https:\/\/agrund.com\/index.php\/wp-json\/"}],"wp:attachment":[{"href":"https:\/\/agrund.com\/index.php\/wp-json\/wp\/v2\/media?parent=37386"}],"wp:term":[{"taxonomy":"category","embeddable":true,"href":"https:\/\/agrund.com\/index.php\/wp-json\/wp\/v2\/categories?post=37386"},{"taxonomy":"post_tag","embeddable":true,"href":"https:\/\/agrund.com\/index.php\/wp-json\/wp\/v2\/tags?post=37386"}],"curies":[{"name":"wp","href":"https:\/\/api.w.org\/{rel}","templated":true}]}}