{"id":37105,"date":"2012-07-04T12:00:48","date_gmt":"2012-07-04T15:00:48","guid":{"rendered":"http:\/\/www.agrund.com\/?p=37105"},"modified":"2012-07-04T12:00:48","modified_gmt":"2012-07-04T15:00:48","slug":"assistam-ao-video-da-campanha-verao-2013-da-herchcovitchalexandre","status":"publish","type":"post","link":"https:\/\/agrund.com\/index.php\/assistam-ao-video-da-campanha-verao-2013-da-herchcovitchalexandre\/","title":{"rendered":"Assistam ao v\u00eddeo da campanha Ver\u00e3o 2013 da Herchcovitch;Alexandre"},"content":{"rendered":"<p>O v\u00eddeo da campanha da cole\u00e7\u00e3o pr\u00eat-\u00e0-porter de ver\u00e3o 2013 da\u00a0Herchcovitch;Alexandre acaba de cair na rede.\u00a0A\u00a0campanha contou com uma equipe e tanto, as tops Carla Salom\u00e3o\u00a0e Al\u00edcia Kuczman, o\u00a0fot\u00f3grafo F\u00e1bio Bartelt, o Maquiador Robert Estev\u00e3o e o styling de Maur\u00edcio Ian\u00eas.<\/p>\n<p>O v\u00eddeo, com dire\u00e7\u00e3o da 8588 Creative Studio, d\u00e1\u00a0continuidade ao tema universo oitentista da cole\u00e7\u00e3o. Assistam!<\/p>\n<p>&nbsp;<\/p>\n<p>&nbsp;<\/p>\n<p>&lt;object id=&#8221;flashObj&#8221; width=&#8221;486&#8243; height=&#8221;412&#8243; classid=&#8221;clsid:D27CDB6E-AE6D-11cf-96B8-444553540000&#8243; codebase=&#8221;http:\/\/download.macromedia.com\/pub\/shockwave\/cabs\/flash\/swflash.cab#version=9,0,47,0&#8243;&gt;&lt;param name=&#8221;movie&#8221; value=&#8221;http:\/\/c.brightcove.com\/services\/viewer\/federated_f9?isVid=1&#8243; \/&gt;&lt;param name=&#8221;bgcolor&#8221; value=&#8221;#FFFFFF&#8221; \/&gt;&lt;param name=&#8221;flashVars&#8221; value=&#8221;videoId=1717368982001&amp;playerID=46792788001&amp;playerKey=AQ~~,AAAACs5sbAk~,qeN-DJy3V3kGyEdiH1uxEiXw6bBXMPbr&amp;domain=embed&amp;dynamicStreaming=true&#8221; \/&gt;&lt;param name=&#8221;base&#8221; value=&#8221;http:\/\/admin.brightcove.com&#8221; \/&gt;&lt;param name=&#8221;seamlesstabbing&#8221; value=&#8221;false&#8221; \/&gt;&lt;param name=&#8221;allowFullScreen&#8221; value=&#8221;true&#8221; \/&gt;&lt;param name=&#8221;swLiveConnect&#8221; value=&#8221;true&#8221; \/&gt;&lt;param name=&#8221;allowScriptAccess&#8221; value=&#8221;always&#8221; \/&gt;&lt;embed src=&#8221;http:\/\/c.brightcove.com\/services\/viewer\/federated_f9?isVid=1&#8243; bgcolor=&#8221;#FFFFFF&#8221; flashVars=&#8221;videoId=1717368982001&amp;playerID=46792788001&amp;playerKey=AQ~~,AAAACs5sbAk~,qeN-DJy3V3kGyEdiH1uxEiXw6bBXMPbr&amp;domain=embed&amp;dynamicStreaming=true&#8221; base=&#8221;http:\/\/admin.brightcove.com&#8221; name=&#8221;flashObj&#8221; width=&#8221;486&#8243; height=&#8221;412&#8243; seamlesstabbing=&#8221;false&#8221; type=&#8221;application\/x-shockwave-flash&#8221; allowFullScreen=&#8221;true&#8221; swLiveConnect=&#8221;true&#8221; allowScriptAccess=&#8221;always&#8221; pluginspage=&#8221;http:\/\/www.macromedia.com\/shockwave\/download\/index.cgi?P1_Prod_Version=ShockwaveFlash&#8221;&gt;&lt;\/embed&gt;&lt;\/object&gt;<\/p>\n<p>&nbsp;<\/p>\n<p>Foto por Reprodu\u00e7\u00e3o.<\/p>\n","protected":false},"excerpt":{"rendered":"<p>O v\u00eddeo da campanha da cole\u00e7\u00e3o pr\u00eat-\u00e0-porter de ver\u00e3o 2013 da\u00a0Herchcovitch;Alexandre acaba de cair na rede.\u00a0A\u00a0campanha contou com uma equipe e tanto, as tops Carla Salom\u00e3o\u00a0e Al\u00edcia Kuczman, o\u00a0fot\u00f3grafo F\u00e1bio Bartelt, o Maquiador Robert Estev\u00e3o e o styling de Maur\u00edcio Ian\u00eas. O v\u00eddeo, com dire\u00e7\u00e3o da 8588 Creative Studio, d\u00e1\u00a0continuidade ao tema universo oitentista da [&hellip;]<\/p>\n","protected":false},"author":8,"featured_media":37106,"comment_status":"open","ping_status":"open","sticky":false,"template":"","format":"standard","meta":{"jetpack_post_was_ever_published":false,"_jetpack_newsletter_access":"","jetpack_publicize_message":"","jetpack_is_tweetstorm":false,"jetpack_publicize_feature_enabled":true,"jetpack_social_post_already_shared":false,"jetpack_social_options":{"image_generator_settings":{"template":"highway","enabled":false}}},"categories":[2],"tags":[],"jetpack_publicize_connections":[],"jetpack_featured_media_url":"","jetpack_sharing_enabled":true,"jetpack_shortlink":"https:\/\/wp.me\/p3Hz0n-9Et","jetpack_likes_enabled":true,"_links":{"self":[{"href":"https:\/\/agrund.com\/index.php\/wp-json\/wp\/v2\/posts\/37105"}],"collection":[{"href":"https:\/\/agrund.com\/index.php\/wp-json\/wp\/v2\/posts"}],"about":[{"href":"https:\/\/agrund.com\/index.php\/wp-json\/wp\/v2\/types\/post"}],"author":[{"embeddable":true,"href":"https:\/\/agrund.com\/index.php\/wp-json\/wp\/v2\/users\/8"}],"replies":[{"embeddable":true,"href":"https:\/\/agrund.com\/index.php\/wp-json\/wp\/v2\/comments?post=37105"}],"version-history":[{"count":0,"href":"https:\/\/agrund.com\/index.php\/wp-json\/wp\/v2\/posts\/37105\/revisions"}],"wp:featuredmedia":[{"embeddable":true,"href":"https:\/\/agrund.com\/index.php\/wp-json\/"}],"wp:attachment":[{"href":"https:\/\/agrund.com\/index.php\/wp-json\/wp\/v2\/media?parent=37105"}],"wp:term":[{"taxonomy":"category","embeddable":true,"href":"https:\/\/agrund.com\/index.php\/wp-json\/wp\/v2\/categories?post=37105"},{"taxonomy":"post_tag","embeddable":true,"href":"https:\/\/agrund.com\/index.php\/wp-json\/wp\/v2\/tags?post=37105"}],"curies":[{"name":"wp","href":"https:\/\/api.w.org\/{rel}","templated":true}]}}