{"id":3708,"date":"2011-01-31T18:18:03","date_gmt":"2011-01-31T20:18:03","guid":{"rendered":"http:\/\/www.agrund.com\/blogs\/notas\/?p=3708"},"modified":"2011-01-31T18:18:03","modified_gmt":"2011-01-31T20:18:03","slug":"brazilian-style","status":"publish","type":"post","link":"https:\/\/agrund.com\/index.php\/brazilian-style\/","title":{"rendered":"BRAZILIAN STYLE e os novos projetos de Paulo Borges"},"content":{"rendered":"<p>Aconteceu hoje, entre os desfiles da tarde a coletiva de imprensa para apresentar os novos projetos de Paulo Borges para a moda brasileira. O primeiro, que j\u00e1 est\u00e1 em andamento, ser\u00e1 um livro que traduz em imagens o estilo do Brasil, envolvendo n\u00e3o s\u00f3 a moda, mas toda a sua cultura. Com o t\u00edtulo Brazilian Style, o livro \u00e9 parte de uma s\u00e9rie j\u00e1 publicada pela editora Assouline e ser\u00e1 editado por Armand Limnander, editor da revista W. O segundo projeto tamb\u00e9m ser\u00e1 um livro, com imagens que refletem os 15 anos de SPFW e tamb\u00e9m publicado pela editora Assouline. Paulo Borges explica que escolheu algu\u00e9m de fora para editar o livro, pois assim ter\u00edamos uma vis\u00e3o mais abrangente do Brasil e do SPFW. Armand e Martine Assouline s\u00e3o f\u00e3s assumidos da revista MAG!, que em suas pr\u00f3prias palavras \u201c\u00e9 uma das revistas mais interessantes em circula\u00e7\u00e3o no mundo\u201d. \u201c Todo mundo quer um peda\u00e7o do Brasil\u201d, disse o editor da revista W (que para a nossa surpresa, \u00e9 Colombiano e fala portugu\u00eas). Concordamos.<\/p>\n<p><a href=\"https:\/\/i0.wp.com\/www.agrund.com\/files\/2011\/01\/slide.jpg\"><img decoding=\"async\" loading=\"lazy\" class=\"alignnone size-full wp-image-3709\" src=\"https:\/\/i0.wp.com\/www.agrund.com\/arquivo\/notas\/files\/2011\/01\/slide.jpg?resize=454%2C181\" alt=\"\" width=\"454\" height=\"181\" data-recalc-dims=\"1\" \/><\/a><\/p>\n<p>[Foto por Andr\u00e9 Arthur]<\/p>\n<p>Agora \u00e9 s\u00f3 esperar. O livro Brazilian Style ser\u00e1 lan\u00e7ado em setembro, j\u00e1 o que conta a hist\u00f3ria dos 15 anos de SPW s\u00f3 sai em outubro\/novembro.<\/p>\n","protected":false},"excerpt":{"rendered":"<p>Aconteceu hoje, entre os desfiles da tarde a coletiva de imprensa para apresentar os novos projetos de Paulo Borges para a moda brasileira. O primeiro, que j\u00e1 est\u00e1 em andamento, ser\u00e1 um livro que traduz em imagens o estilo do Brasil, envolvendo n\u00e3o s\u00f3 a moda, mas toda a sua cultura. Com o t\u00edtulo Brazilian [&hellip;]<\/p>\n","protected":false},"author":8,"featured_media":3709,"comment_status":"open","ping_status":"open","sticky":false,"template":"","format":"standard","meta":{"jetpack_post_was_ever_published":false,"_jetpack_newsletter_access":"","jetpack_publicize_message":"","jetpack_is_tweetstorm":false,"jetpack_publicize_feature_enabled":true,"jetpack_social_post_already_shared":false,"jetpack_social_options":{"image_generator_settings":{"template":"highway","enabled":false}}},"categories":[2],"tags":[],"jetpack_publicize_connections":[],"jetpack_featured_media_url":"","jetpack_sharing_enabled":true,"jetpack_shortlink":"https:\/\/wp.me\/p3Hz0n-XO","jetpack_likes_enabled":true,"_links":{"self":[{"href":"https:\/\/agrund.com\/index.php\/wp-json\/wp\/v2\/posts\/3708"}],"collection":[{"href":"https:\/\/agrund.com\/index.php\/wp-json\/wp\/v2\/posts"}],"about":[{"href":"https:\/\/agrund.com\/index.php\/wp-json\/wp\/v2\/types\/post"}],"author":[{"embeddable":true,"href":"https:\/\/agrund.com\/index.php\/wp-json\/wp\/v2\/users\/8"}],"replies":[{"embeddable":true,"href":"https:\/\/agrund.com\/index.php\/wp-json\/wp\/v2\/comments?post=3708"}],"version-history":[{"count":0,"href":"https:\/\/agrund.com\/index.php\/wp-json\/wp\/v2\/posts\/3708\/revisions"}],"wp:featuredmedia":[{"embeddable":true,"href":"https:\/\/agrund.com\/index.php\/wp-json\/"}],"wp:attachment":[{"href":"https:\/\/agrund.com\/index.php\/wp-json\/wp\/v2\/media?parent=3708"}],"wp:term":[{"taxonomy":"category","embeddable":true,"href":"https:\/\/agrund.com\/index.php\/wp-json\/wp\/v2\/categories?post=3708"},{"taxonomy":"post_tag","embeddable":true,"href":"https:\/\/agrund.com\/index.php\/wp-json\/wp\/v2\/tags?post=3708"}],"curies":[{"name":"wp","href":"https:\/\/api.w.org\/{rel}","templated":true}]}}