{"id":36781,"date":"2012-07-02T21:40:51","date_gmt":"2012-07-03T00:40:51","guid":{"rendered":"http:\/\/www.agrund.com\/?p=36781"},"modified":"2012-07-02T21:40:51","modified_gmt":"2012-07-03T00:40:51","slug":"moda-masculina-ami-mattiussi-apresenta-colecao-para-homens-normais","status":"publish","type":"post","link":"https:\/\/agrund.com\/index.php\/moda-masculina-ami-mattiussi-apresenta-colecao-para-homens-normais\/","title":{"rendered":"Moda Masculina :: Ami Mattiussi apresenta cole\u00e7\u00e3o para homens normais"},"content":{"rendered":"<p>\u201cEu sou um designer feliz\u201d, disse Alexandre Ami Mattiussi, que apresentou de maneira diferente sua cole\u00e7\u00e3o na semana de moda de Paris. A id\u00e9ia do estilista foi reunir amigos, clientes e editores para uma apresenta\u00e7\u00e3o menos formal e despretensiosa. Sempre focando em um homem \u201cnormal\u201d com modelagens descoladas e confort\u00e1veis em pe\u00e7as\u00a0 reais e comercias Acho \u00f3timo esse tipo de proposta, afinal de contas nem todo homem quer ficar rotulado a uma tend\u00eancia ou coisa parecida, n\u00e3o \u00e9?<\/p>\n<p>&nbsp;<\/p>\n<div id=\"attachment_36788\" style=\"width: 415px\" class=\"wp-caption aligncenter\"><a class=\"lightbox\" title=\"Moda Masculina :: Ami Mattiussi apresenta cole\u00e7\u00e3o para homens normais\" href=\"https:\/\/i0.wp.com\/www.agrund.com\/wp-content\/uploads\/2012\/07\/ami8.jpg\"><img aria-describedby=\"caption-attachment-36788\" decoding=\"async\" loading=\"lazy\" class=\" wp-image-36788 \" title=\"Moda Masculina :: Ami Mattiussi apresenta cole\u00e7\u00e3o para homens normais\" src=\"https:\/\/i0.wp.com\/www.agrund.com\/wp-content\/uploads\/2012\/07\/ami8.jpg?resize=405%2C608\" alt=\"Moda Masculina :: Ami Mattiussi apresenta cole\u00e7\u00e3o para homens normais\" width=\"405\" height=\"608\" data-recalc-dims=\"1\" \/><\/a><p id=\"caption-attachment-36788\" class=\"wp-caption-text\">Moda Masculina :: Ami Mattiussi apresenta cole\u00e7\u00e3o para homens normais<\/p><\/div>\n<div id=\"attachment_36787\" style=\"width: 415px\" class=\"wp-caption aligncenter\"><a class=\"lightbox\" title=\"Moda Masculina :: Ami Mattiussi apresenta cole\u00e7\u00e3o para homens normais\" href=\"https:\/\/i0.wp.com\/www.agrund.com\/wp-content\/uploads\/2012\/07\/ami7.jpg\"><img aria-describedby=\"caption-attachment-36787\" decoding=\"async\" loading=\"lazy\" class=\" wp-image-36787 \" title=\"Moda Masculina :: Ami Mattiussi apresenta cole\u00e7\u00e3o para homens normais\" src=\"https:\/\/i0.wp.com\/www.agrund.com\/wp-content\/uploads\/2012\/07\/ami7.jpg?resize=405%2C608\" alt=\"Moda Masculina :: Ami Mattiussi apresenta cole\u00e7\u00e3o para homens normais\" width=\"405\" height=\"608\" data-recalc-dims=\"1\" \/><\/a><p id=\"caption-attachment-36787\" class=\"wp-caption-text\">Moda Masculina :: Ami Mattiussi apresenta cole\u00e7\u00e3o para homens normais<\/p><\/div>\n<div id=\"attachment_36786\" style=\"width: 415px\" class=\"wp-caption aligncenter\"><a class=\"lightbox\" title=\"Moda Masculina :: Ami Mattiussi apresenta cole\u00e7\u00e3o para homens normais\" href=\"https:\/\/i0.wp.com\/www.agrund.com\/wp-content\/uploads\/2012\/07\/ami6.jpg\"><img aria-describedby=\"caption-attachment-36786\" decoding=\"async\" loading=\"lazy\" class=\" wp-image-36786 \" title=\"Moda Masculina :: Ami Mattiussi apresenta cole\u00e7\u00e3o para homens normais\" src=\"https:\/\/i0.wp.com\/www.agrund.com\/wp-content\/uploads\/2012\/07\/ami6.jpg?resize=405%2C608\" alt=\"Moda Masculina :: Ami Mattiussi apresenta cole\u00e7\u00e3o para homens normais\" width=\"405\" height=\"608\" data-recalc-dims=\"1\" \/><\/a><p id=\"caption-attachment-36786\" class=\"wp-caption-text\">Moda Masculina :: Ami Mattiussi apresenta cole\u00e7\u00e3o para homens normais<\/p><\/div>\n<div id=\"attachment_36785\" style=\"width: 415px\" class=\"wp-caption aligncenter\"><a class=\"lightbox\" title=\"Moda Masculina :: Ami Mattiussi apresenta cole\u00e7\u00e3o para homens normais\" href=\"https:\/\/i0.wp.com\/www.agrund.com\/wp-content\/uploads\/2012\/07\/ami5.jpg\"><img aria-describedby=\"caption-attachment-36785\" decoding=\"async\" loading=\"lazy\" class=\" wp-image-36785 \" title=\"Moda Masculina :: Ami Mattiussi apresenta cole\u00e7\u00e3o para homens normais\" src=\"https:\/\/i0.wp.com\/www.agrund.com\/wp-content\/uploads\/2012\/07\/ami5.jpg?resize=405%2C608\" alt=\"Moda Masculina :: Ami Mattiussi apresenta cole\u00e7\u00e3o para homens normais\" width=\"405\" height=\"608\" data-recalc-dims=\"1\" \/><\/a><p id=\"caption-attachment-36785\" class=\"wp-caption-text\">Moda Masculina :: Ami Mattiussi apresenta cole\u00e7\u00e3o para homens normais<\/p><\/div>\n<div id=\"attachment_36784\" style=\"width: 415px\" class=\"wp-caption aligncenter\"><a class=\"lightbox\" title=\"Moda Masculina :: Ami Mattiussi apresenta cole\u00e7\u00e3o para homens normais\" href=\"https:\/\/i0.wp.com\/www.agrund.com\/wp-content\/uploads\/2012\/07\/ami4.jpg\"><img aria-describedby=\"caption-attachment-36784\" decoding=\"async\" loading=\"lazy\" class=\" wp-image-36784 \" title=\"Moda Masculina :: Ami Mattiussi apresenta cole\u00e7\u00e3o para homens normais\" src=\"https:\/\/i0.wp.com\/www.agrund.com\/wp-content\/uploads\/2012\/07\/ami4.jpg?resize=405%2C608\" alt=\"Moda Masculina :: Ami Mattiussi apresenta cole\u00e7\u00e3o para homens normais\" width=\"405\" height=\"608\" data-recalc-dims=\"1\" \/><\/a><p id=\"caption-attachment-36784\" class=\"wp-caption-text\">Moda Masculina :: Ami Mattiussi apresenta cole\u00e7\u00e3o para homens normais<\/p><\/div>\n<div id=\"attachment_36783\" style=\"width: 415px\" class=\"wp-caption aligncenter\"><a class=\"lightbox\" title=\"Moda Masculina :: Ami Mattiussi apresenta cole\u00e7\u00e3o para homens normais\" href=\"https:\/\/i0.wp.com\/www.agrund.com\/wp-content\/uploads\/2012\/07\/ami3.jpg\"><img aria-describedby=\"caption-attachment-36783\" decoding=\"async\" loading=\"lazy\" class=\" wp-image-36783 \" title=\"Moda Masculina :: Ami Mattiussi apresenta cole\u00e7\u00e3o para homens normais\" src=\"https:\/\/i0.wp.com\/www.agrund.com\/wp-content\/uploads\/2012\/07\/ami3.jpg?resize=405%2C608\" alt=\"Moda Masculina :: Ami Mattiussi apresenta cole\u00e7\u00e3o para homens normais\" width=\"405\" height=\"608\" data-recalc-dims=\"1\" \/><\/a><p id=\"caption-attachment-36783\" class=\"wp-caption-text\">Moda Masculina :: Ami Mattiussi apresenta cole\u00e7\u00e3o para homens normais<\/p><\/div>\n<div id=\"attachment_36782\" style=\"width: 415px\" class=\"wp-caption aligncenter\"><a class=\"lightbox\" title=\"Moda Masculina :: Ami Mattiussi apresenta cole\u00e7\u00e3o para homens normais\" href=\"https:\/\/i0.wp.com\/www.agrund.com\/wp-content\/uploads\/2012\/07\/ami2.jpg\"><img aria-describedby=\"caption-attachment-36782\" decoding=\"async\" loading=\"lazy\" class=\" wp-image-36782 \" title=\"Moda Masculina :: Ami Mattiussi apresenta cole\u00e7\u00e3o para homens normais\" src=\"https:\/\/i0.wp.com\/www.agrund.com\/wp-content\/uploads\/2012\/07\/ami2.jpg?resize=405%2C608\" alt=\"Moda Masculina :: Ami Mattiussi apresenta cole\u00e7\u00e3o para homens normais\" width=\"405\" height=\"608\" data-recalc-dims=\"1\" \/><\/a><p id=\"caption-attachment-36782\" class=\"wp-caption-text\">Moda Masculina :: Ami Mattiussi apresenta cole\u00e7\u00e3o para homens normais<\/p><\/div>\n<p>Fotos por Reprodu\u00e7\u00e3o.<\/p>\n","protected":false},"excerpt":{"rendered":"<p>\u201cEu sou um designer feliz\u201d, disse Alexandre Ami Mattiussi, que apresentou de maneira diferente sua cole\u00e7\u00e3o na semana de moda de Paris. A id\u00e9ia do estilista foi reunir amigos, clientes e editores para uma apresenta\u00e7\u00e3o menos formal e despretensiosa. Sempre focando em um homem \u201cnormal\u201d com modelagens descoladas e confort\u00e1veis em pe\u00e7as\u00a0 reais e comercias [&hellip;]<\/p>\n","protected":false},"author":8,"featured_media":36789,"comment_status":"open","ping_status":"open","sticky":false,"template":"","format":"standard","meta":{"jetpack_post_was_ever_published":false,"_jetpack_newsletter_access":"","jetpack_publicize_message":"","jetpack_is_tweetstorm":false,"jetpack_publicize_feature_enabled":true,"jetpack_social_post_already_shared":false,"jetpack_social_options":{"image_generator_settings":{"template":"highway","enabled":false}}},"categories":[6],"tags":[],"jetpack_publicize_connections":[],"jetpack_featured_media_url":"","jetpack_sharing_enabled":true,"jetpack_shortlink":"https:\/\/wp.me\/p3Hz0n-9zf","jetpack_likes_enabled":true,"_links":{"self":[{"href":"https:\/\/agrund.com\/index.php\/wp-json\/wp\/v2\/posts\/36781"}],"collection":[{"href":"https:\/\/agrund.com\/index.php\/wp-json\/wp\/v2\/posts"}],"about":[{"href":"https:\/\/agrund.com\/index.php\/wp-json\/wp\/v2\/types\/post"}],"author":[{"embeddable":true,"href":"https:\/\/agrund.com\/index.php\/wp-json\/wp\/v2\/users\/8"}],"replies":[{"embeddable":true,"href":"https:\/\/agrund.com\/index.php\/wp-json\/wp\/v2\/comments?post=36781"}],"version-history":[{"count":0,"href":"https:\/\/agrund.com\/index.php\/wp-json\/wp\/v2\/posts\/36781\/revisions"}],"wp:featuredmedia":[{"embeddable":true,"href":"https:\/\/agrund.com\/index.php\/wp-json\/"}],"wp:attachment":[{"href":"https:\/\/agrund.com\/index.php\/wp-json\/wp\/v2\/media?parent=36781"}],"wp:term":[{"taxonomy":"category","embeddable":true,"href":"https:\/\/agrund.com\/index.php\/wp-json\/wp\/v2\/categories?post=36781"},{"taxonomy":"post_tag","embeddable":true,"href":"https:\/\/agrund.com\/index.php\/wp-json\/wp\/v2\/tags?post=36781"}],"curies":[{"name":"wp","href":"https:\/\/api.w.org\/{rel}","templated":true}]}}