{"id":36696,"date":"2012-07-02T19:40:30","date_gmt":"2012-07-02T22:40:30","guid":{"rendered":"http:\/\/www.agrund.com\/?p=36696"},"modified":"2012-07-02T19:40:30","modified_gmt":"2012-07-02T22:40:30","slug":"zac-efron-para-john-john","status":"publish","type":"post","link":"https:\/\/agrund.com\/index.php\/zac-efron-para-john-john\/","title":{"rendered":"Zac Efron para a John John"},"content":{"rendered":"<p>Foi divulgado que o ator Zac Efron \u00e9 a estrela da campanha ver\u00e3o 2013 da John John! O talentoso Jacques Dequeker fez as fotos e os v\u00eddeos que tiverem como cen\u00e1rio Downtown L.A. e trazem um clima &#8220;Velozes e Furiosos&#8221;. Confiram as primeiras imagens.<\/p>\n<p>&nbsp;<\/p>\n<div id=\"attachment_36699\" style=\"width: 460px\" class=\"wp-caption aligncenter\"><a class=\"lightbox\" title=\"Zac Efron para a John John\" href=\"https:\/\/i0.wp.com\/www.agrund.com\/wp-content\/uploads\/2012\/07\/get-2.jpg\"><img aria-describedby=\"caption-attachment-36699\" decoding=\"async\" loading=\"lazy\" class=\"size-full wp-image-36699\" title=\"Zac Efron para a John John\" src=\"https:\/\/i0.wp.com\/www.agrund.com\/wp-content\/uploads\/2012\/07\/get-2.jpg?resize=450%2C317\" alt=\"Zac Efron para a John John\" width=\"450\" height=\"317\" data-recalc-dims=\"1\" \/><\/a><p id=\"caption-attachment-36699\" class=\"wp-caption-text\">Zac Efron para a John John<\/p><\/div>\n<div id=\"attachment_36698\" style=\"width: 460px\" class=\"wp-caption aligncenter\"><a class=\"lightbox\" title=\"Zac Efron para a John John\" href=\"https:\/\/i0.wp.com\/www.agrund.com\/wp-content\/uploads\/2012\/07\/get-1.jpg\"><img aria-describedby=\"caption-attachment-36698\" decoding=\"async\" loading=\"lazy\" class=\"size-full wp-image-36698\" title=\"Zac Efron para a John John\" src=\"https:\/\/i0.wp.com\/www.agrund.com\/wp-content\/uploads\/2012\/07\/get-1.jpg?resize=450%2C316\" alt=\"Zac Efron para a John John\" width=\"450\" height=\"316\" data-recalc-dims=\"1\" \/><\/a><p id=\"caption-attachment-36698\" class=\"wp-caption-text\">Zac Efron para a John John<\/p><\/div>\n<div id=\"attachment_36697\" style=\"width: 460px\" class=\"wp-caption aligncenter\"><a class=\"lightbox\" title=\"Zac Efron para a John John\" href=\"https:\/\/i0.wp.com\/www.agrund.com\/wp-content\/uploads\/2012\/07\/get.jpg\"><img aria-describedby=\"caption-attachment-36697\" decoding=\"async\" loading=\"lazy\" class=\"size-full wp-image-36697\" title=\"Zac Efron para a John John\" src=\"https:\/\/i0.wp.com\/www.agrund.com\/wp-content\/uploads\/2012\/07\/get.jpg?resize=450%2C337\" alt=\"Zac Efron para a John John\" width=\"450\" height=\"337\" data-recalc-dims=\"1\" \/><\/a><p id=\"caption-attachment-36697\" class=\"wp-caption-text\">Zac Efron para a John John<\/p><\/div>\n<p>Fotos por Reprodu\u00e7\u00e3o.<\/p>\n","protected":false},"excerpt":{"rendered":"<p>Foi divulgado que o ator Zac Efron \u00e9 a estrela da campanha ver\u00e3o 2013 da John John! O talentoso Jacques Dequeker fez as fotos e os v\u00eddeos que tiverem como cen\u00e1rio Downtown L.A. e trazem um clima &#8220;Velozes e Furiosos&#8221;. Confiram as primeiras imagens. &nbsp; Fotos por Reprodu\u00e7\u00e3o.<\/p>\n","protected":false},"author":8,"featured_media":36700,"comment_status":"open","ping_status":"open","sticky":false,"template":"","format":"standard","meta":{"jetpack_post_was_ever_published":false,"_jetpack_newsletter_access":"","jetpack_publicize_message":"","jetpack_is_tweetstorm":false,"jetpack_publicize_feature_enabled":true,"jetpack_social_post_already_shared":false,"jetpack_social_options":{"image_generator_settings":{"template":"highway","enabled":false}}},"categories":[2],"tags":[],"jetpack_publicize_connections":[],"jetpack_featured_media_url":"","jetpack_sharing_enabled":true,"jetpack_shortlink":"https:\/\/wp.me\/p3Hz0n-9xS","jetpack_likes_enabled":true,"_links":{"self":[{"href":"https:\/\/agrund.com\/index.php\/wp-json\/wp\/v2\/posts\/36696"}],"collection":[{"href":"https:\/\/agrund.com\/index.php\/wp-json\/wp\/v2\/posts"}],"about":[{"href":"https:\/\/agrund.com\/index.php\/wp-json\/wp\/v2\/types\/post"}],"author":[{"embeddable":true,"href":"https:\/\/agrund.com\/index.php\/wp-json\/wp\/v2\/users\/8"}],"replies":[{"embeddable":true,"href":"https:\/\/agrund.com\/index.php\/wp-json\/wp\/v2\/comments?post=36696"}],"version-history":[{"count":0,"href":"https:\/\/agrund.com\/index.php\/wp-json\/wp\/v2\/posts\/36696\/revisions"}],"wp:featuredmedia":[{"embeddable":true,"href":"https:\/\/agrund.com\/index.php\/wp-json\/"}],"wp:attachment":[{"href":"https:\/\/agrund.com\/index.php\/wp-json\/wp\/v2\/media?parent=36696"}],"wp:term":[{"taxonomy":"category","embeddable":true,"href":"https:\/\/agrund.com\/index.php\/wp-json\/wp\/v2\/categories?post=36696"},{"taxonomy":"post_tag","embeddable":true,"href":"https:\/\/agrund.com\/index.php\/wp-json\/wp\/v2\/tags?post=36696"}],"curies":[{"name":"wp","href":"https:\/\/api.w.org\/{rel}","templated":true}]}}