{"id":36676,"date":"2012-07-02T20:00:10","date_gmt":"2012-07-02T23:00:10","guid":{"rendered":"http:\/\/www.agrund.com\/?p=36676"},"modified":"2012-07-02T20:00:10","modified_gmt":"2012-07-02T23:00:10","slug":"tendencia-atletas-urbanos","status":"publish","type":"post","link":"https:\/\/agrund.com\/index.php\/tendencia-atletas-urbanos\/","title":{"rendered":"Tend\u00eancia \u2013 Atletas Urbanos"},"content":{"rendered":"<div id=\":199\">\n<div dir=\"ltr\">\n<div>\n<p style=\"text-align: right\">Por Fabio Paiva<\/p>\n<p>&nbsp;<\/p>\n<p>Com as Olimp\u00edadas ai batendo a nossa porta cada estilista escolheu o esporte preferido de seu cliente e buscou inspira\u00e7\u00e3o nesse universo. Cada atleta urbano teve seu conceito revisitado. Confiram aqui alguns deles!<\/p>\n<p>&nbsp;<\/p>\n<p><strong>DSquared2<\/strong> \u2013 Os irm\u00e3os Dean e Dan Caten se inspiraram no surfistas de luxo. Aquele que n\u00e3o abre m\u00e3o do neoprene at\u00e9 mesmo na hora de usar um costume.<\/p>\n<div id=\"attachment_36678\" style=\"width: 390px\" class=\"wp-caption aligncenter\"><a class=\"lightbox\" title=\"Tend\u00eancia \u2013 Atletas Urbanos\" href=\"https:\/\/i0.wp.com\/www.agrund.com\/wp-content\/uploads\/2012\/07\/Dsquared2.jpg\"><img aria-describedby=\"caption-attachment-36678\" decoding=\"async\" loading=\"lazy\" class=\"size-full wp-image-36678\" title=\"Tend\u00eancia \u2013 Atletas Urbanos\" src=\"https:\/\/i0.wp.com\/www.agrund.com\/wp-content\/uploads\/2012\/07\/Dsquared2.jpg?resize=380%2C570\" alt=\"Dsquared2\" width=\"380\" height=\"570\" data-recalc-dims=\"1\" \/><\/a><p id=\"caption-attachment-36678\" class=\"wp-caption-text\">Dsquared2<\/p><\/div>\n<p><strong>Moncler Gamme Bleu<\/strong> \u2013 A marca italiana apostou nos velejadores. Tecidos imperme\u00e1veis, estampa com bandeiras sinalizadoras e at\u00e9 mesmo uma vela compunham os looks da marca.<\/p>\n<p>&nbsp;<\/p>\n<div id=\"attachment_36734\" style=\"width: 390px\" class=\"wp-caption aligncenter\"><a class=\"lightbox\" href=\"https:\/\/i0.wp.com\/www.agrund.com\/wp-content\/uploads\/2012\/07\/moncler.jpg\"><img aria-describedby=\"caption-attachment-36734\" decoding=\"async\" loading=\"lazy\" class=\"size-full wp-image-36734 \" title=\"Tend\u00eancia \u2013 Atletas Urbanos\" src=\"https:\/\/i0.wp.com\/www.agrund.com\/wp-content\/uploads\/2012\/07\/moncler.jpg?resize=380%2C570\" alt=\"Tend\u00eancia \u2013 Atletas Urbanos\" width=\"380\" height=\"570\" data-recalc-dims=\"1\" \/><\/a><p id=\"caption-attachment-36734\" class=\"wp-caption-text\">Moncler<\/p><\/div>\n<p><strong>Louis Vuitton<\/strong> \u2013 Cada um com sua inspira\u00e7\u00e3o. Mas o surfista que a marca est\u00e1 propondo est\u00e1 acima das ondas. Ele transita com toda naturalidade do evento mais formal at\u00e9 chegar na beira da praia. Mais uma vez o neoprene aparece forte!<\/p>\n<p>&nbsp;<\/p>\n<div id=\"attachment_36680\" style=\"width: 390px\" class=\"wp-caption aligncenter\"><a class=\"lightbox\" title=\"Tend\u00eancia \u2013 Atletas Urbanos\" href=\"https:\/\/i0.wp.com\/www.agrund.com\/wp-content\/uploads\/2012\/07\/Louis-Vuitton.jpg\"><img aria-describedby=\"caption-attachment-36680\" decoding=\"async\" loading=\"lazy\" class=\"size-full wp-image-36680\" title=\"Tend\u00eancia \u2013 Atletas Urbanos\" src=\"https:\/\/i0.wp.com\/www.agrund.com\/wp-content\/uploads\/2012\/07\/Louis-Vuitton.jpg?resize=380%2C570\" alt=\"Louis Vuitton\" width=\"380\" height=\"570\" data-recalc-dims=\"1\" \/><\/a><p id=\"caption-attachment-36680\" class=\"wp-caption-text\">Louis Vuitton<\/p><\/div>\n<p><strong>Issey Miyake<\/strong> \u2013 Duas rodas foram suas inspira\u00e7\u00f5es. Aqui o ciclista ganha sofistica\u00e7\u00e3o. O mix de texturas cria um novo visual sem perder a caracter\u00edstica do conforto.<\/p>\n<p>&nbsp;<\/p>\n<div id=\"attachment_36679\" style=\"width: 390px\" class=\"wp-caption aligncenter\"><a class=\"lightbox\" title=\"Tend\u00eancia \u2013 Atletas Urbanos\" href=\"https:\/\/i0.wp.com\/www.agrund.com\/wp-content\/uploads\/2012\/07\/Issey-Miyake.jpg\"><img aria-describedby=\"caption-attachment-36679\" decoding=\"async\" loading=\"lazy\" class=\"size-full wp-image-36679\" title=\"Tend\u00eancia \u2013 Atletas Urbanos\" src=\"https:\/\/i0.wp.com\/www.agrund.com\/wp-content\/uploads\/2012\/07\/Issey-Miyake.jpg?resize=380%2C570\" alt=\"Issey Miyake\" width=\"380\" height=\"570\" data-recalc-dims=\"1\" \/><\/a><p id=\"caption-attachment-36679\" class=\"wp-caption-text\">Issey Miyake<\/p><\/div>\n<p><strong>Mugler<\/strong> &#8211; O nadador surfista de Nicola Formichetti aparece com v\u00e1rios recortes nas roupas. At\u00e9 a camiseta parece ser somente um protetor para o peitoral. No mais um toque de ousadia ao esporte n\u00e3o faz mal a ningu\u00e9m.<\/p>\n<p>&nbsp;<\/p>\n<div id=\"attachment_36681\" style=\"width: 390px\" class=\"wp-caption aligncenter\"><a class=\"lightbox\" title=\"Tend\u00eancia \u2013 Atletas Urbanos\" href=\"https:\/\/i0.wp.com\/www.agrund.com\/wp-content\/uploads\/2012\/07\/Mugler1.jpg\"><img aria-describedby=\"caption-attachment-36681\" decoding=\"async\" loading=\"lazy\" class=\"size-full wp-image-36681\" title=\"Tend\u00eancia \u2013 Atletas Urbanos\" src=\"https:\/\/i0.wp.com\/www.agrund.com\/wp-content\/uploads\/2012\/07\/Mugler1.jpg?resize=380%2C570\" alt=\"Mugler\" width=\"380\" height=\"570\" data-recalc-dims=\"1\" \/><\/a><p id=\"caption-attachment-36681\" class=\"wp-caption-text\">Mugler<\/p><\/div>\n<p><strong>Alexandre Herchcovitch<\/strong> \u2013 Deu uma leitura completamente diferente a roupa de neoprene. Cores que deixam o surfista mais jovem e principalmente cheio de estilo foram uma das propostas do estilista para o ver\u00e3o 2013.<\/p>\n<p>&nbsp;<\/p>\n<div id=\"attachment_36677\" style=\"width: 390px\" class=\"wp-caption aligncenter\"><a class=\"lightbox\" title=\"Tend\u00eancia \u2013 Atletas Urbanos\" href=\"https:\/\/i0.wp.com\/www.agrund.com\/wp-content\/uploads\/2012\/07\/Alexandre-Herchcovitch.jpg\"><img aria-describedby=\"caption-attachment-36677\" decoding=\"async\" loading=\"lazy\" class=\"size-full wp-image-36677\" title=\"Tend\u00eancia \u2013 Atletas Urbanos\" src=\"https:\/\/i0.wp.com\/www.agrund.com\/wp-content\/uploads\/2012\/07\/Alexandre-Herchcovitch.jpg?resize=380%2C570\" alt=\"Alexandre Herchcovitch\" width=\"380\" height=\"570\" data-recalc-dims=\"1\" \/><\/a><p id=\"caption-attachment-36677\" class=\"wp-caption-text\">Alexandre Herchcovitch<\/p><\/div>\n<p>&nbsp;<\/p>\n<p>Fotos por Reprodu\u00e7\u00e3o.<\/p>\n<\/div>\n<div>\u00a0<img decoding=\"async\" src=\"https:\/\/i0.wp.com\/www.agrund.com\/wp-content\/themes\/FashionPlus\/images\/topo_moda_masculina.jpg\" alt=\"Moda Masculina\" data-recalc-dims=\"1\" \/><\/div>\n<\/div>\n<\/div>\n<div id=\":cx\"><\/div>\n","protected":false},"excerpt":{"rendered":"<p>Por Fabio Paiva &nbsp; Com as Olimp\u00edadas ai batendo a nossa porta cada estilista escolheu o esporte preferido de seu cliente e buscou inspira\u00e7\u00e3o nesse universo. Cada atleta urbano teve seu conceito revisitado. Confiram aqui alguns deles! &nbsp; DSquared2 \u2013 Os irm\u00e3os Dean e Dan Caten se inspiraram no surfistas de luxo. Aquele que n\u00e3o [&hellip;]<\/p>\n","protected":false},"author":8,"featured_media":36682,"comment_status":"open","ping_status":"open","sticky":false,"template":"","format":"standard","meta":{"jetpack_post_was_ever_published":false,"_jetpack_newsletter_access":"","jetpack_publicize_message":"","jetpack_is_tweetstorm":false,"jetpack_publicize_feature_enabled":true,"jetpack_social_post_already_shared":false,"jetpack_social_options":{"image_generator_settings":{"template":"highway","enabled":false}}},"categories":[6],"tags":[],"jetpack_publicize_connections":[],"jetpack_featured_media_url":"","jetpack_sharing_enabled":true,"jetpack_shortlink":"https:\/\/wp.me\/p3Hz0n-9xy","jetpack_likes_enabled":true,"_links":{"self":[{"href":"https:\/\/agrund.com\/index.php\/wp-json\/wp\/v2\/posts\/36676"}],"collection":[{"href":"https:\/\/agrund.com\/index.php\/wp-json\/wp\/v2\/posts"}],"about":[{"href":"https:\/\/agrund.com\/index.php\/wp-json\/wp\/v2\/types\/post"}],"author":[{"embeddable":true,"href":"https:\/\/agrund.com\/index.php\/wp-json\/wp\/v2\/users\/8"}],"replies":[{"embeddable":true,"href":"https:\/\/agrund.com\/index.php\/wp-json\/wp\/v2\/comments?post=36676"}],"version-history":[{"count":0,"href":"https:\/\/agrund.com\/index.php\/wp-json\/wp\/v2\/posts\/36676\/revisions"}],"wp:featuredmedia":[{"embeddable":true,"href":"https:\/\/agrund.com\/index.php\/wp-json\/"}],"wp:attachment":[{"href":"https:\/\/agrund.com\/index.php\/wp-json\/wp\/v2\/media?parent=36676"}],"wp:term":[{"taxonomy":"category","embeddable":true,"href":"https:\/\/agrund.com\/index.php\/wp-json\/wp\/v2\/categories?post=36676"},{"taxonomy":"post_tag","embeddable":true,"href":"https:\/\/agrund.com\/index.php\/wp-json\/wp\/v2\/tags?post=36676"}],"curies":[{"name":"wp","href":"https:\/\/api.w.org\/{rel}","templated":true}]}}