{"id":3666,"date":"2011-01-31T16:06:41","date_gmt":"2011-01-31T18:06:41","guid":{"rendered":"http:\/\/www.agrund.com\/blogs\/notas\/?p=3666"},"modified":"2011-01-31T16:06:41","modified_gmt":"2011-01-31T18:06:41","slug":"inspiracao-athos-bulcao","status":"publish","type":"post","link":"https:\/\/agrund.com\/index.php\/inspiracao-athos-bulcao\/","title":{"rendered":"INSPIRA\u00c7\u00c3O ATHOS BULC\u00c3O"},"content":{"rendered":"<p>Inspirada nas obras de Athos Bulc\u00e3o, mestre dos azulejos de Bras\u00edlia, o top maquiador Marcos\u00a0Costa (Natura) assina a beleza do desfile de Ronaldo Fraga que acontece daqui a pouco aqui na Bienal. Usou uma pele corrigida com muita base, batom vermelho e tinta infantil colorida para criar refer\u00eancias no rosto e cabe\u00e7a, utilizando as mesmas cores das obras inclusive o dourado da Catedral.<\/p>\n<p style=\"text-align: center\"><a href=\"https:\/\/i0.wp.com\/www.agrund.com\/files\/2011\/01\/MG_7521.jpg\"><img decoding=\"async\" loading=\"lazy\" class=\"aligncenter size-full wp-image-3667\" src=\"https:\/\/i0.wp.com\/www.agrund.com\/arquivo\/notas\/files\/2011\/01\/MG_7521.jpg?resize=560%2C374\" alt=\"\" width=\"560\" height=\"374\" data-recalc-dims=\"1\" \/><\/a><\/p>\n<p style=\"text-align: center\"><a href=\"https:\/\/i0.wp.com\/www.agrund.com\/files\/2011\/01\/MG_7523.jpg\"><img decoding=\"async\" loading=\"lazy\" class=\"aligncenter size-full wp-image-3669\" src=\"https:\/\/i0.wp.com\/www.agrund.com\/arquivo\/notas\/files\/2011\/01\/MG_7523.jpg?resize=393%2C560\" alt=\"\" width=\"393\" height=\"560\" data-recalc-dims=\"1\" \/><\/a><\/p>\n<p>Veja um pouco do backstage de Ronaldo Fraga.<\/p>\n<p style=\"text-align: center\"><a href=\"https:\/\/i0.wp.com\/www.agrund.com\/files\/2011\/01\/MG_7571.jpg\"><img decoding=\"async\" loading=\"lazy\" class=\"aligncenter size-full wp-image-3672\" src=\"https:\/\/i0.wp.com\/www.agrund.com\/arquivo\/notas\/files\/2011\/01\/MG_7571.jpg?resize=560%2C373\" alt=\"\" width=\"560\" height=\"373\" data-recalc-dims=\"1\" \/><\/a><\/p>\n<p style=\"text-align: center\"><a href=\"https:\/\/i0.wp.com\/www.agrund.com\/files\/2011\/01\/MG_7567.jpg\"><img decoding=\"async\" loading=\"lazy\" class=\"aligncenter size-full wp-image-3680\" src=\"https:\/\/i0.wp.com\/www.agrund.com\/arquivo\/notas\/files\/2011\/01\/MG_7567.jpg?resize=560%2C432\" alt=\"\" width=\"560\" height=\"432\" data-recalc-dims=\"1\" \/><\/a><\/p>\n<p style=\"text-align: center\">\n<p style=\"text-align: center\"><a href=\"https:\/\/i0.wp.com\/www.agrund.com\/files\/2011\/01\/MG_7573.jpg\"><img decoding=\"async\" loading=\"lazy\" class=\"aligncenter size-full wp-image-3674\" src=\"https:\/\/i0.wp.com\/www.agrund.com\/arquivo\/notas\/files\/2011\/01\/MG_7573.jpg?resize=560%2C374\" alt=\"\" width=\"560\" height=\"374\" data-recalc-dims=\"1\" \/><\/a><\/p>\n<p style=\"text-align: center\"><a href=\"https:\/\/i0.wp.com\/www.agrund.com\/files\/2011\/01\/MG_7576.jpg\"><img decoding=\"async\" loading=\"lazy\" class=\"aligncenter size-full wp-image-3675\" src=\"https:\/\/i0.wp.com\/www.agrund.com\/arquivo\/notas\/files\/2011\/01\/MG_7576.jpg?resize=560%2C374\" alt=\"\" width=\"560\" height=\"374\" data-recalc-dims=\"1\" \/><\/a><\/p>\n<p>[ Fotos por Andr\u00e9 Arthur] <\/p>\n","protected":false},"excerpt":{"rendered":"<p>Inspirada nas obras de Athos Bulc\u00e3o, mestre dos azulejos de Bras\u00edlia, o top maquiador Marcos\u00a0Costa (Natura) assina a beleza do desfile de Ronaldo Fraga que acontece daqui a pouco aqui na Bienal. Usou uma pele corrigida com muita base, batom vermelho e tinta infantil colorida para criar refer\u00eancias no rosto e cabe\u00e7a, utilizando as mesmas [&hellip;]<\/p>\n","protected":false},"author":8,"featured_media":3667,"comment_status":"open","ping_status":"open","sticky":false,"template":"","format":"standard","meta":{"jetpack_post_was_ever_published":false,"_jetpack_newsletter_access":"","jetpack_publicize_message":"","jetpack_is_tweetstorm":false,"jetpack_publicize_feature_enabled":true,"jetpack_social_post_already_shared":false,"jetpack_social_options":{"image_generator_settings":{"template":"highway","enabled":false}}},"categories":[2],"tags":[],"jetpack_publicize_connections":[],"jetpack_featured_media_url":"","jetpack_sharing_enabled":true,"jetpack_shortlink":"https:\/\/wp.me\/p3Hz0n-X8","jetpack_likes_enabled":true,"_links":{"self":[{"href":"https:\/\/agrund.com\/index.php\/wp-json\/wp\/v2\/posts\/3666"}],"collection":[{"href":"https:\/\/agrund.com\/index.php\/wp-json\/wp\/v2\/posts"}],"about":[{"href":"https:\/\/agrund.com\/index.php\/wp-json\/wp\/v2\/types\/post"}],"author":[{"embeddable":true,"href":"https:\/\/agrund.com\/index.php\/wp-json\/wp\/v2\/users\/8"}],"replies":[{"embeddable":true,"href":"https:\/\/agrund.com\/index.php\/wp-json\/wp\/v2\/comments?post=3666"}],"version-history":[{"count":0,"href":"https:\/\/agrund.com\/index.php\/wp-json\/wp\/v2\/posts\/3666\/revisions"}],"wp:featuredmedia":[{"embeddable":true,"href":"https:\/\/agrund.com\/index.php\/wp-json\/"}],"wp:attachment":[{"href":"https:\/\/agrund.com\/index.php\/wp-json\/wp\/v2\/media?parent=3666"}],"wp:term":[{"taxonomy":"category","embeddable":true,"href":"https:\/\/agrund.com\/index.php\/wp-json\/wp\/v2\/categories?post=3666"},{"taxonomy":"post_tag","embeddable":true,"href":"https:\/\/agrund.com\/index.php\/wp-json\/wp\/v2\/tags?post=3666"}],"curies":[{"name":"wp","href":"https:\/\/api.w.org\/{rel}","templated":true}]}}