{"id":36643,"date":"2012-07-02T16:00:00","date_gmt":"2012-07-02T19:00:00","guid":{"rendered":"http:\/\/www.agrund.com\/?p=36643"},"modified":"2012-07-02T16:00:00","modified_gmt":"2012-07-02T19:00:00","slug":"tendencia-vestidos-para-homens-paris-e-milao","status":"publish","type":"post","link":"https:\/\/agrund.com\/index.php\/tendencia-vestidos-para-homens-paris-e-milao\/","title":{"rendered":"Tend\u00eancia &#8211; Vestidos para homens Paris e Mil\u00e3o"},"content":{"rendered":"<p>N\u00e3o \u00e9 de agora que homens usam vestidos. Os romanos j\u00e1 usavam suas t\u00fanicas\/vestidos como s\u00edmbolo de homem civilizado. J\u00e1 em Cantares China, nos anos de 1200, vestes at\u00e9 o ch\u00e3o eram as roupas dos homens aristocratas.\u00a0Dando um salto grande na hist\u00f3ria o estilista Marc Jacobs fez duas apari\u00e7\u00f5es em eventos usando uma vez um vestido Pink e outra vez um de renda. Todos com comprimento midi. E parece que a moda vai pegar. Nas semanas de moda masculina ver\u00e3o 2013 de Mil\u00e3o e Paris selecionei algumas marcas que apresentaram, sim, vestidos para homens. Voc\u00ea usaria? E se seu namorado ou marido quisesse usar? De uma coisa \u00e9 certa: pe\u00e7a mais confort\u00e1vel imposs\u00edvel! E tem para todos os gostos e shapes. O mais curto para quem quer mostrar as pernocas, os com transpar\u00eancias para dar um ar sexy, os longos e esvoa\u00e7antes com uma pegada mais \u00e9tnica, e claro, aqueles que modelam e d\u00e3o uma silhueta mais delineada para o homem. Olha a\u00ed mulherada os homens v\u00e3o invadir seus guarda roupas.<\/p>\n<p>&nbsp;<\/p>\n<div id=\"attachment_36644\" style=\"width: 390px\" class=\"wp-caption aligncenter\"><a class=\"lightbox\" title=\"Tend\u00eancia - Vestidos para homens Paris e Mil\u00e3o\" href=\"https:\/\/i0.wp.com\/www.agrund.com\/wp-content\/uploads\/2012\/07\/Givenchy.jpg\"><img aria-describedby=\"caption-attachment-36644\" decoding=\"async\" loading=\"lazy\" class=\"size-full wp-image-36644\" title=\"Tend\u00eancia - Vestidos para homens Paris e Mil\u00e3o\" src=\"https:\/\/i0.wp.com\/www.agrund.com\/wp-content\/uploads\/2012\/07\/Givenchy.jpg?resize=380%2C570\" alt=\"Givenchy\" width=\"380\" height=\"570\" data-recalc-dims=\"1\" \/><\/a><p id=\"caption-attachment-36644\" class=\"wp-caption-text\">Givenchy<\/p><\/div>\n<div id=\"attachment_36650\" style=\"width: 390px\" class=\"wp-caption aligncenter\"><a class=\"lightbox\" title=\"Tend\u00eancia - Vestidos para homens Paris e Mil\u00e3o\" href=\"https:\/\/i0.wp.com\/www.agrund.com\/wp-content\/uploads\/2012\/07\/Vivienne-Westwood.jpg\"><img aria-describedby=\"caption-attachment-36650\" decoding=\"async\" loading=\"lazy\" class=\"size-full wp-image-36650\" title=\"Tend\u00eancia - Vestidos para homens Paris e Mil\u00e3o\" src=\"https:\/\/i0.wp.com\/www.agrund.com\/wp-content\/uploads\/2012\/07\/Vivienne-Westwood.jpg?resize=380%2C570\" alt=\"Vivienne Westwood\" width=\"380\" height=\"570\" data-recalc-dims=\"1\" \/><\/a><p id=\"caption-attachment-36650\" class=\"wp-caption-text\">Vivienne Westwood<\/p><\/div>\n<div id=\"attachment_36649\" style=\"width: 390px\" class=\"wp-caption aligncenter\"><a class=\"lightbox\" title=\"Tend\u00eancia - Vestidos para homens Paris e Mil\u00e3o\" href=\"https:\/\/i0.wp.com\/www.agrund.com\/wp-content\/uploads\/2012\/07\/Vestido-H-Moncler.jpg\"><img aria-describedby=\"caption-attachment-36649\" decoding=\"async\" loading=\"lazy\" class=\"size-full wp-image-36649\" title=\"Tend\u00eancia - Vestidos para homens Paris e Mil\u00e3o\" src=\"https:\/\/i0.wp.com\/www.agrund.com\/wp-content\/uploads\/2012\/07\/Vestido-H-Moncler.jpg?resize=380%2C570\" alt=\"Vestido H Moncler\" width=\"380\" height=\"570\" data-recalc-dims=\"1\" \/><\/a><p id=\"caption-attachment-36649\" class=\"wp-caption-text\">Vestido H Moncler<\/p><\/div>\n<div id=\"attachment_36647\" style=\"width: 390px\" class=\"wp-caption aligncenter\"><a class=\"lightbox\" title=\"Tend\u00eancia - Vestidos para homens Paris e Mil\u00e3o\" href=\"https:\/\/i0.wp.com\/www.agrund.com\/wp-content\/uploads\/2012\/07\/Rick-Owens.jpg\"><img aria-describedby=\"caption-attachment-36647\" decoding=\"async\" loading=\"lazy\" class=\"size-full wp-image-36647\" title=\"Tend\u00eancia - Vestidos para homens Paris e Mil\u00e3o\" src=\"https:\/\/i0.wp.com\/www.agrund.com\/wp-content\/uploads\/2012\/07\/Rick-Owens.jpg?resize=380%2C570\" alt=\"Rick Owens\" width=\"380\" height=\"570\" data-recalc-dims=\"1\" \/><\/a><p id=\"caption-attachment-36647\" class=\"wp-caption-text\">Rick Owens<\/p><\/div>\n<div id=\"attachment_36646\" style=\"width: 390px\" class=\"wp-caption aligncenter\"><a class=\"lightbox\" title=\"Tend\u00eancia - Vestidos para homens Paris e Mil\u00e3o\" href=\"https:\/\/i0.wp.com\/www.agrund.com\/wp-content\/uploads\/2012\/07\/Raf-Simons.jpg\"><img aria-describedby=\"caption-attachment-36646\" decoding=\"async\" loading=\"lazy\" class=\"size-full wp-image-36646\" title=\"Tend\u00eancia - Vestidos para homens Paris e Mil\u00e3o\" src=\"https:\/\/i0.wp.com\/www.agrund.com\/wp-content\/uploads\/2012\/07\/Raf-Simons.jpg?resize=380%2C570\" alt=\"Raf Simons\" width=\"380\" height=\"570\" data-recalc-dims=\"1\" \/><\/a><p id=\"caption-attachment-36646\" class=\"wp-caption-text\">Raf Simons<\/p><\/div>\n<div id=\"attachment_36645\" style=\"width: 390px\" class=\"wp-caption aligncenter\"><a class=\"lightbox\" title=\"Tend\u00eancia - Vestidos para homens Paris e Mil\u00e3o\" href=\"https:\/\/i0.wp.com\/www.agrund.com\/wp-content\/uploads\/2012\/07\/Mugler.jpg\"><img aria-describedby=\"caption-attachment-36645\" decoding=\"async\" loading=\"lazy\" class=\"size-full wp-image-36645\" title=\"Tend\u00eancia - Vestidos para homens Paris e Mil\u00e3o\" src=\"https:\/\/i0.wp.com\/www.agrund.com\/wp-content\/uploads\/2012\/07\/Mugler.jpg?resize=380%2C570\" alt=\"Mugler\" width=\"380\" height=\"570\" data-recalc-dims=\"1\" \/><\/a><p id=\"caption-attachment-36645\" class=\"wp-caption-text\">Mugler<\/p><\/div>\n<p>Fotos por Reprodu\u00e7\u00e3o.<\/p>\n<p><img decoding=\"async\" src=\"https:\/\/i0.wp.com\/www.agrund.com\/wp-content\/themes\/FashionPlus\/images\/topo_moda_masculina.jpg\" alt=\"Moda Masculina\" data-recalc-dims=\"1\" \/><\/p>\n","protected":false},"excerpt":{"rendered":"<p>N\u00e3o \u00e9 de agora que homens usam vestidos. Os romanos j\u00e1 usavam suas t\u00fanicas\/vestidos como s\u00edmbolo de homem civilizado. J\u00e1 em Cantares China, nos anos de 1200, vestes at\u00e9 o ch\u00e3o eram as roupas dos homens aristocratas.\u00a0Dando um salto grande na hist\u00f3ria o estilista Marc Jacobs fez duas apari\u00e7\u00f5es em eventos usando uma vez um [&hellip;]<\/p>\n","protected":false},"author":8,"featured_media":36648,"comment_status":"open","ping_status":"open","sticky":false,"template":"","format":"standard","meta":{"jetpack_post_was_ever_published":false,"_jetpack_newsletter_access":"","jetpack_publicize_message":"","jetpack_is_tweetstorm":false,"jetpack_publicize_feature_enabled":true,"jetpack_social_post_already_shared":false,"jetpack_social_options":{"image_generator_settings":{"template":"highway","enabled":false}}},"categories":[6],"tags":[],"jetpack_publicize_connections":[],"jetpack_featured_media_url":"","jetpack_sharing_enabled":true,"jetpack_shortlink":"https:\/\/wp.me\/p3Hz0n-9x1","jetpack_likes_enabled":true,"_links":{"self":[{"href":"https:\/\/agrund.com\/index.php\/wp-json\/wp\/v2\/posts\/36643"}],"collection":[{"href":"https:\/\/agrund.com\/index.php\/wp-json\/wp\/v2\/posts"}],"about":[{"href":"https:\/\/agrund.com\/index.php\/wp-json\/wp\/v2\/types\/post"}],"author":[{"embeddable":true,"href":"https:\/\/agrund.com\/index.php\/wp-json\/wp\/v2\/users\/8"}],"replies":[{"embeddable":true,"href":"https:\/\/agrund.com\/index.php\/wp-json\/wp\/v2\/comments?post=36643"}],"version-history":[{"count":0,"href":"https:\/\/agrund.com\/index.php\/wp-json\/wp\/v2\/posts\/36643\/revisions"}],"wp:featuredmedia":[{"embeddable":true,"href":"https:\/\/agrund.com\/index.php\/wp-json\/"}],"wp:attachment":[{"href":"https:\/\/agrund.com\/index.php\/wp-json\/wp\/v2\/media?parent=36643"}],"wp:term":[{"taxonomy":"category","embeddable":true,"href":"https:\/\/agrund.com\/index.php\/wp-json\/wp\/v2\/categories?post=36643"},{"taxonomy":"post_tag","embeddable":true,"href":"https:\/\/agrund.com\/index.php\/wp-json\/wp\/v2\/tags?post=36643"}],"curies":[{"name":"wp","href":"https:\/\/api.w.org\/{rel}","templated":true}]}}