{"id":36635,"date":"2012-07-02T14:00:21","date_gmt":"2012-07-02T17:00:21","guid":{"rendered":"http:\/\/www.agrund.com\/?p=36635"},"modified":"2012-07-02T14:00:21","modified_gmt":"2012-07-02T17:00:21","slug":"looks-jantar-amfar-em-homenagem-robert-duffy","status":"publish","type":"post","link":"https:\/\/agrund.com\/index.php\/looks-jantar-amfar-em-homenagem-robert-duffy\/","title":{"rendered":"Looks do jantar amfAR em homenagem a Robert Duffy"},"content":{"rendered":"<p>Confira meus coment\u00e1rios sobre os look que passaram pelo tapete vermelho do jantar da amfar.<\/p>\n<p>Dwyane Wade \u2013 A camisa, gravata e cal\u00e7a tons de azul entre o opaco e brilhoso e o blazer com refer\u00eancias ao smoking e com lapela larga em preto deram toda sofistica\u00e7\u00e3o ao look.<\/p>\n<div id=\"attachment_36636\" style=\"width: 390px\" class=\"wp-caption aligncenter\"><a class=\"lightbox\" title=\"Looks do jantar amfAR em homenagem a Robert Duffy\" href=\"https:\/\/i0.wp.com\/www.agrund.com\/wp-content\/uploads\/2012\/07\/dwyane-wade.jpg\"><img aria-describedby=\"caption-attachment-36636\" decoding=\"async\" loading=\"lazy\" class=\"size-full wp-image-36636\" title=\"Looks do jantar amfAR em homenagem a Robert Duffy\" src=\"https:\/\/i0.wp.com\/www.agrund.com\/wp-content\/uploads\/2012\/07\/dwyane-wade.jpg?resize=380%2C575\" alt=\"Dwyane Wade\" width=\"380\" height=\"575\" data-recalc-dims=\"1\" \/><\/a><p id=\"caption-attachment-36636\" class=\"wp-caption-text\">Dwyane Wade<\/p><\/div>\n<p>&nbsp;<\/p>\n<p>Viktor e Rolf \u2013 como bons criadores de moda a dupla mostra que at\u00e9 na hora de se produzir eles n\u00e3o abrem m\u00e3o de um experimento. Um smoking super estilizado. Um com bordado e outro com grafismo. As lapelas pontudas remetem para smoking cl\u00e1ssico, mas aqui irrever\u00eancia caminha ao lado do estilo.<\/p>\n<p>&nbsp;<\/p>\n<div id=\"attachment_36640\" style=\"width: 390px\" class=\"wp-caption aligncenter\"><a class=\"lightbox\" title=\"Looks do jantar amfAR em homenagem a Robert Duffy\" href=\"https:\/\/i0.wp.com\/www.agrund.com\/wp-content\/uploads\/2012\/07\/viktor-e-rolf.jpg\"><img aria-describedby=\"caption-attachment-36640\" decoding=\"async\" loading=\"lazy\" class=\"size-full wp-image-36640\" title=\"Looks do jantar amfAR em homenagem a Robert Duffy\" src=\"https:\/\/i0.wp.com\/www.agrund.com\/wp-content\/uploads\/2012\/07\/viktor-e-rolf.jpg?resize=380%2C570\" alt=\"Viktor e Rolf\" width=\"380\" height=\"570\" data-recalc-dims=\"1\" \/><\/a><p id=\"caption-attachment-36640\" class=\"wp-caption-text\">Viktor e Rolf<\/p><\/div>\n<p>Robert Duffy e Marc Jacobs \u2013 O empres\u00e1rio Robert Duffy escolheu o estilo cl\u00e1ssico. O azul marinho veio num terno bem cortado e super adequado para a imagem de um homem bem sucedido. O preto deve descansar um pouco. J\u00e1 o estilista Marc Jacobs transborda de ousadia. Vestidos e saias j\u00e1 ca\u00edram no lugar comum no seu closet. E ser\u00e1 que as pessoas est\u00e3o acostumadas?<\/p>\n<p>&nbsp;<\/p>\n<div id=\"attachment_36638\" style=\"width: 390px\" class=\"wp-caption aligncenter\"><a class=\"lightbox\" title=\"Looks do jantar amfAR em homenagem a Robert Duffy\" href=\"https:\/\/i0.wp.com\/www.agrund.com\/wp-content\/uploads\/2012\/07\/robert-duffy-mac-jacobs.jpg\"><img aria-describedby=\"caption-attachment-36638\" decoding=\"async\" loading=\"lazy\" class=\"size-full wp-image-36638\" title=\"Looks do jantar amfAR em homenagem a Robert Duffy\" src=\"https:\/\/i0.wp.com\/www.agrund.com\/wp-content\/uploads\/2012\/07\/robert-duffy-mac-jacobs.jpg?resize=380%2C802\" alt=\"Robert Duffy e Marc Jacobs\" width=\"380\" height=\"802\" data-recalc-dims=\"1\" \/><\/a><p id=\"caption-attachment-36638\" class=\"wp-caption-text\">Robert Duffy e Marc Jacobs<\/p><\/div>\n<p>Lorenzo Martone e Michael Clemens \u2013 o publicit\u00e1rio Lorenzo Martone ousou na produ\u00e7\u00e3o. O smoking ganha irrever\u00eancia com um tric\u00f4 e t\u00eanis de academia super colorido. Um pouco antiguinho! A gravata meio descontra\u00edda completa o visual. J\u00e1 Michael Clemens numa silhueta invej\u00e1vel usa um smoking bem cortado e seguindo as tend\u00eancias de roupas mais pr\u00f3ximas ao corpo do homem.<\/p>\n<p>&nbsp;<\/p>\n<div id=\"attachment_36637\" style=\"width: 390px\" class=\"wp-caption aligncenter\"><a class=\"lightbox\" title=\"Looks do jantar amfAR em homenagem a Robert Duffy\" href=\"https:\/\/i0.wp.com\/www.agrund.com\/wp-content\/uploads\/2012\/07\/Lorenzo+Martone-e-Michael-Clemens.jpg\"><img aria-describedby=\"caption-attachment-36637\" decoding=\"async\" loading=\"lazy\" class=\"size-full wp-image-36637\" title=\"Looks do jantar amfAR em homenagem a Robert Duffy\" src=\"https:\/\/i0.wp.com\/www.agrund.com\/wp-content\/uploads\/2012\/07\/Lorenzo+Martone-e-Michael-Clemens.jpg?resize=380%2C585\" alt=\"Lorenzo Martone e Michael Clemens\" width=\"380\" height=\"585\" data-recalc-dims=\"1\" \/><\/a><p id=\"caption-attachment-36637\" class=\"wp-caption-text\">Lorenzo Martone e Michael Clemens<\/p><\/div>\n<p>Fotos por Reprodu\u00e7\u00e3o.<\/p>\n<p><img decoding=\"async\" src=\"https:\/\/i0.wp.com\/www.agrund.com\/wp-content\/themes\/FashionPlus\/images\/topo_moda_masculina.jpg\" alt=\"Moda Masculina\" data-recalc-dims=\"1\" \/><\/p>\n","protected":false},"excerpt":{"rendered":"<p>Confira meus coment\u00e1rios sobre os look que passaram pelo tapete vermelho do jantar da amfar. Dwyane Wade \u2013 A camisa, gravata e cal\u00e7a tons de azul entre o opaco e brilhoso e o blazer com refer\u00eancias ao smoking e com lapela larga em preto deram toda sofistica\u00e7\u00e3o ao look. &nbsp; Viktor e Rolf \u2013 como [&hellip;]<\/p>\n","protected":false},"author":8,"featured_media":36639,"comment_status":"open","ping_status":"open","sticky":false,"template":"","format":"standard","meta":{"jetpack_post_was_ever_published":false,"_jetpack_newsletter_access":"","jetpack_publicize_message":"","jetpack_is_tweetstorm":false,"jetpack_publicize_feature_enabled":true,"jetpack_social_post_already_shared":false,"jetpack_social_options":{"image_generator_settings":{"template":"highway","enabled":false}}},"categories":[6],"tags":[],"jetpack_publicize_connections":[],"jetpack_featured_media_url":"","jetpack_sharing_enabled":true,"jetpack_shortlink":"https:\/\/wp.me\/p3Hz0n-9wT","jetpack_likes_enabled":true,"_links":{"self":[{"href":"https:\/\/agrund.com\/index.php\/wp-json\/wp\/v2\/posts\/36635"}],"collection":[{"href":"https:\/\/agrund.com\/index.php\/wp-json\/wp\/v2\/posts"}],"about":[{"href":"https:\/\/agrund.com\/index.php\/wp-json\/wp\/v2\/types\/post"}],"author":[{"embeddable":true,"href":"https:\/\/agrund.com\/index.php\/wp-json\/wp\/v2\/users\/8"}],"replies":[{"embeddable":true,"href":"https:\/\/agrund.com\/index.php\/wp-json\/wp\/v2\/comments?post=36635"}],"version-history":[{"count":0,"href":"https:\/\/agrund.com\/index.php\/wp-json\/wp\/v2\/posts\/36635\/revisions"}],"wp:featuredmedia":[{"embeddable":true,"href":"https:\/\/agrund.com\/index.php\/wp-json\/"}],"wp:attachment":[{"href":"https:\/\/agrund.com\/index.php\/wp-json\/wp\/v2\/media?parent=36635"}],"wp:term":[{"taxonomy":"category","embeddable":true,"href":"https:\/\/agrund.com\/index.php\/wp-json\/wp\/v2\/categories?post=36635"},{"taxonomy":"post_tag","embeddable":true,"href":"https:\/\/agrund.com\/index.php\/wp-json\/wp\/v2\/tags?post=36635"}],"curies":[{"name":"wp","href":"https:\/\/api.w.org\/{rel}","templated":true}]}}