{"id":36624,"date":"2012-07-02T12:00:19","date_gmt":"2012-07-02T15:00:19","guid":{"rendered":"http:\/\/www.agrund.com\/?p=36624"},"modified":"2012-07-02T12:00:19","modified_gmt":"2012-07-02T15:00:19","slug":"tendencia-abotoamento-duplo","status":"publish","type":"post","link":"https:\/\/agrund.com\/index.php\/tendencia-abotoamento-duplo\/","title":{"rendered":"Tend\u00eancia \u2013 Abotoamento Duplo"},"content":{"rendered":"<p style=\"text-align: right\">Por Fabio Paiva<\/p>\n<p>&nbsp;<\/p>\n<p>Como j\u00e1 falei <a href=\"\/\/www.agrund.com\/abotoamento-duplo\/\">aqui<\/a>,\u00a0o abotoamento duplo apareceu com for\u00e7a total no inverno 2012. \u00a0E nesse ver\u00e3o 2013 ele veio mais forte! S\u00f3 que com uma roupagem nova, mais leve e mais casual. \u00a0As formas foram as mais diversas e cada estilista explorou de um jeito diferente. \u00a0At\u00e9 mesmo coletes chegaram para o ver\u00e3o, mas se voc\u00ea quiser usar essa tend\u00eancia tenha muito cuidado. \u00a0\u00c9 preciso combinar com seu estilo. \u00a0A cartela de cores e estampas est\u00e1 democr\u00e1tica como a modelagem. \u00a0Se no inverno 2012 ele apareceu quase como um traje de gangster, \u00a0para o pr\u00f3ximo ver\u00e3o o abotoamento duplo se revelou. Ele vem mais jovem em tecidos mais atuais e principalmente podendo ser usado durante o dia.<\/p>\n<p>&nbsp;<\/p>\n<div id=\"attachment_36632\" style=\"width: 390px\" class=\"wp-caption aligncenter\"><a class=\"lightbox\" title=\"Tend\u00eancia \u2013 Abotoamento Duplo\" href=\"https:\/\/i0.wp.com\/www.agrund.com\/wp-content\/uploads\/2012\/07\/Salvatore-Ferragamo.jpg\"><img aria-describedby=\"caption-attachment-36632\" decoding=\"async\" loading=\"lazy\" class=\"size-full wp-image-36632\" title=\"Tend\u00eancia \u2013 Abotoamento Duplo\" src=\"https:\/\/i0.wp.com\/www.agrund.com\/wp-content\/uploads\/2012\/07\/Salvatore-Ferragamo.jpg?resize=380%2C570\" alt=\"Salvatore Ferragamo\" width=\"380\" height=\"570\" data-recalc-dims=\"1\" \/><\/a><p id=\"caption-attachment-36632\" class=\"wp-caption-text\">Salvatore Ferragamo<\/p><\/div>\n<div id=\"attachment_36627\" style=\"width: 390px\" class=\"wp-caption aligncenter\"><a class=\"lightbox\" title=\"Tend\u00eancia \u2013 Abotoamento Duplo\" href=\"https:\/\/i0.wp.com\/www.agrund.com\/wp-content\/uploads\/2012\/07\/Giorgio-Armani.jpg\"><img aria-describedby=\"caption-attachment-36627\" decoding=\"async\" loading=\"lazy\" class=\"size-full wp-image-36627\" title=\"Tend\u00eancia \u2013 Abotoamento Duplo\" src=\"https:\/\/i0.wp.com\/www.agrund.com\/wp-content\/uploads\/2012\/07\/Giorgio-Armani.jpg?resize=380%2C570\" alt=\"Giorgio Armani\" width=\"380\" height=\"570\" data-recalc-dims=\"1\" \/><\/a><p id=\"caption-attachment-36627\" class=\"wp-caption-text\">Giorgio Armani<\/p><\/div>\n<div id=\"attachment_36626\" style=\"width: 390px\" class=\"wp-caption aligncenter\"><a class=\"lightbox\" title=\"Tend\u00eancia \u2013 Abotoamento Duplo\" href=\"https:\/\/i0.wp.com\/www.agrund.com\/wp-content\/uploads\/2012\/07\/Emporio-Armani.jpg\"><img aria-describedby=\"caption-attachment-36626\" decoding=\"async\" loading=\"lazy\" class=\"size-full wp-image-36626\" title=\"Tend\u00eancia \u2013 Abotoamento Duplo\" src=\"https:\/\/i0.wp.com\/www.agrund.com\/wp-content\/uploads\/2012\/07\/Emporio-Armani.jpg?resize=380%2C570\" alt=\"Emporio Armani\" width=\"380\" height=\"570\" data-recalc-dims=\"1\" \/><\/a><p id=\"caption-attachment-36626\" class=\"wp-caption-text\">Emporio Armani<\/p><\/div>\n<div id=\"attachment_36625\" style=\"width: 390px\" class=\"wp-caption aligncenter\"><a class=\"lightbox\" title=\"Tend\u00eancia \u2013 Abotoamento Duplo\" href=\"https:\/\/i0.wp.com\/www.agrund.com\/wp-content\/uploads\/2012\/07\/Bottega-Veneta-1.jpg\"><img aria-describedby=\"caption-attachment-36625\" decoding=\"async\" loading=\"lazy\" class=\"size-full wp-image-36625\" title=\"Tend\u00eancia \u2013 Abotoamento Duplo\" src=\"https:\/\/i0.wp.com\/www.agrund.com\/wp-content\/uploads\/2012\/07\/Bottega-Veneta-1.jpg?resize=380%2C570\" alt=\"Bottega Veneta\" width=\"380\" height=\"570\" data-recalc-dims=\"1\" \/><\/a><p id=\"caption-attachment-36625\" class=\"wp-caption-text\">Bottega Veneta<\/p><\/div>\n<div id=\"attachment_36631\" style=\"width: 390px\" class=\"wp-caption aligncenter\"><a class=\"lightbox\" title=\"Tend\u00eancia \u2013 Abotoamento Duplo\" href=\"https:\/\/i0.wp.com\/www.agrund.com\/wp-content\/uploads\/2012\/07\/P-Maisom-Martin-Margiela.jpg\"><img aria-describedby=\"caption-attachment-36631\" decoding=\"async\" loading=\"lazy\" class=\"size-full wp-image-36631\" title=\"Tend\u00eancia \u2013 Abotoamento Duplo\" src=\"https:\/\/i0.wp.com\/www.agrund.com\/wp-content\/uploads\/2012\/07\/P-Maisom-Martin-Margiela.jpg?resize=380%2C570\" alt=\"Paris Fashion Week -  Maisom Martin Margiela\" width=\"380\" height=\"570\" data-recalc-dims=\"1\" \/><\/a><p id=\"caption-attachment-36631\" class=\"wp-caption-text\">Paris Fashion Week &#8211; Maisom Martin Margiela<\/p><\/div>\n<div id=\"attachment_36630\" style=\"width: 390px\" class=\"wp-caption aligncenter\"><a class=\"lightbox\" title=\"Tend\u00eancia \u2013 Abotoamento Duplo\" href=\"https:\/\/i0.wp.com\/www.agrund.com\/wp-content\/uploads\/2012\/07\/P-Hermes.jpg\"><img aria-describedby=\"caption-attachment-36630\" decoding=\"async\" loading=\"lazy\" class=\"size-full wp-image-36630\" title=\"Tend\u00eancia \u2013 Abotoamento Duplo\" src=\"https:\/\/i0.wp.com\/www.agrund.com\/wp-content\/uploads\/2012\/07\/P-Hermes.jpg?resize=380%2C570\" alt=\"Paris Fashion Week - Hermes\" width=\"380\" height=\"570\" data-recalc-dims=\"1\" \/><\/a><p id=\"caption-attachment-36630\" class=\"wp-caption-text\">Paris Fashion Week &#8211; Hermes<\/p><\/div>\n<div id=\"attachment_36629\" style=\"width: 390px\" class=\"wp-caption aligncenter\"><a class=\"lightbox\" title=\"Tend\u00eancia \u2013 Abotoamento Duplo\" href=\"https:\/\/i0.wp.com\/www.agrund.com\/wp-content\/uploads\/2012\/07\/P-Dries-Van-Noten.jpg\"><img aria-describedby=\"caption-attachment-36629\" decoding=\"async\" loading=\"lazy\" class=\"size-full wp-image-36629\" title=\"Tend\u00eancia \u2013 Abotoamento Duplo\" src=\"https:\/\/i0.wp.com\/www.agrund.com\/wp-content\/uploads\/2012\/07\/P-Dries-Van-Noten.jpg?resize=380%2C570\" alt=\"Paris Fashion Week - Dries Van Noten\" width=\"380\" height=\"570\" data-recalc-dims=\"1\" \/><\/a><p id=\"caption-attachment-36629\" class=\"wp-caption-text\">Paris Fashion Week &#8211; Dries Van Noten<\/p><\/div>\n<div id=\"attachment_36628\" style=\"width: 390px\" class=\"wp-caption aligncenter\"><a class=\"lightbox\" title=\"Tend\u00eancia \u2013 Abotoamento Duplo\" href=\"https:\/\/i0.wp.com\/www.agrund.com\/wp-content\/uploads\/2012\/07\/P-Dior-Homme.jpg\"><img aria-describedby=\"caption-attachment-36628\" decoding=\"async\" loading=\"lazy\" class=\"size-full wp-image-36628\" title=\"Tend\u00eancia \u2013 Abotoamento Duplo\" src=\"https:\/\/i0.wp.com\/www.agrund.com\/wp-content\/uploads\/2012\/07\/P-Dior-Homme.jpg?resize=380%2C570\" alt=\"Paris Fashion Week - Dior Homme\" width=\"380\" height=\"570\" data-recalc-dims=\"1\" \/><\/a><p id=\"caption-attachment-36628\" class=\"wp-caption-text\">Paris Fashion Week &#8211; Dior Homme<\/p><\/div>\n<p>&nbsp;<\/p>\n<p>Fotos por Reprodu\u00e7\u00e3o.<\/p>\n<p><img decoding=\"async\" src=\"https:\/\/i0.wp.com\/www.agrund.com\/wp-content\/themes\/FashionPlus\/images\/topo_moda_masculina.jpg\" alt=\"Moda Masculina\" data-recalc-dims=\"1\" \/><\/p>\n","protected":false},"excerpt":{"rendered":"<p>Por Fabio Paiva &nbsp; Como j\u00e1 falei aqui,\u00a0o abotoamento duplo apareceu com for\u00e7a total no inverno 2012. \u00a0E nesse ver\u00e3o 2013 ele veio mais forte! S\u00f3 que com uma roupagem nova, mais leve e mais casual. \u00a0As formas foram as mais diversas e cada estilista explorou de um jeito diferente. \u00a0At\u00e9 mesmo coletes chegaram para [&hellip;]<\/p>\n","protected":false},"author":8,"featured_media":36633,"comment_status":"open","ping_status":"open","sticky":false,"template":"","format":"standard","meta":{"jetpack_post_was_ever_published":false,"_jetpack_newsletter_access":"","jetpack_publicize_message":"","jetpack_is_tweetstorm":false,"jetpack_publicize_feature_enabled":true,"jetpack_social_post_already_shared":false,"jetpack_social_options":{"image_generator_settings":{"template":"highway","enabled":false}}},"categories":[6],"tags":[],"jetpack_publicize_connections":[],"jetpack_featured_media_url":"","jetpack_sharing_enabled":true,"jetpack_shortlink":"https:\/\/wp.me\/p3Hz0n-9wI","jetpack_likes_enabled":true,"_links":{"self":[{"href":"https:\/\/agrund.com\/index.php\/wp-json\/wp\/v2\/posts\/36624"}],"collection":[{"href":"https:\/\/agrund.com\/index.php\/wp-json\/wp\/v2\/posts"}],"about":[{"href":"https:\/\/agrund.com\/index.php\/wp-json\/wp\/v2\/types\/post"}],"author":[{"embeddable":true,"href":"https:\/\/agrund.com\/index.php\/wp-json\/wp\/v2\/users\/8"}],"replies":[{"embeddable":true,"href":"https:\/\/agrund.com\/index.php\/wp-json\/wp\/v2\/comments?post=36624"}],"version-history":[{"count":0,"href":"https:\/\/agrund.com\/index.php\/wp-json\/wp\/v2\/posts\/36624\/revisions"}],"wp:featuredmedia":[{"embeddable":true,"href":"https:\/\/agrund.com\/index.php\/wp-json\/"}],"wp:attachment":[{"href":"https:\/\/agrund.com\/index.php\/wp-json\/wp\/v2\/media?parent=36624"}],"wp:term":[{"taxonomy":"category","embeddable":true,"href":"https:\/\/agrund.com\/index.php\/wp-json\/wp\/v2\/categories?post=36624"},{"taxonomy":"post_tag","embeddable":true,"href":"https:\/\/agrund.com\/index.php\/wp-json\/wp\/v2\/tags?post=36624"}],"curies":[{"name":"wp","href":"https:\/\/api.w.org\/{rel}","templated":true}]}}