{"id":36559,"date":"2012-07-02T10:00:10","date_gmt":"2012-07-02T13:00:10","guid":{"rendered":"http:\/\/www.agrund.com\/?p=36559"},"modified":"2012-07-02T10:00:10","modified_gmt":"2012-07-02T13:00:10","slug":"paris-fashion-week-lanvin-verao-2013-para-homens","status":"publish","type":"post","link":"https:\/\/agrund.com\/index.php\/paris-fashion-week-lanvin-verao-2013-para-homens\/","title":{"rendered":"Paris Fashion Week \u2013 Lanvin Ver\u00e3o 2013 para homens"},"content":{"rendered":"<p>O esporte que Alber Elbaz escolheu tem a ver com \u00e1gua. Tecidos imperme\u00e1veis e modelagem esportiva com tecidos nobre pontuaram a proposta para o ver\u00e3o 2013 da Maison Lanvin. Uma ida aos anos 80 mostra roupas largas, ombros arredondados e muito conforto. A cartela de cores \u00e9 s\u00f3bria, mas pode deixar um surfista sair por ai com um conjunto florido pr\u00e1 l\u00e1 de estiloso! O metalizado faz com que o esportista lembre-se do reflexo da lua no mar<\/p>\n<p>&nbsp;<\/p>\n<div id=\"attachment_36567\" style=\"width: 460px\" class=\"wp-caption aligncenter\"><a class=\"lightbox\" title=\"Paris Fashion Week \u2013 Lanvin Ver\u00e3o 2013 para homens\" href=\"https:\/\/i0.wp.com\/www.agrund.com\/wp-content\/uploads\/2012\/07\/Lanv-8.jpg\"><img aria-describedby=\"caption-attachment-36567\" decoding=\"async\" loading=\"lazy\" class=\"size-full wp-image-36567\" title=\"Paris Fashion Week \u2013 Lanvin Ver\u00e3o 2013 para homens\" src=\"https:\/\/i0.wp.com\/www.agrund.com\/wp-content\/uploads\/2012\/07\/Lanv-8.jpg?resize=450%2C675\" alt=\"Paris Fashion Week \u2013 Lanvin Ver\u00e3o 2013 para homens\" width=\"450\" height=\"675\" data-recalc-dims=\"1\" \/><\/a><p id=\"caption-attachment-36567\" class=\"wp-caption-text\">Paris Fashion Week \u2013 Lanvin Ver\u00e3o 2013 para homens<\/p><\/div>\n<div id=\"attachment_36566\" style=\"width: 460px\" class=\"wp-caption aligncenter\"><a class=\"lightbox\" title=\"Paris Fashion Week \u2013 Lanvin Ver\u00e3o 2013 para homens\" href=\"https:\/\/i0.wp.com\/www.agrund.com\/wp-content\/uploads\/2012\/07\/Lanv-7.jpg\"><img aria-describedby=\"caption-attachment-36566\" decoding=\"async\" loading=\"lazy\" class=\"size-full wp-image-36566\" title=\"Paris Fashion Week \u2013 Lanvin Ver\u00e3o 2013 para homens\" src=\"https:\/\/i0.wp.com\/www.agrund.com\/wp-content\/uploads\/2012\/07\/Lanv-7.jpg?resize=450%2C675\" alt=\"Paris Fashion Week \u2013 Lanvin Ver\u00e3o 2013 para homens\" width=\"450\" height=\"675\" data-recalc-dims=\"1\" \/><\/a><p id=\"caption-attachment-36566\" class=\"wp-caption-text\">Paris Fashion Week \u2013 Lanvin Ver\u00e3o 2013 para homens<\/p><\/div>\n<div id=\"attachment_36565\" style=\"width: 460px\" class=\"wp-caption aligncenter\"><a class=\"lightbox\" title=\"Paris Fashion Week \u2013 Lanvin Ver\u00e3o 2013 para homens\" href=\"https:\/\/i0.wp.com\/www.agrund.com\/wp-content\/uploads\/2012\/07\/Lanv-6.jpg\"><img aria-describedby=\"caption-attachment-36565\" decoding=\"async\" loading=\"lazy\" class=\"size-full wp-image-36565\" title=\"Paris Fashion Week \u2013 Lanvin Ver\u00e3o 2013 para homens\" src=\"https:\/\/i0.wp.com\/www.agrund.com\/wp-content\/uploads\/2012\/07\/Lanv-6.jpg?resize=450%2C675\" alt=\"Paris Fashion Week \u2013 Lanvin Ver\u00e3o 2013 para homens\" width=\"450\" height=\"675\" data-recalc-dims=\"1\" \/><\/a><p id=\"caption-attachment-36565\" class=\"wp-caption-text\">Paris Fashion Week \u2013 Lanvin Ver\u00e3o 2013 para homens<\/p><\/div>\n<div id=\"attachment_36564\" style=\"width: 460px\" class=\"wp-caption aligncenter\"><a class=\"lightbox\" title=\"Paris Fashion Week \u2013 Lanvin Ver\u00e3o 2013 para homens\" href=\"https:\/\/i0.wp.com\/www.agrund.com\/wp-content\/uploads\/2012\/07\/Lanv-5.jpg\"><img aria-describedby=\"caption-attachment-36564\" decoding=\"async\" loading=\"lazy\" class=\"size-full wp-image-36564\" title=\"Paris Fashion Week \u2013 Lanvin Ver\u00e3o 2013 para homens\" src=\"https:\/\/i0.wp.com\/www.agrund.com\/wp-content\/uploads\/2012\/07\/Lanv-5.jpg?resize=450%2C675\" alt=\"Paris Fashion Week \u2013 Lanvin Ver\u00e3o 2013 para homens\" width=\"450\" height=\"675\" data-recalc-dims=\"1\" \/><\/a><p id=\"caption-attachment-36564\" class=\"wp-caption-text\">Paris Fashion Week \u2013 Lanvin Ver\u00e3o 2013 para homens<\/p><\/div>\n<div id=\"attachment_36563\" style=\"width: 460px\" class=\"wp-caption aligncenter\"><a class=\"lightbox\" title=\"Paris Fashion Week \u2013 Lanvin Ver\u00e3o 2013 para homens\" href=\"https:\/\/i0.wp.com\/www.agrund.com\/wp-content\/uploads\/2012\/07\/Lanv-4.jpg\"><img aria-describedby=\"caption-attachment-36563\" decoding=\"async\" loading=\"lazy\" class=\"size-full wp-image-36563\" title=\"Paris Fashion Week \u2013 Lanvin Ver\u00e3o 2013 para homens\" src=\"https:\/\/i0.wp.com\/www.agrund.com\/wp-content\/uploads\/2012\/07\/Lanv-4.jpg?resize=450%2C675\" alt=\"Paris Fashion Week \u2013 Lanvin Ver\u00e3o 2013 para homens\" width=\"450\" height=\"675\" data-recalc-dims=\"1\" \/><\/a><p id=\"caption-attachment-36563\" class=\"wp-caption-text\">Paris Fashion Week \u2013 Lanvin Ver\u00e3o 2013 para homens<\/p><\/div>\n<div id=\"attachment_36562\" style=\"width: 460px\" class=\"wp-caption aligncenter\"><a class=\"lightbox\" title=\"Paris Fashion Week \u2013 Lanvin Ver\u00e3o 2013 para homens\" href=\"https:\/\/i0.wp.com\/www.agrund.com\/wp-content\/uploads\/2012\/07\/Lanv-3.jpg\"><img aria-describedby=\"caption-attachment-36562\" decoding=\"async\" loading=\"lazy\" class=\"size-full wp-image-36562\" title=\"Paris Fashion Week \u2013 Lanvin Ver\u00e3o 2013 para homens\" src=\"https:\/\/i0.wp.com\/www.agrund.com\/wp-content\/uploads\/2012\/07\/Lanv-3.jpg?resize=450%2C675\" alt=\"Paris Fashion Week \u2013 Lanvin Ver\u00e3o 2013 para homens\" width=\"450\" height=\"675\" data-recalc-dims=\"1\" \/><\/a><p id=\"caption-attachment-36562\" class=\"wp-caption-text\">Paris Fashion Week \u2013 Lanvin Ver\u00e3o 2013 para homens<\/p><\/div>\n<div id=\"attachment_36561\" style=\"width: 460px\" class=\"wp-caption aligncenter\"><a class=\"lightbox\" title=\"Paris Fashion Week \u2013 Lanvin Ver\u00e3o 2013 para homens\" href=\"https:\/\/i0.wp.com\/www.agrund.com\/wp-content\/uploads\/2012\/07\/Lanv-2.jpg\"><img aria-describedby=\"caption-attachment-36561\" decoding=\"async\" loading=\"lazy\" class=\"size-full wp-image-36561\" title=\"Paris Fashion Week \u2013 Lanvin Ver\u00e3o 2013 para homens\" src=\"https:\/\/i0.wp.com\/www.agrund.com\/wp-content\/uploads\/2012\/07\/Lanv-2.jpg?resize=450%2C675\" alt=\"Paris Fashion Week \u2013 Lanvin Ver\u00e3o 2013 para homens\" width=\"450\" height=\"675\" data-recalc-dims=\"1\" \/><\/a><p id=\"caption-attachment-36561\" class=\"wp-caption-text\">Paris Fashion Week \u2013 Lanvin Ver\u00e3o 2013 para homens<\/p><\/div>\n<div id=\"attachment_36560\" style=\"width: 460px\" class=\"wp-caption aligncenter\"><a class=\"lightbox\" title=\"Paris Fashion Week \u2013 Lanvin Ver\u00e3o 2013 para homens\" href=\"https:\/\/i0.wp.com\/www.agrund.com\/wp-content\/uploads\/2012\/07\/Lanv-1.jpg\"><img aria-describedby=\"caption-attachment-36560\" decoding=\"async\" loading=\"lazy\" class=\"size-full wp-image-36560\" title=\"Paris Fashion Week \u2013 Lanvin Ver\u00e3o 2013 para homens\" src=\"https:\/\/i0.wp.com\/www.agrund.com\/wp-content\/uploads\/2012\/07\/Lanv-1.jpg?resize=450%2C675\" alt=\"Paris Fashion Week \u2013 Lanvin Ver\u00e3o 2013 para homens\" width=\"450\" height=\"675\" data-recalc-dims=\"1\" \/><\/a><p id=\"caption-attachment-36560\" class=\"wp-caption-text\">Paris Fashion Week \u2013 Lanvin Ver\u00e3o 2013 para homens<\/p><\/div>\n<p>Fotos por Reprodu\u00e7\u00e3o.<\/p>\n","protected":false},"excerpt":{"rendered":"<p>O esporte que Alber Elbaz escolheu tem a ver com \u00e1gua. Tecidos imperme\u00e1veis e modelagem esportiva com tecidos nobre pontuaram a proposta para o ver\u00e3o 2013 da Maison Lanvin. Uma ida aos anos 80 mostra roupas largas, ombros arredondados e muito conforto. A cartela de cores \u00e9 s\u00f3bria, mas pode deixar um surfista sair por [&hellip;]<\/p>\n","protected":false},"author":8,"featured_media":36568,"comment_status":"open","ping_status":"open","sticky":false,"template":"","format":"standard","meta":{"jetpack_post_was_ever_published":false,"_jetpack_newsletter_access":"","jetpack_publicize_message":"","jetpack_is_tweetstorm":false,"jetpack_publicize_feature_enabled":true,"jetpack_social_post_already_shared":false,"jetpack_social_options":{"image_generator_settings":{"template":"highway","enabled":false}}},"categories":[6],"tags":[],"jetpack_publicize_connections":[],"jetpack_featured_media_url":"","jetpack_sharing_enabled":true,"jetpack_shortlink":"https:\/\/wp.me\/p3Hz0n-9vF","jetpack_likes_enabled":true,"_links":{"self":[{"href":"https:\/\/agrund.com\/index.php\/wp-json\/wp\/v2\/posts\/36559"}],"collection":[{"href":"https:\/\/agrund.com\/index.php\/wp-json\/wp\/v2\/posts"}],"about":[{"href":"https:\/\/agrund.com\/index.php\/wp-json\/wp\/v2\/types\/post"}],"author":[{"embeddable":true,"href":"https:\/\/agrund.com\/index.php\/wp-json\/wp\/v2\/users\/8"}],"replies":[{"embeddable":true,"href":"https:\/\/agrund.com\/index.php\/wp-json\/wp\/v2\/comments?post=36559"}],"version-history":[{"count":0,"href":"https:\/\/agrund.com\/index.php\/wp-json\/wp\/v2\/posts\/36559\/revisions"}],"wp:featuredmedia":[{"embeddable":true,"href":"https:\/\/agrund.com\/index.php\/wp-json\/"}],"wp:attachment":[{"href":"https:\/\/agrund.com\/index.php\/wp-json\/wp\/v2\/media?parent=36559"}],"wp:term":[{"taxonomy":"category","embeddable":true,"href":"https:\/\/agrund.com\/index.php\/wp-json\/wp\/v2\/categories?post=36559"},{"taxonomy":"post_tag","embeddable":true,"href":"https:\/\/agrund.com\/index.php\/wp-json\/wp\/v2\/tags?post=36559"}],"curies":[{"name":"wp","href":"https:\/\/api.w.org\/{rel}","templated":true}]}}